
{"id":5,"date":"2017-03-30T09:37:03","date_gmt":"2017-03-30T07:37:03","guid":{"rendered":"https:\/\/lartorget.goteborg.se\/\/sprakskatten\/?p=5"},"modified":"2024-04-16T15:59:53","modified_gmt":"2024-04-16T13:59:53","slug":"mio-min-mio","status":"publish","type":"post","link":"https:\/\/lartorget.goteborg.se\/sprakskatten\/2017\/03\/30\/mio-min-mio\/","title":{"rendered":"Mio min Mio"},"content":{"rendered":"<p>N\u00e4r jag b\u00f6rjade arbeta p\u00e5 en ny skola i ett nytt omr\u00e5de, Biskopsg\u00e5rden, utmanades min undervisning p\u00e5 nytt. Det som fungerat i alla andra ettor jag haft fungerade inte lika sj\u00e4lvklart i min nya klass som i stort sett bara bestod av elever med sva och flera nyanl\u00e4nda. Glatt tog jag fram en kapitelbok som alla elever alltid tidigare \u00e4lskat, <em>\u00d6nskestj\u00e4rnan<\/em> av Ingelin Angerborn. Jag f\u00f6rberedde l\u00e4sningen noggrant som jag brukar och b\u00f6rjade h\u00f6gl\u00e4sa. Jag stannade upp, t\u00e4nkte h\u00f6gt, modellerade och l\u00e4t eleverna diskutera tv\u00e5 och tv\u00e5. \u00c4nd\u00e5 m\u00e4rkte jag snart att koncentrationen saknades, m\u00e5nga f\u00f6rstod inte och ingen verkade gilla boken. Det som ist\u00e4llet fungerade utm\u00e4rkt var bilderb\u00f6cker.<\/p>\n<p>D\u00e4rf\u00f6r har vi l\u00e4st bilderb\u00f6cker tillsammans under hela \u00e5r ett och \u00e4ven mycket i b\u00f6rjan p\u00e5 \u00e5r tv\u00e5. Jag \u00e4lskar bilderb\u00f6cker och f\u00f6r sva-elever (och f\u00f6r alla elever) \u00e4r bilderna ett stort st\u00f6d f\u00f6r f\u00f6rst\u00e5elsen och en k\u00e4lla till mycket diskussioner, funderingar och djupa tankar. Bilderb\u00f6cker kan man arbeta med l\u00e5ngt upp i \u00e5ldrarna och jag har tidigare, till exempel l\u00e4st Benny-b\u00f6cker f\u00f6r mellanstadieelever och d\u00e5 haft fantastiska diskussioner kring dessa.<\/p>\n<p>I b\u00f6rjan p\u00e5 \u00e5r tv\u00e5 diskuterade vi i klassen vid ett tillf\u00e4lle k\u00e4nda f\u00f6rfattare och jag ber\u00e4ttade om Astrid Lindgren, min barndoms stora idol, och om n\u00e5gra av hennes b\u00f6cker. Tillsammans hade vi redan l\u00e4st om b\u00e5de Pippi och Emil (som finns som bilderb\u00f6cker) men barnen blev s\u00e5 fascinerade n\u00e4r jag ber\u00e4ttade om <em>Mio min Mio<\/em> och <em>Br\u00f6derna Lejonhj\u00e4rta<\/em>. De fr\u00e5gade om vi inte kunde l\u00e4sa n\u00e5gon av dem tillsammans. Jag blev s\u00e5 klart glad att de ville, men funderade ett tag innan vi satte ig\u00e5ng p\u00e5 hur det skulle g\u00e5 att genomf\u00f6ra.<\/p>\n<p>Jag har tidigare l\u00e4st <em>Mio min Mio<\/em> f\u00f6r \u201dursvenska\u201d elever och d\u00e5 f\u00e5tt \u00e4gna mycket tid \u00e5t att f\u00f6rklara ord, sammanhang med mera. Hur skulle jag g\u00f6ra f\u00f6r att mina nuvarande elever ocks\u00e5 skulle kunna ta till sig denna fantastiska saga utan att beh\u00f6va hacka s\u00f6nder hela boken genom att beh\u00f6va stanna upp konstant och kanske p\u00e5 s\u00e5 s\u00e4tt f\u00f6rlora sammanhanget? Att f\u00f6renkla f\u00f6r mycket \u00e4r ju heller inget som utvecklar elevernas l\u00e4rande, s\u00e5 det ville jag heller inte \u00e4gna mig \u00e5t.<\/p>\n<p>S\u00e5 h\u00e4r gjorde jag: F\u00f6re l\u00e4sningen ber\u00e4ttade jag mycket om boken, om karakt\u00e4rerna och som en del kanske kan tycka, f\u00f6rst\u00f6rde sp\u00e4nningen genom att ber\u00e4tta i stora drag vad som skulle h\u00e4nda (fast i detta fall blev det inte alls n\u00e5got som f\u00f6rst\u00f6rde, tv\u00e4rt om). Alla sv\u00e5ra ord d\u00e5? F\u00f6re varje l\u00e4sstund gick jag igenom viktiga ord som jag kunde lista ut skulle vara sv\u00e5ra (till exempel: mantel, pilsnerflaska, hovar, galopp med mera) och under l\u00e4sningen var eleverna duktiga p\u00e5 att fr\u00e5ga om det var n\u00e5got de undrade \u00f6ver.<\/p>\n<p>En del ord (som jag vet att de inte kunde) f\u00f6rblev of\u00f6rklarade men eleverna f\u00f6rstod \u00e4nd\u00e5 sammanhanget. Vissa korta partier i b\u00f6rjan av boken ber\u00e4ttade jag ist\u00e4llet f\u00f6r att l\u00e4sa. Det g\u00e4llde en del l\u00e4ngre milj\u00f6beskrivningar och d\u00e5 hade eleverna \u00e4nnu inte f\u00e5ngats helt av ber\u00e4ttelsen och kommit in i spr\u00e5ket. Senare i boken var detta inte n\u00e5got problem. Vi gjorde ocks\u00e5 en tidslinje \u00f6ver handlingen:<\/p>\n<p><img loading=\"lazy\" decoding=\"async\" class=\"size-full wp-image-28 aligncenter\" src=\"https:\/\/lartorget.goteborg.se\/\/sprakskatten\/wp-content\/uploads\/sites\/9\/2017\/03\/tidslinje-2.jpg\" alt=\"tidslinje\" width=\"605\" height=\"245\" srcset=\"https:\/\/lartorget.goteborg.se\/sprakskatten\/wp-content\/uploads\/sites\/9\/2017\/03\/tidslinje-2.jpg 605w, https:\/\/lartorget.goteborg.se\/sprakskatten\/wp-content\/uploads\/sites\/9\/2017\/03\/tidslinje-2-300x121.jpg 300w, https:\/\/lartorget.goteborg.se\/sprakskatten\/wp-content\/uploads\/sites\/9\/2017\/03\/tidslinje-2-360x146.jpg 360w, https:\/\/lartorget.goteborg.se\/sprakskatten\/wp-content\/uploads\/sites\/9\/2017\/03\/tidslinje-2-531x215.jpg 531w, https:\/\/lartorget.goteborg.se\/sprakskatten\/wp-content\/uploads\/sites\/9\/2017\/03\/tidslinje-2-350x142.jpg 350w, https:\/\/lartorget.goteborg.se\/sprakskatten\/wp-content\/uploads\/sites\/9\/2017\/03\/tidslinje-2-260x105.jpg 260w\" sizes=\"auto, (max-width: 605px) 100vw, 605px\" \/><\/p>\n<p>Inf\u00f6r varje l\u00e4sstund \u00e5terber\u00e4ttade vi ocks\u00e5 handlingen tillsammans. Eleverna blev fantastiskt duktiga p\u00e5 detta. En del elever tittade p\u00e5 filmen hemma (den finns p\u00e5 youtube) och blev hj\u00e4lpta av detta. En del av dem som tittade p\u00e5 filmen h\u00f6ll sig strikt till var vi hade kommit i boken och tittade vidare en bit varje dag medan andra tittade p\u00e5 hela direkt.<\/p>\n<p>Vi jobbade ocks\u00e5 en del med \u201dljudeffekter\u201d till orden f\u00f6r att de skulle s\u00e4tta sig b\u00e4ttre. Till exempel n\u00e4r jag l\u00e4ste ordet galopp gjorde eleverna galoppljud och n\u00e4r jag l\u00e4ste ordet mantel sa alla \u201dsuperman\u201d. En del ord visade jag bilder till f\u00f6r att kunna f\u00f6rklara dem l\u00e4ttare, till exempel v\u00e4vstol och v\u00e4verska.<\/p>\n<p>Jag anv\u00e4nde ocks\u00e5 h\u00f6gl\u00e4sningen av <em>Mio min Mio<\/em> som utg\u00e5ngspunkt i m\u00e5nga av de minilektioner kring l\u00e4sning som jag hade under perioden. M\u00e5nga av lektionerna handlade om att utveckla elevernas inre bilder och jag modellerade d\u00e5 med hj\u00e4lp av v\u00e5r h\u00f6gl\u00e4sningsbok. Jag l\u00e4t ocks\u00e5 eleverna tr\u00e4na tv\u00e5 och tv\u00e5 med hj\u00e4lp av denna innan de fick tr\u00e4na i sina egna b\u00f6cker under den egna l\u00e4sningen. \u00c4ven detta bidrog nog till ett st\u00f6rre sammanhang och till en b\u00e4ttre f\u00f6rst\u00e5else.<\/p>\n<p><img loading=\"lazy\" decoding=\"async\" class=\"size-full wp-image-24 alignright\" src=\"https:\/\/lartorget.goteborg.se\/\/sprakskatten\/wp-content\/uploads\/sites\/9\/2017\/03\/inre-bilder-2.jpg\" alt=\"inre-bilder\" width=\"314\" height=\"419\" srcset=\"https:\/\/lartorget.goteborg.se\/sprakskatten\/wp-content\/uploads\/sites\/9\/2017\/03\/inre-bilder-2.jpg 314w, https:\/\/lartorget.goteborg.se\/sprakskatten\/wp-content\/uploads\/sites\/9\/2017\/03\/inre-bilder-2-225x300.jpg 225w, https:\/\/lartorget.goteborg.se\/sprakskatten\/wp-content\/uploads\/sites\/9\/2017\/03\/inre-bilder-2-260x347.jpg 260w\" sizes=\"auto, (max-width: 314px) 100vw, 314px\" \/><\/p>\n<p>Som l\u00e4rare har jag f\u00e5tt uppleva en stor utveckling hos mina elever med hj\u00e4lp av <em>Mio min Mio<\/em>. Gl\u00e4djen i mig n\u00e4r en elev helt pl\u00f6tsligt b\u00f6rjade komma i tid till skolan f\u00f6r att hen inte ville missa <em>Mio min Mio<\/em> g\u00e5r inte att beskriva som annat \u00e4n ett lyckorus.<\/p>\n<p>Stoltheten jag k\u00e4nt n\u00e4r eleverna s\u00e5 tr\u00e4ffs\u00e4kert kunnat \u00e5terber\u00e4tta handlingen inf\u00f6r varje l\u00e4sstund \u00e4r stor och tillsammans har vi tagit stora steg fram\u00e5t. Att f\u00e5 h\u00f6ra eleverna s\u00e4ga \u201dsn\u00e4lla forts\u00e4tt l\u00e4s\u201d och att f\u00e5 lyssna till deras ber\u00e4ttelser om att de ber\u00e4ttat sagan f\u00f6r b\u00e5de syskon och f\u00f6r\u00e4ldrar hemma har varit ren lycka.<\/p>\n<p>N\u00e4r mina elever i slutet av boken st\u00e4llde fr\u00e5gorna: Varf\u00f6r ville riddar Kato d\u00f6? Vem var egentligen den lilla f\u00e5geln i f\u00f6nstret? och Hur kunde Astrid Lindgren komma p\u00e5 allt? k\u00e4ndes det stort. Att sedan h\u00f6ra dem resonera och utveckla tankarna kring dessa fr\u00e5gor \u00e4r nog n\u00e5got jag kommer beh\u00e5lla i mitt l\u00e4rarhj\u00e4rta f\u00f6r all framtid. Vi har visat att vi tillsammans kan klara mycket och med r\u00e4tt st\u00f6ttning tror jag att vi klarar vilken bok som helst.<\/p>\n<p><img loading=\"lazy\" decoding=\"async\" class=\"size-full wp-image-20 alignleft\" src=\"https:\/\/lartorget.goteborg.se\/\/sprakskatten\/wp-content\/uploads\/sites\/9\/2017\/03\/Varf\u00f6r_vem-1.jpg\" alt=\"varfor_vem\" width=\"645\" height=\"484\" srcset=\"https:\/\/lartorget.goteborg.se\/sprakskatten\/wp-content\/uploads\/sites\/9\/2017\/03\/Varf\u00f6r_vem-1.jpg 645w, https:\/\/lartorget.goteborg.se\/sprakskatten\/wp-content\/uploads\/sites\/9\/2017\/03\/Varf\u00f6r_vem-1-300x225.jpg 300w, https:\/\/lartorget.goteborg.se\/sprakskatten\/wp-content\/uploads\/sites\/9\/2017\/03\/Varf\u00f6r_vem-1-360x270.jpg 360w, https:\/\/lartorget.goteborg.se\/sprakskatten\/wp-content\/uploads\/sites\/9\/2017\/03\/Varf\u00f6r_vem-1-531x398.jpg 531w, https:\/\/lartorget.goteborg.se\/sprakskatten\/wp-content\/uploads\/sites\/9\/2017\/03\/Varf\u00f6r_vem-1-350x263.jpg 350w, https:\/\/lartorget.goteborg.se\/sprakskatten\/wp-content\/uploads\/sites\/9\/2017\/03\/Varf\u00f6r_vem-1-260x195.jpg 260w\" sizes=\"auto, (max-width: 645px) 100vw, 645px\" \/><\/p>\n","protected":false},"excerpt":{"rendered":"<p>Detta blir mitt f\u00f6rsta inl\u00e4gg p\u00e5 Pedagog G\u00f6teborg. Vill du l\u00e4sa mina tidigare inl\u00e4gg om spr\u00e5kutvecklande undervisning kan du g\u00f6ra det h\u00e4r: www.sprakskatten.se Du f\u00e5r g\u00e4rna l\u00e4mna kommentarer och fr\u00e5gor till mina blogginl\u00e4gg. Jag svarar s\u00e5 fort jag kan.<\/p>\n","protected":false},"author":26,"featured_media":34,"comment_status":"open","ping_status":"open","sticky":false,"template":"","format":"standard","meta":{"_acf_changed":false,"footnotes":""},"categories":[318,276,38,30,60],"coauthors":[106],"class_list":["post-5","post","type-post","status-publish","format-standard","has-post-thumbnail","hentry","category-interkulturellt-forhallningssatt","category-grundskola","category-grundskola-1-3","category-sprakutveckling","category-svenska-som-andrasprak"],"acf":[],"yoast_head":"<!-- This site is optimized with the Yoast SEO plugin v27.5 - https:\/\/yoast.com\/product\/yoast-seo-wordpress\/ -->\n<title>Mio min Mio - Spr\u00e5kskatten<\/title>\n<meta name=\"robots\" content=\"index, follow, max-snippet:-1, max-image-preview:large, max-video-preview:-1\" \/>\n<link rel=\"canonical\" href=\"https:\/\/lartorget.goteborg.se\/sprakskatten\/2017\/03\/30\/mio-min-mio\/\" \/>\n<meta property=\"og:locale\" content=\"sv_SE\" \/>\n<meta property=\"og:type\" content=\"article\" \/>\n<meta property=\"og:title\" content=\"Mio min Mio - Spr\u00e5kskatten\" \/>\n<meta property=\"og:description\" content=\"Detta blir mitt f\u00f6rsta inl\u00e4gg p\u00e5 Pedagog G\u00f6teborg. Vill du l\u00e4sa mina tidigare inl\u00e4gg om spr\u00e5kutvecklande undervisning kan du g\u00f6ra det h\u00e4r: www.sprakskatten.se Du f\u00e5r g\u00e4rna l\u00e4mna kommentarer och fr\u00e5gor till mina blogginl\u00e4gg. Jag svarar s\u00e5 fort jag kan.\" \/>\n<meta property=\"og:url\" content=\"https:\/\/lartorget.goteborg.se\/sprakskatten\/2017\/03\/30\/mio-min-mio\/\" \/>\n<meta property=\"og:site_name\" content=\"Spr\u00e5kskatten\" \/>\n<meta property=\"article:published_time\" content=\"2017-03-30T07:37:03+00:00\" \/>\n<meta property=\"article:modified_time\" content=\"2024-04-16T13:59:53+00:00\" \/>\n<meta property=\"og:image\" content=\"https:\/\/lartorget.goteborg.se\/sprakskatten\/wp-content\/uploads\/sites\/9\/2017\/03\/castle-2064013_640.jpg\" \/>\n\t<meta property=\"og:image:width\" content=\"640\" \/>\n\t<meta property=\"og:image:height\" content=\"360\" \/>\n\t<meta property=\"og:image:type\" content=\"image\/jpeg\" \/>\n<meta name=\"author\" content=\"Anna M\u00e5nsson Nylund\" \/>\n<meta name=\"twitter:card\" content=\"summary_large_image\" \/>\n<meta name=\"twitter:label1\" content=\"Skriven av\" \/>\n\t<meta name=\"twitter:data1\" content=\"Anna M\u00e5nsson Nylund\" \/>\n\t<meta name=\"twitter:label2\" content=\"Ber\u00e4knad l\u00e4stid\" \/>\n\t<meta name=\"twitter:data2\" content=\"6 minuter\" \/>\n<script type=\"application\/ld+json\" class=\"yoast-schema-graph\">{\"@context\":\"https:\\\/\\\/schema.org\",\"@graph\":[{\"@type\":\"Article\",\"@id\":\"https:\\\/\\\/lartorget.goteborg.se\\\/sprakskatten\\\/2017\\\/03\\\/30\\\/mio-min-mio\\\/#article\",\"isPartOf\":{\"@id\":\"https:\\\/\\\/lartorget.goteborg.se\\\/sprakskatten\\\/2017\\\/03\\\/30\\\/mio-min-mio\\\/\"},\"author\":{\"name\":\"Anna M\u00e5nsson Nylund\",\"@id\":\"https:\\\/\\\/lartorget.goteborg.se\\\/sprakskatten\\\/#\\\/schema\\\/person\\\/fe5a3c5bb7d13e65abf65c8613828c8c\"},\"headline\":\"Mio min Mio\",\"datePublished\":\"2017-03-30T07:37:03+00:00\",\"dateModified\":\"2024-04-16T13:59:53+00:00\",\"mainEntityOfPage\":{\"@id\":\"https:\\\/\\\/lartorget.goteborg.se\\\/sprakskatten\\\/2017\\\/03\\\/30\\\/mio-min-mio\\\/\"},\"wordCount\":1076,\"commentCount\":2,\"image\":{\"@id\":\"https:\\\/\\\/lartorget.goteborg.se\\\/sprakskatten\\\/2017\\\/03\\\/30\\\/mio-min-mio\\\/#primaryimage\"},\"thumbnailUrl\":\"https:\\\/\\\/lartorget.goteborg.se\\\/sprakskatten\\\/wp-content\\\/uploads\\\/sites\\\/9\\\/2017\\\/03\\\/castle-2064013_640.jpg\",\"articleSection\":[\"Flerspr\u00e5kighet och interkulturellt f\u00f6rh\u00e5llningss\u00e4tt\",\"Grundskola\",\"Grundskola 1-3\",\"Spr\u00e5kutveckling\",\"Svenska som andraspr\u00e5k\"],\"inLanguage\":\"sv-SE\",\"potentialAction\":[{\"@type\":\"CommentAction\",\"name\":\"Comment\",\"target\":[\"https:\\\/\\\/lartorget.goteborg.se\\\/sprakskatten\\\/2017\\\/03\\\/30\\\/mio-min-mio\\\/#respond\"]}]},{\"@type\":\"WebPage\",\"@id\":\"https:\\\/\\\/lartorget.goteborg.se\\\/sprakskatten\\\/2017\\\/03\\\/30\\\/mio-min-mio\\\/\",\"url\":\"https:\\\/\\\/lartorget.goteborg.se\\\/sprakskatten\\\/2017\\\/03\\\/30\\\/mio-min-mio\\\/\",\"name\":\"Mio min Mio - Spr\u00e5kskatten\",\"isPartOf\":{\"@id\":\"https:\\\/\\\/lartorget.goteborg.se\\\/sprakskatten\\\/#website\"},\"primaryImageOfPage\":{\"@id\":\"https:\\\/\\\/lartorget.goteborg.se\\\/sprakskatten\\\/2017\\\/03\\\/30\\\/mio-min-mio\\\/#primaryimage\"},\"image\":{\"@id\":\"https:\\\/\\\/lartorget.goteborg.se\\\/sprakskatten\\\/2017\\\/03\\\/30\\\/mio-min-mio\\\/#primaryimage\"},\"thumbnailUrl\":\"https:\\\/\\\/lartorget.goteborg.se\\\/sprakskatten\\\/wp-content\\\/uploads\\\/sites\\\/9\\\/2017\\\/03\\\/castle-2064013_640.jpg\",\"datePublished\":\"2017-03-30T07:37:03+00:00\",\"dateModified\":\"2024-04-16T13:59:53+00:00\",\"author\":{\"@id\":\"https:\\\/\\\/lartorget.goteborg.se\\\/sprakskatten\\\/#\\\/schema\\\/person\\\/fe5a3c5bb7d13e65abf65c8613828c8c\"},\"breadcrumb\":{\"@id\":\"https:\\\/\\\/lartorget.goteborg.se\\\/sprakskatten\\\/2017\\\/03\\\/30\\\/mio-min-mio\\\/#breadcrumb\"},\"inLanguage\":\"sv-SE\",\"potentialAction\":[{\"@type\":\"ReadAction\",\"target\":[\"https:\\\/\\\/lartorget.goteborg.se\\\/sprakskatten\\\/2017\\\/03\\\/30\\\/mio-min-mio\\\/\"]}]},{\"@type\":\"ImageObject\",\"inLanguage\":\"sv-SE\",\"@id\":\"https:\\\/\\\/lartorget.goteborg.se\\\/sprakskatten\\\/2017\\\/03\\\/30\\\/mio-min-mio\\\/#primaryimage\",\"url\":\"https:\\\/\\\/lartorget.goteborg.se\\\/sprakskatten\\\/wp-content\\\/uploads\\\/sites\\\/9\\\/2017\\\/03\\\/castle-2064013_640.jpg\",\"contentUrl\":\"https:\\\/\\\/lartorget.goteborg.se\\\/sprakskatten\\\/wp-content\\\/uploads\\\/sites\\\/9\\\/2017\\\/03\\\/castle-2064013_640.jpg\",\"width\":640,\"height\":360},{\"@type\":\"BreadcrumbList\",\"@id\":\"https:\\\/\\\/lartorget.goteborg.se\\\/sprakskatten\\\/2017\\\/03\\\/30\\\/mio-min-mio\\\/#breadcrumb\",\"itemListElement\":[{\"@type\":\"ListItem\",\"position\":1,\"name\":\"Home\",\"item\":\"https:\\\/\\\/lartorget.goteborg.se\\\/sprakskatten\\\/\"},{\"@type\":\"ListItem\",\"position\":2,\"name\":\"Mio min Mio\"}]},{\"@type\":\"WebSite\",\"@id\":\"https:\\\/\\\/lartorget.goteborg.se\\\/sprakskatten\\\/#website\",\"url\":\"https:\\\/\\\/lartorget.goteborg.se\\\/sprakskatten\\\/\",\"name\":\"Spr\u00e5kskatten\",\"description\":\"En till Pedagogen Gbg-webbplatser webbplats\",\"potentialAction\":[{\"@type\":\"SearchAction\",\"target\":{\"@type\":\"EntryPoint\",\"urlTemplate\":\"https:\\\/\\\/lartorget.goteborg.se\\\/sprakskatten\\\/?s={search_term_string}\"},\"query-input\":{\"@type\":\"PropertyValueSpecification\",\"valueRequired\":true,\"valueName\":\"search_term_string\"}}],\"inLanguage\":\"sv-SE\"},{\"@type\":\"Person\",\"@id\":\"https:\\\/\\\/lartorget.goteborg.se\\\/sprakskatten\\\/#\\\/schema\\\/person\\\/fe5a3c5bb7d13e65abf65c8613828c8c\",\"name\":\"Anna M\u00e5nsson Nylund\",\"image\":{\"@type\":\"ImageObject\",\"inLanguage\":\"sv-SE\",\"@id\":\"https:\\\/\\\/lartorget.goteborg.se\\\/sprakskatten\\\/wp-content\\\/uploads\\\/Profilbilder-medarbetare\\\/annamanssonnylund.jpg95844072c7ef89df82da9a930a6cedc4\",\"url\":\"https:\\\/\\\/lartorget.goteborg.se\\\/sprakskatten\\\/wp-content\\\/uploads\\\/Profilbilder-medarbetare\\\/annamanssonnylund.jpg\",\"contentUrl\":\"https:\\\/\\\/lartorget.goteborg.se\\\/sprakskatten\\\/wp-content\\\/uploads\\\/Profilbilder-medarbetare\\\/annamanssonnylund.jpg\",\"caption\":\"Anna M\u00e5nsson Nylund\"},\"url\":\"https:\\\/\\\/lartorget.goteborg.se\\\/sprakskatten\\\/author\\\/anna\\\/\"}]}<\/script>\n<!-- \/ Yoast SEO plugin. -->","yoast_head_json":{"title":"Mio min Mio - Spr\u00e5kskatten","robots":{"index":"index","follow":"follow","max-snippet":"max-snippet:-1","max-image-preview":"max-image-preview:large","max-video-preview":"max-video-preview:-1"},"canonical":"https:\/\/lartorget.goteborg.se\/sprakskatten\/2017\/03\/30\/mio-min-mio\/","og_locale":"sv_SE","og_type":"article","og_title":"Mio min Mio - Spr\u00e5kskatten","og_description":"Detta blir mitt f\u00f6rsta inl\u00e4gg p\u00e5 Pedagog G\u00f6teborg. Vill du l\u00e4sa mina tidigare inl\u00e4gg om spr\u00e5kutvecklande undervisning kan du g\u00f6ra det h\u00e4r: www.sprakskatten.se Du f\u00e5r g\u00e4rna l\u00e4mna kommentarer och fr\u00e5gor till mina blogginl\u00e4gg. Jag svarar s\u00e5 fort jag kan.","og_url":"https:\/\/lartorget.goteborg.se\/sprakskatten\/2017\/03\/30\/mio-min-mio\/","og_site_name":"Spr\u00e5kskatten","article_published_time":"2017-03-30T07:37:03+00:00","article_modified_time":"2024-04-16T13:59:53+00:00","og_image":[{"width":640,"height":360,"url":"https:\/\/lartorget.goteborg.se\/sprakskatten\/wp-content\/uploads\/sites\/9\/2017\/03\/castle-2064013_640.jpg","type":"image\/jpeg"}],"author":"Anna M\u00e5nsson Nylund","twitter_card":"summary_large_image","twitter_misc":{"Skriven av":"Anna M\u00e5nsson Nylund","Ber\u00e4knad l\u00e4stid":"6 minuter"},"schema":{"@context":"https:\/\/schema.org","@graph":[{"@type":"Article","@id":"https:\/\/lartorget.goteborg.se\/sprakskatten\/2017\/03\/30\/mio-min-mio\/#article","isPartOf":{"@id":"https:\/\/lartorget.goteborg.se\/sprakskatten\/2017\/03\/30\/mio-min-mio\/"},"author":{"name":"Anna M\u00e5nsson Nylund","@id":"https:\/\/lartorget.goteborg.se\/sprakskatten\/#\/schema\/person\/fe5a3c5bb7d13e65abf65c8613828c8c"},"headline":"Mio min Mio","datePublished":"2017-03-30T07:37:03+00:00","dateModified":"2024-04-16T13:59:53+00:00","mainEntityOfPage":{"@id":"https:\/\/lartorget.goteborg.se\/sprakskatten\/2017\/03\/30\/mio-min-mio\/"},"wordCount":1076,"commentCount":2,"image":{"@id":"https:\/\/lartorget.goteborg.se\/sprakskatten\/2017\/03\/30\/mio-min-mio\/#primaryimage"},"thumbnailUrl":"https:\/\/lartorget.goteborg.se\/sprakskatten\/wp-content\/uploads\/sites\/9\/2017\/03\/castle-2064013_640.jpg","articleSection":["Flerspr\u00e5kighet och interkulturellt f\u00f6rh\u00e5llningss\u00e4tt","Grundskola","Grundskola 1-3","Spr\u00e5kutveckling","Svenska som andraspr\u00e5k"],"inLanguage":"sv-SE","potentialAction":[{"@type":"CommentAction","name":"Comment","target":["https:\/\/lartorget.goteborg.se\/sprakskatten\/2017\/03\/30\/mio-min-mio\/#respond"]}]},{"@type":"WebPage","@id":"https:\/\/lartorget.goteborg.se\/sprakskatten\/2017\/03\/30\/mio-min-mio\/","url":"https:\/\/lartorget.goteborg.se\/sprakskatten\/2017\/03\/30\/mio-min-mio\/","name":"Mio min Mio - Spr\u00e5kskatten","isPartOf":{"@id":"https:\/\/lartorget.goteborg.se\/sprakskatten\/#website"},"primaryImageOfPage":{"@id":"https:\/\/lartorget.goteborg.se\/sprakskatten\/2017\/03\/30\/mio-min-mio\/#primaryimage"},"image":{"@id":"https:\/\/lartorget.goteborg.se\/sprakskatten\/2017\/03\/30\/mio-min-mio\/#primaryimage"},"thumbnailUrl":"https:\/\/lartorget.goteborg.se\/sprakskatten\/wp-content\/uploads\/sites\/9\/2017\/03\/castle-2064013_640.jpg","datePublished":"2017-03-30T07:37:03+00:00","dateModified":"2024-04-16T13:59:53+00:00","author":{"@id":"https:\/\/lartorget.goteborg.se\/sprakskatten\/#\/schema\/person\/fe5a3c5bb7d13e65abf65c8613828c8c"},"breadcrumb":{"@id":"https:\/\/lartorget.goteborg.se\/sprakskatten\/2017\/03\/30\/mio-min-mio\/#breadcrumb"},"inLanguage":"sv-SE","potentialAction":[{"@type":"ReadAction","target":["https:\/\/lartorget.goteborg.se\/sprakskatten\/2017\/03\/30\/mio-min-mio\/"]}]},{"@type":"ImageObject","inLanguage":"sv-SE","@id":"https:\/\/lartorget.goteborg.se\/sprakskatten\/2017\/03\/30\/mio-min-mio\/#primaryimage","url":"https:\/\/lartorget.goteborg.se\/sprakskatten\/wp-content\/uploads\/sites\/9\/2017\/03\/castle-2064013_640.jpg","contentUrl":"https:\/\/lartorget.goteborg.se\/sprakskatten\/wp-content\/uploads\/sites\/9\/2017\/03\/castle-2064013_640.jpg","width":640,"height":360},{"@type":"BreadcrumbList","@id":"https:\/\/lartorget.goteborg.se\/sprakskatten\/2017\/03\/30\/mio-min-mio\/#breadcrumb","itemListElement":[{"@type":"ListItem","position":1,"name":"Home","item":"https:\/\/lartorget.goteborg.se\/sprakskatten\/"},{"@type":"ListItem","position":2,"name":"Mio min Mio"}]},{"@type":"WebSite","@id":"https:\/\/lartorget.goteborg.se\/sprakskatten\/#website","url":"https:\/\/lartorget.goteborg.se\/sprakskatten\/","name":"Spr\u00e5kskatten","description":"En till Pedagogen Gbg-webbplatser webbplats","potentialAction":[{"@type":"SearchAction","target":{"@type":"EntryPoint","urlTemplate":"https:\/\/lartorget.goteborg.se\/sprakskatten\/?s={search_term_string}"},"query-input":{"@type":"PropertyValueSpecification","valueRequired":true,"valueName":"search_term_string"}}],"inLanguage":"sv-SE"},{"@type":"Person","@id":"https:\/\/lartorget.goteborg.se\/sprakskatten\/#\/schema\/person\/fe5a3c5bb7d13e65abf65c8613828c8c","name":"Anna M\u00e5nsson Nylund","image":{"@type":"ImageObject","inLanguage":"sv-SE","@id":"https:\/\/lartorget.goteborg.se\/sprakskatten\/wp-content\/uploads\/Profilbilder-medarbetare\/annamanssonnylund.jpg95844072c7ef89df82da9a930a6cedc4","url":"https:\/\/lartorget.goteborg.se\/sprakskatten\/wp-content\/uploads\/Profilbilder-medarbetare\/annamanssonnylund.jpg","contentUrl":"https:\/\/lartorget.goteborg.se\/sprakskatten\/wp-content\/uploads\/Profilbilder-medarbetare\/annamanssonnylund.jpg","caption":"Anna M\u00e5nsson Nylund"},"url":"https:\/\/lartorget.goteborg.se\/sprakskatten\/author\/anna\/"}]}},"_links":{"self":[{"href":"https:\/\/lartorget.goteborg.se\/sprakskatten\/wp-json\/wp\/v2\/posts\/5","targetHints":{"allow":["GET"]}}],"collection":[{"href":"https:\/\/lartorget.goteborg.se\/sprakskatten\/wp-json\/wp\/v2\/posts"}],"about":[{"href":"https:\/\/lartorget.goteborg.se\/sprakskatten\/wp-json\/wp\/v2\/types\/post"}],"author":[{"embeddable":true,"href":"https:\/\/lartorget.goteborg.se\/sprakskatten\/wp-json\/wp\/v2\/users\/26"}],"replies":[{"embeddable":true,"href":"https:\/\/lartorget.goteborg.se\/sprakskatten\/wp-json\/wp\/v2\/comments?post=5"}],"version-history":[{"count":20,"href":"https:\/\/lartorget.goteborg.se\/sprakskatten\/wp-json\/wp\/v2\/posts\/5\/revisions"}],"predecessor-version":[{"id":831,"href":"https:\/\/lartorget.goteborg.se\/sprakskatten\/wp-json\/wp\/v2\/posts\/5\/revisions\/831"}],"wp:featuredmedia":[{"embeddable":true,"href":"https:\/\/lartorget.goteborg.se\/sprakskatten\/wp-json\/wp\/v2\/media\/34"}],"wp:attachment":[{"href":"https:\/\/lartorget.goteborg.se\/sprakskatten\/wp-json\/wp\/v2\/media?parent=5"}],"wp:term":[{"taxonomy":"category","embeddable":true,"href":"https:\/\/lartorget.goteborg.se\/sprakskatten\/wp-json\/wp\/v2\/categories?post=5"},{"taxonomy":"author","embeddable":true,"href":"https:\/\/lartorget.goteborg.se\/sprakskatten\/wp-json\/wp\/v2\/coauthors?post=5"}],"curies":[{"name":"wp","href":"https:\/\/api.w.org\/{rel}","templated":true}]}}