
{"id":396,"date":"2019-02-26T13:08:32","date_gmt":"2019-02-26T12:08:32","guid":{"rendered":"https:\/\/lartorget.goteborg.se\/sprakskatten\/?p=396"},"modified":"2024-04-16T14:05:29","modified_gmt":"2024-04-16T12:05:29","slug":"sprak-och-kunskapsutvecklande-arbetssatt-vad-ar-det-egentligen","status":"publish","type":"post","link":"https:\/\/lartorget.goteborg.se\/sprakskatten\/2019\/02\/26\/sprak-och-kunskapsutvecklande-arbetssatt-vad-ar-det-egentligen\/","title":{"rendered":"Spr\u00e5k- och kunskapsutvecklande arbetss\u00e4tt, vad \u00e4r det egentligen?"},"content":{"rendered":"<p>Att verkligen diskutera vad begreppen vi anv\u00e4nder oss av inneb\u00e4r, \u00e4r givande och kanske det som ger mest utveckling. \u00c4r det inte s\u00e5 att vi gl\u00f6mmer bort det ibland? I v\u00e5r stressade vardag k\u00f6r vi p\u00e5 h\u00f6gsta v\u00e4xeln, samplanerar och diskuterar det vi ska <em>men om vi verkligen tog oss tid<\/em>\u00a0 att b\u00f6rja med att se till att vi pratar om samma sak, skulle det kanske ge oss \u00e4nnu b\u00e4ttre kvalitet p\u00e5 v\u00e5r undervisning?<\/p>\n<p>Det finns flera olika slags modeller och checklistor att anv\u00e4nda om man vill planera eller kontrollera att undervisningen \u00e4r spr\u00e5kutvecklande. En modell finns publicerad p\u00e5 Skolverkets hemsida (L\u00e4sa och skriva i alla \u00e4mnen, l\u00e4slyftsmodul) och \u00e4r Catarina Schmidts och \u00c5sa Wedins tolkning av Jim Cummins modell:<\/p>\n<p><img loading=\"lazy\" decoding=\"async\" class=\"wp-image-402 alignright\" src=\"https:\/\/lartorget.goteborg.se\/sprakskatten\/wp-content\/uploads\/sites\/9\/2019\/02\/file-50-1-300x225.jpeg\" alt=\"\" width=\"486\" height=\"365\" srcset=\"https:\/\/lartorget.goteborg.se\/sprakskatten\/wp-content\/uploads\/sites\/9\/2019\/02\/file-50-1-300x225.jpeg 300w, https:\/\/lartorget.goteborg.se\/sprakskatten\/wp-content\/uploads\/sites\/9\/2019\/02\/file-50-1-360x270.jpeg 360w, https:\/\/lartorget.goteborg.se\/sprakskatten\/wp-content\/uploads\/sites\/9\/2019\/02\/file-50-1-1084x813.jpeg 1084w, https:\/\/lartorget.goteborg.se\/sprakskatten\/wp-content\/uploads\/sites\/9\/2019\/02\/file-50-1-531x398.jpeg 531w, https:\/\/lartorget.goteborg.se\/sprakskatten\/wp-content\/uploads\/sites\/9\/2019\/02\/file-50-1-350x263.jpeg 350w, https:\/\/lartorget.goteborg.se\/sprakskatten\/wp-content\/uploads\/sites\/9\/2019\/02\/file-50-1-260x195.jpeg 260w, https:\/\/lartorget.goteborg.se\/sprakskatten\/wp-content\/uploads\/sites\/9\/2019\/02\/file-50-1-768x576.jpeg 768w, https:\/\/lartorget.goteborg.se\/sprakskatten\/wp-content\/uploads\/sites\/9\/2019\/02\/file-50-1-1024x768.jpeg 1024w\" sizes=\"auto, (max-width: 486px) 100vw, 486px\" \/><\/p>\n<p>Vad som tydligt syns i denna figur \u00e4r att interaktionen i klassrummet \u00e4r central. Det \u00e4r h\u00e4r som st\u00f6ttning sker i den n\u00e4rmaste utvecklingszonen (Vygotsky). Cummins betonar ocks\u00e5 att identiteter pr\u00f6vas genom interaktion. Vad jag speciellt gillar med den h\u00e4r modellen \u00e4r att Cummins framh\u00e5ller vikten av relationer. N\u00e4r l\u00e4raren k\u00e4nner sina elever, deras behov, historia och intressen kan undervisningen maximeras. Detta tror jag stenh\u00e5rt p\u00e5 och har verkligen f\u00e5tt m\u00e5nga aha-upplevelser kring det senaste l\u00e4s\u00e5ret.<\/p>\n<p>Under de \u00f6vriga rubrikerna finns st\u00f6dfr\u00e5gor som l\u00e4rare kan anv\u00e4nda f\u00f6r att analysera och planera sin undervisning.<\/p>\n<p>F\u00f6r inte s\u00e5 l\u00e4nge sedan hade jag f\u00f6rm\u00e5nen att f\u00e5 g\u00e5 en utbildning i kartl\u00e4ggningsmaterialet <em>Bygga svenska<\/em>. D\u00e5 fick jag lyssna p\u00e5 en f\u00f6rel\u00e4sning med Tore Otterup (doktor och universitetslektor i svenska som andraspr\u00e5k p\u00e5 GU). Han presenterade en sammanfattning \u00f6ver spr\u00e5kutvecklande undervisning som jag gillar:<\/p>\n<ul>\n<li><em>Aktiva elever, spr\u00e5kligt och kognitivt<\/em><\/li>\n<li><em>Meningsfull interaktion<\/em><\/li>\n<li><em>Undervisning som anknyter till tidigare kunskaper, erfarenheter och spr\u00e5k<\/em><\/li>\n<li><em>H\u00f6ga f\u00f6rv\u00e4ntningar p\u00e5 eleverna- st\u00f6ttning vid inl\u00e4rning och spr\u00e5kutveckling<\/em><\/li>\n<li><em>K\u00e4nnedom om spr\u00e5ket i \u00e4mnet<\/em><\/li>\n<li><em>Modersm\u00e5l som utg\u00e5ngspunkt och som medel f\u00f6r spr\u00e5k- och kunskapsutveckling<\/em><\/li>\n<\/ul>\n<p>Han betonade att man l\u00e4r sig spr\u00e5k genom att anv\u00e4nda det, att &#8221;spr\u00e5ka&#8221; i klassrummet ska vara ett aktivt f\u00f6rh\u00e5llningss\u00e4tt. Det ska finnas meningsfull interaktion b\u00e5de mellan l\u00e4rare- elev och mellan elever. Jag t\u00e4nker EPA-samtal, parsamtal och mindre fokus p\u00e5 l\u00e4rare som f\u00f6rel\u00e4ser l\u00e4ngre stunder och st\u00e4ller fr\u00e5gor d\u00e4r eleverna r\u00e4cker upp handen och svarar. Tore Otterup belyste ocks\u00e5 att om vi saktar ner tempot i klassrumsinteraktionen och ger tid f\u00f6r till exempel f\u00f6ljdfr\u00e5gor och eftertanke kommer vi l\u00e5ngt. Genom att vi l\u00e4rare betraktar eleverna som att de har viktiga saker att ber\u00e4tta f\u00f6ds ocks\u00e5 en s\u00e5dan kultur. Vi ska inte s\u00e4nka kraven utan arbeta med st\u00f6ttning f\u00f6r att alla ska kunna n\u00e5 s\u00e5 l\u00e5ngt som m\u00f6jligt. Jag t\u00e4nker: modellering, gemensamma texter\/l\u00e4sning, startmeningar, ordsamlingar och s\u00e5 vidare.<\/p>\n<p>Att vi ska arbeta med spr\u00e5ket i alla \u00e4mnen \u00e4r ibland kanske l\u00e4tt att s\u00e4ga men kr\u00e4ver mycket kartl\u00e4ggning och planering f\u00f6r att genomf\u00f6ra. Jag t\u00e4nker ocks\u00e5 p\u00e5 hur viktigt det \u00e4r att vi fokuserar p\u00e5 att utveckla b\u00e5de elevernas vardagsspr\u00e5k <em>och<\/em> skolspr\u00e5k. Det \u00e4r ocks\u00e5 sj\u00e4lvklart betydelsefullt att vi, precis som forskningen visar, l\u00e5ter elevernas modersm\u00e5l ta plats i klassrummet p\u00e5 ett naturligt s\u00e4tt. Och bara det \u00e4r en verkligt stor fr\u00e5ga, hur g\u00f6r vi det s\u00e5 att det blir ett naturligt och sj\u00e4lvklart f\u00f6rh\u00e5llningss\u00e4tt?<\/p>\n<p>Som avslutning finns h\u00e4r nedan en ganska kort film som jag tycker \u00e4r bra. Precis som det s\u00e4gs i filmen \u00e4r fr\u00e5gan som jag st\u00e4llt i inledningen inte l\u00e4tt att svara p\u00e5, eftersom den \u00e4r s\u00e5 stor. Det har jag inte heller lyckats g\u00f6ra i det h\u00e4r blogginl\u00e4gget och kanske \u00e4r det en s\u00e5dan d\u00e4r fr\u00e5ga som vi l\u00e4rare st\u00e4ndigt beh\u00f6ver fundera \u00f6ver f\u00f6r att utveckla v\u00e5r undervisning fram\u00e5t. Vad jag d\u00e4remot \u00e4r v\u00e4ldigt s\u00e4ker p\u00e5 \u00e4r att spr\u00e5k- och kunskapsutvecklande arbetss\u00e4tt gynnar alla elever, inte bara flerspr\u00e5kiga. Spr\u00e5k- och kunskapsutvecklande arbetss\u00e4tt \u00e4r helt enkelt god undervisning.<\/p>\n<p>&nbsp;<\/p>\n<p><iframe loading=\"lazy\" title=\"Vad inneb\u00e4r ett spr\u00e5k- och kunskapsutvecklande arbetss\u00e4tt?\" width=\"500\" height=\"281\" src=\"https:\/\/www.youtube.com\/embed\/LTTp-xAEnA4?feature=oembed\"  allow=\"accelerometer; autoplay; clipboard-write; encrypted-media; gyroscope; picture-in-picture; web-share\" referrerpolicy=\"strict-origin-when-cross-origin\" allowfullscreen><\/iframe><\/p>\n<p>&nbsp;<\/p>\n","protected":false},"excerpt":{"rendered":"<p>Vi l\u00e4rare anv\u00e4nder ofta uttrycken spr\u00e5kutvecklande undervisning eller spr\u00e5k- och kunskapsutvecklande arbetss\u00e4tt, men vad menar vi egentligen? Menar vi samma sak?<\/p>\n","protected":false},"author":26,"featured_media":403,"comment_status":"open","ping_status":"open","sticky":false,"template":"","format":"standard","meta":{"_acf_changed":false,"footnotes":""},"categories":[318,30,101,60],"coauthors":[106],"class_list":["post-396","post","type-post","status-publish","format-standard","has-post-thumbnail","hentry","category-interkulturellt-forhallningssatt","category-sprakutveckling","category-svenska","category-svenska-som-andrasprak"],"acf":[],"yoast_head":"<!-- This site is optimized with the Yoast SEO plugin v27.5 - https:\/\/yoast.com\/product\/yoast-seo-wordpress\/ -->\n<title>Spr\u00e5k- och kunskapsutvecklande arbetss\u00e4tt, vad \u00e4r det egentligen? - Spr\u00e5kskatten<\/title>\n<meta name=\"robots\" content=\"index, follow, max-snippet:-1, max-image-preview:large, max-video-preview:-1\" \/>\n<link rel=\"canonical\" href=\"https:\/\/lartorget.goteborg.se\/sprakskatten\/2019\/02\/26\/sprak-och-kunskapsutvecklande-arbetssatt-vad-ar-det-egentligen\/\" \/>\n<meta property=\"og:locale\" content=\"sv_SE\" \/>\n<meta property=\"og:type\" content=\"article\" \/>\n<meta property=\"og:title\" content=\"Spr\u00e5k- och kunskapsutvecklande arbetss\u00e4tt, vad \u00e4r det egentligen? - Spr\u00e5kskatten\" \/>\n<meta property=\"og:description\" content=\"Vi l\u00e4rare anv\u00e4nder ofta uttrycken spr\u00e5kutvecklande undervisning eller spr\u00e5k- och kunskapsutvecklande arbetss\u00e4tt, men vad menar vi egentligen? Menar vi samma sak?\" \/>\n<meta property=\"og:url\" content=\"https:\/\/lartorget.goteborg.se\/sprakskatten\/2019\/02\/26\/sprak-och-kunskapsutvecklande-arbetssatt-vad-ar-det-egentligen\/\" \/>\n<meta property=\"og:site_name\" content=\"Spr\u00e5kskatten\" \/>\n<meta property=\"article:published_time\" content=\"2019-02-26T12:08:32+00:00\" \/>\n<meta property=\"article:modified_time\" content=\"2024-04-16T12:05:29+00:00\" \/>\n<meta property=\"og:image\" content=\"https:\/\/lartorget.goteborg.se\/sprakskatten\/wp-content\/uploads\/sites\/9\/2019\/02\/hello-1502369__340.png\" \/>\n\t<meta property=\"og:image:width\" content=\"495\" \/>\n\t<meta property=\"og:image:height\" content=\"340\" \/>\n\t<meta property=\"og:image:type\" content=\"image\/png\" \/>\n<meta name=\"author\" content=\"Anna M\u00e5nsson Nylund\" \/>\n<meta name=\"twitter:card\" content=\"summary_large_image\" \/>\n<meta name=\"twitter:label1\" content=\"Skriven av\" \/>\n\t<meta name=\"twitter:data1\" content=\"Anna M\u00e5nsson Nylund\" \/>\n\t<meta name=\"twitter:label2\" content=\"Ber\u00e4knad l\u00e4stid\" \/>\n\t<meta name=\"twitter:data2\" content=\"4 minuter\" \/>\n<script type=\"application\/ld+json\" class=\"yoast-schema-graph\">{\"@context\":\"https:\\\/\\\/schema.org\",\"@graph\":[{\"@type\":\"Article\",\"@id\":\"https:\\\/\\\/lartorget.goteborg.se\\\/sprakskatten\\\/2019\\\/02\\\/26\\\/sprak-och-kunskapsutvecklande-arbetssatt-vad-ar-det-egentligen\\\/#article\",\"isPartOf\":{\"@id\":\"https:\\\/\\\/lartorget.goteborg.se\\\/sprakskatten\\\/2019\\\/02\\\/26\\\/sprak-och-kunskapsutvecklande-arbetssatt-vad-ar-det-egentligen\\\/\"},\"author\":{\"name\":\"Anna M\u00e5nsson Nylund\",\"@id\":\"https:\\\/\\\/lartorget.goteborg.se\\\/sprakskatten\\\/#\\\/schema\\\/person\\\/fe5a3c5bb7d13e65abf65c8613828c8c\"},\"headline\":\"Spr\u00e5k- och kunskapsutvecklande arbetss\u00e4tt, vad \u00e4r det egentligen?\",\"datePublished\":\"2019-02-26T12:08:32+00:00\",\"dateModified\":\"2024-04-16T12:05:29+00:00\",\"mainEntityOfPage\":{\"@id\":\"https:\\\/\\\/lartorget.goteborg.se\\\/sprakskatten\\\/2019\\\/02\\\/26\\\/sprak-och-kunskapsutvecklande-arbetssatt-vad-ar-det-egentligen\\\/\"},\"wordCount\":764,\"commentCount\":0,\"image\":{\"@id\":\"https:\\\/\\\/lartorget.goteborg.se\\\/sprakskatten\\\/2019\\\/02\\\/26\\\/sprak-och-kunskapsutvecklande-arbetssatt-vad-ar-det-egentligen\\\/#primaryimage\"},\"thumbnailUrl\":\"https:\\\/\\\/lartorget.goteborg.se\\\/sprakskatten\\\/wp-content\\\/uploads\\\/sites\\\/9\\\/2019\\\/02\\\/hello-1502369__340.png\",\"articleSection\":[\"Flerspr\u00e5kighet och interkulturellt f\u00f6rh\u00e5llningss\u00e4tt\",\"Spr\u00e5kutveckling\",\"Svenska\",\"Svenska som andraspr\u00e5k\"],\"inLanguage\":\"sv-SE\",\"potentialAction\":[{\"@type\":\"CommentAction\",\"name\":\"Comment\",\"target\":[\"https:\\\/\\\/lartorget.goteborg.se\\\/sprakskatten\\\/2019\\\/02\\\/26\\\/sprak-och-kunskapsutvecklande-arbetssatt-vad-ar-det-egentligen\\\/#respond\"]}]},{\"@type\":\"WebPage\",\"@id\":\"https:\\\/\\\/lartorget.goteborg.se\\\/sprakskatten\\\/2019\\\/02\\\/26\\\/sprak-och-kunskapsutvecklande-arbetssatt-vad-ar-det-egentligen\\\/\",\"url\":\"https:\\\/\\\/lartorget.goteborg.se\\\/sprakskatten\\\/2019\\\/02\\\/26\\\/sprak-och-kunskapsutvecklande-arbetssatt-vad-ar-det-egentligen\\\/\",\"name\":\"Spr\u00e5k- och kunskapsutvecklande arbetss\u00e4tt, vad \u00e4r det egentligen? - Spr\u00e5kskatten\",\"isPartOf\":{\"@id\":\"https:\\\/\\\/lartorget.goteborg.se\\\/sprakskatten\\\/#website\"},\"primaryImageOfPage\":{\"@id\":\"https:\\\/\\\/lartorget.goteborg.se\\\/sprakskatten\\\/2019\\\/02\\\/26\\\/sprak-och-kunskapsutvecklande-arbetssatt-vad-ar-det-egentligen\\\/#primaryimage\"},\"image\":{\"@id\":\"https:\\\/\\\/lartorget.goteborg.se\\\/sprakskatten\\\/2019\\\/02\\\/26\\\/sprak-och-kunskapsutvecklande-arbetssatt-vad-ar-det-egentligen\\\/#primaryimage\"},\"thumbnailUrl\":\"https:\\\/\\\/lartorget.goteborg.se\\\/sprakskatten\\\/wp-content\\\/uploads\\\/sites\\\/9\\\/2019\\\/02\\\/hello-1502369__340.png\",\"datePublished\":\"2019-02-26T12:08:32+00:00\",\"dateModified\":\"2024-04-16T12:05:29+00:00\",\"author\":{\"@id\":\"https:\\\/\\\/lartorget.goteborg.se\\\/sprakskatten\\\/#\\\/schema\\\/person\\\/fe5a3c5bb7d13e65abf65c8613828c8c\"},\"breadcrumb\":{\"@id\":\"https:\\\/\\\/lartorget.goteborg.se\\\/sprakskatten\\\/2019\\\/02\\\/26\\\/sprak-och-kunskapsutvecklande-arbetssatt-vad-ar-det-egentligen\\\/#breadcrumb\"},\"inLanguage\":\"sv-SE\",\"potentialAction\":[{\"@type\":\"ReadAction\",\"target\":[\"https:\\\/\\\/lartorget.goteborg.se\\\/sprakskatten\\\/2019\\\/02\\\/26\\\/sprak-och-kunskapsutvecklande-arbetssatt-vad-ar-det-egentligen\\\/\"]}]},{\"@type\":\"ImageObject\",\"inLanguage\":\"sv-SE\",\"@id\":\"https:\\\/\\\/lartorget.goteborg.se\\\/sprakskatten\\\/2019\\\/02\\\/26\\\/sprak-och-kunskapsutvecklande-arbetssatt-vad-ar-det-egentligen\\\/#primaryimage\",\"url\":\"https:\\\/\\\/lartorget.goteborg.se\\\/sprakskatten\\\/wp-content\\\/uploads\\\/sites\\\/9\\\/2019\\\/02\\\/hello-1502369__340.png\",\"contentUrl\":\"https:\\\/\\\/lartorget.goteborg.se\\\/sprakskatten\\\/wp-content\\\/uploads\\\/sites\\\/9\\\/2019\\\/02\\\/hello-1502369__340.png\",\"width\":495,\"height\":340},{\"@type\":\"BreadcrumbList\",\"@id\":\"https:\\\/\\\/lartorget.goteborg.se\\\/sprakskatten\\\/2019\\\/02\\\/26\\\/sprak-och-kunskapsutvecklande-arbetssatt-vad-ar-det-egentligen\\\/#breadcrumb\",\"itemListElement\":[{\"@type\":\"ListItem\",\"position\":1,\"name\":\"Home\",\"item\":\"https:\\\/\\\/lartorget.goteborg.se\\\/sprakskatten\\\/\"},{\"@type\":\"ListItem\",\"position\":2,\"name\":\"Spr\u00e5k- och kunskapsutvecklande arbetss\u00e4tt, vad \u00e4r det egentligen?\"}]},{\"@type\":\"WebSite\",\"@id\":\"https:\\\/\\\/lartorget.goteborg.se\\\/sprakskatten\\\/#website\",\"url\":\"https:\\\/\\\/lartorget.goteborg.se\\\/sprakskatten\\\/\",\"name\":\"Spr\u00e5kskatten\",\"description\":\"En till Pedagogen Gbg-webbplatser webbplats\",\"potentialAction\":[{\"@type\":\"SearchAction\",\"target\":{\"@type\":\"EntryPoint\",\"urlTemplate\":\"https:\\\/\\\/lartorget.goteborg.se\\\/sprakskatten\\\/?s={search_term_string}\"},\"query-input\":{\"@type\":\"PropertyValueSpecification\",\"valueRequired\":true,\"valueName\":\"search_term_string\"}}],\"inLanguage\":\"sv-SE\"},{\"@type\":\"Person\",\"@id\":\"https:\\\/\\\/lartorget.goteborg.se\\\/sprakskatten\\\/#\\\/schema\\\/person\\\/fe5a3c5bb7d13e65abf65c8613828c8c\",\"name\":\"Anna M\u00e5nsson Nylund\",\"image\":{\"@type\":\"ImageObject\",\"inLanguage\":\"sv-SE\",\"@id\":\"https:\\\/\\\/lartorget.goteborg.se\\\/sprakskatten\\\/wp-content\\\/uploads\\\/Profilbilder-medarbetare\\\/annamanssonnylund.jpg95844072c7ef89df82da9a930a6cedc4\",\"url\":\"https:\\\/\\\/lartorget.goteborg.se\\\/sprakskatten\\\/wp-content\\\/uploads\\\/Profilbilder-medarbetare\\\/annamanssonnylund.jpg\",\"contentUrl\":\"https:\\\/\\\/lartorget.goteborg.se\\\/sprakskatten\\\/wp-content\\\/uploads\\\/Profilbilder-medarbetare\\\/annamanssonnylund.jpg\",\"caption\":\"Anna M\u00e5nsson Nylund\"},\"url\":\"https:\\\/\\\/lartorget.goteborg.se\\\/sprakskatten\\\/author\\\/anna\\\/\"}]}<\/script>\n<!-- \/ Yoast SEO plugin. -->","yoast_head_json":{"title":"Spr\u00e5k- och kunskapsutvecklande arbetss\u00e4tt, vad \u00e4r det egentligen? - Spr\u00e5kskatten","robots":{"index":"index","follow":"follow","max-snippet":"max-snippet:-1","max-image-preview":"max-image-preview:large","max-video-preview":"max-video-preview:-1"},"canonical":"https:\/\/lartorget.goteborg.se\/sprakskatten\/2019\/02\/26\/sprak-och-kunskapsutvecklande-arbetssatt-vad-ar-det-egentligen\/","og_locale":"sv_SE","og_type":"article","og_title":"Spr\u00e5k- och kunskapsutvecklande arbetss\u00e4tt, vad \u00e4r det egentligen? - Spr\u00e5kskatten","og_description":"Vi l\u00e4rare anv\u00e4nder ofta uttrycken spr\u00e5kutvecklande undervisning eller spr\u00e5k- och kunskapsutvecklande arbetss\u00e4tt, men vad menar vi egentligen? Menar vi samma sak?","og_url":"https:\/\/lartorget.goteborg.se\/sprakskatten\/2019\/02\/26\/sprak-och-kunskapsutvecklande-arbetssatt-vad-ar-det-egentligen\/","og_site_name":"Spr\u00e5kskatten","article_published_time":"2019-02-26T12:08:32+00:00","article_modified_time":"2024-04-16T12:05:29+00:00","og_image":[{"width":495,"height":340,"url":"https:\/\/lartorget.goteborg.se\/sprakskatten\/wp-content\/uploads\/sites\/9\/2019\/02\/hello-1502369__340.png","type":"image\/png"}],"author":"Anna M\u00e5nsson Nylund","twitter_card":"summary_large_image","twitter_misc":{"Skriven av":"Anna M\u00e5nsson Nylund","Ber\u00e4knad l\u00e4stid":"4 minuter"},"schema":{"@context":"https:\/\/schema.org","@graph":[{"@type":"Article","@id":"https:\/\/lartorget.goteborg.se\/sprakskatten\/2019\/02\/26\/sprak-och-kunskapsutvecklande-arbetssatt-vad-ar-det-egentligen\/#article","isPartOf":{"@id":"https:\/\/lartorget.goteborg.se\/sprakskatten\/2019\/02\/26\/sprak-och-kunskapsutvecklande-arbetssatt-vad-ar-det-egentligen\/"},"author":{"name":"Anna M\u00e5nsson Nylund","@id":"https:\/\/lartorget.goteborg.se\/sprakskatten\/#\/schema\/person\/fe5a3c5bb7d13e65abf65c8613828c8c"},"headline":"Spr\u00e5k- och kunskapsutvecklande arbetss\u00e4tt, vad \u00e4r det egentligen?","datePublished":"2019-02-26T12:08:32+00:00","dateModified":"2024-04-16T12:05:29+00:00","mainEntityOfPage":{"@id":"https:\/\/lartorget.goteborg.se\/sprakskatten\/2019\/02\/26\/sprak-och-kunskapsutvecklande-arbetssatt-vad-ar-det-egentligen\/"},"wordCount":764,"commentCount":0,"image":{"@id":"https:\/\/lartorget.goteborg.se\/sprakskatten\/2019\/02\/26\/sprak-och-kunskapsutvecklande-arbetssatt-vad-ar-det-egentligen\/#primaryimage"},"thumbnailUrl":"https:\/\/lartorget.goteborg.se\/sprakskatten\/wp-content\/uploads\/sites\/9\/2019\/02\/hello-1502369__340.png","articleSection":["Flerspr\u00e5kighet och interkulturellt f\u00f6rh\u00e5llningss\u00e4tt","Spr\u00e5kutveckling","Svenska","Svenska som andraspr\u00e5k"],"inLanguage":"sv-SE","potentialAction":[{"@type":"CommentAction","name":"Comment","target":["https:\/\/lartorget.goteborg.se\/sprakskatten\/2019\/02\/26\/sprak-och-kunskapsutvecklande-arbetssatt-vad-ar-det-egentligen\/#respond"]}]},{"@type":"WebPage","@id":"https:\/\/lartorget.goteborg.se\/sprakskatten\/2019\/02\/26\/sprak-och-kunskapsutvecklande-arbetssatt-vad-ar-det-egentligen\/","url":"https:\/\/lartorget.goteborg.se\/sprakskatten\/2019\/02\/26\/sprak-och-kunskapsutvecklande-arbetssatt-vad-ar-det-egentligen\/","name":"Spr\u00e5k- och kunskapsutvecklande arbetss\u00e4tt, vad \u00e4r det egentligen? - Spr\u00e5kskatten","isPartOf":{"@id":"https:\/\/lartorget.goteborg.se\/sprakskatten\/#website"},"primaryImageOfPage":{"@id":"https:\/\/lartorget.goteborg.se\/sprakskatten\/2019\/02\/26\/sprak-och-kunskapsutvecklande-arbetssatt-vad-ar-det-egentligen\/#primaryimage"},"image":{"@id":"https:\/\/lartorget.goteborg.se\/sprakskatten\/2019\/02\/26\/sprak-och-kunskapsutvecklande-arbetssatt-vad-ar-det-egentligen\/#primaryimage"},"thumbnailUrl":"https:\/\/lartorget.goteborg.se\/sprakskatten\/wp-content\/uploads\/sites\/9\/2019\/02\/hello-1502369__340.png","datePublished":"2019-02-26T12:08:32+00:00","dateModified":"2024-04-16T12:05:29+00:00","author":{"@id":"https:\/\/lartorget.goteborg.se\/sprakskatten\/#\/schema\/person\/fe5a3c5bb7d13e65abf65c8613828c8c"},"breadcrumb":{"@id":"https:\/\/lartorget.goteborg.se\/sprakskatten\/2019\/02\/26\/sprak-och-kunskapsutvecklande-arbetssatt-vad-ar-det-egentligen\/#breadcrumb"},"inLanguage":"sv-SE","potentialAction":[{"@type":"ReadAction","target":["https:\/\/lartorget.goteborg.se\/sprakskatten\/2019\/02\/26\/sprak-och-kunskapsutvecklande-arbetssatt-vad-ar-det-egentligen\/"]}]},{"@type":"ImageObject","inLanguage":"sv-SE","@id":"https:\/\/lartorget.goteborg.se\/sprakskatten\/2019\/02\/26\/sprak-och-kunskapsutvecklande-arbetssatt-vad-ar-det-egentligen\/#primaryimage","url":"https:\/\/lartorget.goteborg.se\/sprakskatten\/wp-content\/uploads\/sites\/9\/2019\/02\/hello-1502369__340.png","contentUrl":"https:\/\/lartorget.goteborg.se\/sprakskatten\/wp-content\/uploads\/sites\/9\/2019\/02\/hello-1502369__340.png","width":495,"height":340},{"@type":"BreadcrumbList","@id":"https:\/\/lartorget.goteborg.se\/sprakskatten\/2019\/02\/26\/sprak-och-kunskapsutvecklande-arbetssatt-vad-ar-det-egentligen\/#breadcrumb","itemListElement":[{"@type":"ListItem","position":1,"name":"Home","item":"https:\/\/lartorget.goteborg.se\/sprakskatten\/"},{"@type":"ListItem","position":2,"name":"Spr\u00e5k- och kunskapsutvecklande arbetss\u00e4tt, vad \u00e4r det egentligen?"}]},{"@type":"WebSite","@id":"https:\/\/lartorget.goteborg.se\/sprakskatten\/#website","url":"https:\/\/lartorget.goteborg.se\/sprakskatten\/","name":"Spr\u00e5kskatten","description":"En till Pedagogen Gbg-webbplatser webbplats","potentialAction":[{"@type":"SearchAction","target":{"@type":"EntryPoint","urlTemplate":"https:\/\/lartorget.goteborg.se\/sprakskatten\/?s={search_term_string}"},"query-input":{"@type":"PropertyValueSpecification","valueRequired":true,"valueName":"search_term_string"}}],"inLanguage":"sv-SE"},{"@type":"Person","@id":"https:\/\/lartorget.goteborg.se\/sprakskatten\/#\/schema\/person\/fe5a3c5bb7d13e65abf65c8613828c8c","name":"Anna M\u00e5nsson Nylund","image":{"@type":"ImageObject","inLanguage":"sv-SE","@id":"https:\/\/lartorget.goteborg.se\/sprakskatten\/wp-content\/uploads\/Profilbilder-medarbetare\/annamanssonnylund.jpg95844072c7ef89df82da9a930a6cedc4","url":"https:\/\/lartorget.goteborg.se\/sprakskatten\/wp-content\/uploads\/Profilbilder-medarbetare\/annamanssonnylund.jpg","contentUrl":"https:\/\/lartorget.goteborg.se\/sprakskatten\/wp-content\/uploads\/Profilbilder-medarbetare\/annamanssonnylund.jpg","caption":"Anna M\u00e5nsson Nylund"},"url":"https:\/\/lartorget.goteborg.se\/sprakskatten\/author\/anna\/"}]}},"_links":{"self":[{"href":"https:\/\/lartorget.goteborg.se\/sprakskatten\/wp-json\/wp\/v2\/posts\/396","targetHints":{"allow":["GET"]}}],"collection":[{"href":"https:\/\/lartorget.goteborg.se\/sprakskatten\/wp-json\/wp\/v2\/posts"}],"about":[{"href":"https:\/\/lartorget.goteborg.se\/sprakskatten\/wp-json\/wp\/v2\/types\/post"}],"author":[{"embeddable":true,"href":"https:\/\/lartorget.goteborg.se\/sprakskatten\/wp-json\/wp\/v2\/users\/26"}],"replies":[{"embeddable":true,"href":"https:\/\/lartorget.goteborg.se\/sprakskatten\/wp-json\/wp\/v2\/comments?post=396"}],"version-history":[{"count":14,"href":"https:\/\/lartorget.goteborg.se\/sprakskatten\/wp-json\/wp\/v2\/posts\/396\/revisions"}],"predecessor-version":[{"id":823,"href":"https:\/\/lartorget.goteborg.se\/sprakskatten\/wp-json\/wp\/v2\/posts\/396\/revisions\/823"}],"wp:featuredmedia":[{"embeddable":true,"href":"https:\/\/lartorget.goteborg.se\/sprakskatten\/wp-json\/wp\/v2\/media\/403"}],"wp:attachment":[{"href":"https:\/\/lartorget.goteborg.se\/sprakskatten\/wp-json\/wp\/v2\/media?parent=396"}],"wp:term":[{"taxonomy":"category","embeddable":true,"href":"https:\/\/lartorget.goteborg.se\/sprakskatten\/wp-json\/wp\/v2\/categories?post=396"},{"taxonomy":"author","embeddable":true,"href":"https:\/\/lartorget.goteborg.se\/sprakskatten\/wp-json\/wp\/v2\/coauthors?post=396"}],"curies":[{"name":"wp","href":"https:\/\/api.w.org\/{rel}","templated":true}]}}