
{"id":304,"date":"2018-08-29T09:48:51","date_gmt":"2018-08-29T07:48:51","guid":{"rendered":"https:\/\/lartorget.goteborg.se\/sprakskatten\/?p=304"},"modified":"2024-04-16T14:11:17","modified_gmt":"2024-04-16T12:11:17","slug":"vad-ar-egentligen-teachers-college-reading-and-writing-project-och-vad-kan-det-innebara-rent-konkret-i-klassrummet","status":"publish","type":"post","link":"https:\/\/lartorget.goteborg.se\/sprakskatten\/2018\/08\/29\/vad-ar-egentligen-teachers-college-reading-and-writing-project-och-vad-kan-det-innebara-rent-konkret-i-klassrummet\/","title":{"rendered":"Vad \u00e4r egentligen Teachers College Reading and Writing Project och vad kan det inneb\u00e4ra rent konkret i klassrummet?"},"content":{"rendered":"<p>Fr\u00e5gorna i rubriken funderar jag extra mycket p\u00e5 just nu. P\u00e5 min skola arbetar vi inspirerat utifr\u00e5n TCRWP (Teachers College Reading and Writing Project) och detta l\u00e4s\u00e5r \u00e4r min tj\u00e4nst f\u00f6r\u00e4ndrad s\u00e5 att jag bland annat kommer att ha m\u00f6jlighet att vara med andra l\u00e4rare p\u00e5 plats i klassrummen, s\u00e5 att vi tillsammans ska kunna utveckla och planera arbetet fram\u00e5t. Detta k\u00e4nns j\u00e4ttesp\u00e4nnande men ocks\u00e5 som en stor utmaning. D\u00e5 vi har n\u00e5gra nyanst\u00e4llda l\u00e4rare p\u00e5 skolan har jag funderat p\u00e5 om det finns en l\u00e4tt och smart v\u00e4g att g\u00e5 f\u00f6r att snabbt f\u00e5 med alla p\u00e5 vad TCRWP (eller TC som vi kallar det p\u00e5 v\u00e5r skola) egentligen inneb\u00e4r. Tyv\u00e4rr g\u00f6r det nog inte det, och egentligen \u00e4r det ganska sj\u00e4lvklart att det inte g\u00e5r att g\u00f6ra en snabb manual n\u00e4r det handlar om ett f\u00f6rh\u00e5llningss\u00e4tt och inte en metod, \u00e4ven om det finns metodiska inslag.<\/p>\n<p>Att implementera ett s\u00e4tt att t\u00e4nka och f\u00f6rh\u00e5lla sig till elever och undervisning m\u00e5ste ta tid. Det kr\u00e4vs kollegialt samarbete och stor vilja att vilja utveckla sin undervisning fram\u00e5t. Helt klart \u00e4r i alla fall att TCRWP-inspirerat arbete verkligen gynnar ALLA elever och kanske \u00e4r n\u00f6dv\u00e4ndigt f\u00f6r nyanl\u00e4nda elever. (Sj\u00e4lvklart finns det \u00e4ven andra gynnsamma v\u00e4gar att g\u00e5 n\u00e4r det g\u00e4ller undervisning av nyanl\u00e4nda elever, till exempel med cirkelmodellen, som har stora likheter med det jag ska f\u00f6rs\u00f6ka skriva om h\u00e4r.)<\/p>\n<p>Jag t\u00e4nkte i alla fall f\u00f6rs\u00f6ka visa p\u00e5, i stora drag, vad TCRWP \u00e4r men jag kommer s\u00e4kert missa n\u00e5got. D\u00e4rf\u00f6r \u00e4r det bara bra om du som tycker att jag gl\u00f6mt n\u00e5got kommenterar och l\u00e4gger till. Jag har ocks\u00e5 t\u00e4nkt att l\u00e4nka till flera filmer som visar p\u00e5 olika delar, t ex minilektioner, gemensam l\u00e4sning och s\u00e5 vidare.<\/p>\n<p>En f\u00f6rsta reaktion fr\u00e5n andra som ser filmerna brukar vara att det inte \u00e4r filmat i en svensk skola med v\u00e5ra elever och att det inte g\u00e5r att f\u00e5 s\u00e5dant fokus h\u00e4r. Det \u00e4r inte sant. D\u00e4remot kommer inte fokus och ordning av sig sj\u00e4lv, det kr\u00e4vs mycket tr\u00e4ning och m\u00e5nga minilektioner som behandlar just strukturen f\u00f6r att n\u00e5 dit. Eleverna b\u00f6rjar till exempel inte st\u00e4lla fr\u00e5gor till varandra i ett parsamtal utan explicit undervisning. De filmer jag valt ut visar mest yngre elever just f\u00f6r att jag arbetar med dessa. Det finns m\u00e5nga exempel ur klassrum med \u00e4ldre elever ocks\u00e5.\u00a0<a href=\"https:\/\/readingandwritingproject.org\/resources\/units-of-study-implementation\/units-of-study-classroom-videos\">H\u00e4r<\/a> kan du hitta m\u00e5nga exempel p\u00e5 filmer. Om du tittar p\u00e5 en film \u00e4r det l\u00e4ttare att hitta fler sedan (alla syns inte fr\u00e5n b\u00f6rjan). P\u00e5 Youtube finns ocks\u00e5 m\u00e5nga exempel, en del bra men ocks\u00e5 m\u00e5nga mindre bra (som inte \u00e4r fr\u00e5n TCRWP).<\/p>\n<p>TCRWP \u00e4r till att b\u00f6rja med ett permanent forskningsprojekt i NYC. Jag har haft turen att f\u00e5 \u00e5ka dit tre g\u00e5nger p\u00e5 kurs, n\u00e5got jag verkligen rekommenderar (men s\u00f6k stipendium och kurs i tid och h\u00e5ll dina tummar h\u00e5rt, det blir allt sv\u00e5rare att f\u00e5 plats). I aktuella kunskaps\u00f6versikter, st\u00f6dmaterial och rapporter kring l\u00e4s- och skrivfr\u00e5gor finns <em>s\u00e5 mycket<\/em> som st\u00f6der tankarna kring TCRWP. Vi som redan \u00e4lskar detta s\u00e4tt att arbeta och t\u00e4nka brukar \u00e4gna till exempel f\u00f6rel\u00e4sningar \u00e5t att nicka igenk\u00e4nnande \u00e5t varandra eller f\u00f6r oss sj\u00e4lva.<\/p>\n<p>Nu t\u00e4nkte jag f\u00f6rs\u00f6ka dela upp resten av texten i n\u00e5gon slags punktlista med de ledord jag tycker \u00e4r viktiga. Dessa markerar jag med fetstil. Vi f\u00e5r se hur det blir. Det blir kanske m\u00e5nga ord med fet stil ? och troligtvis ingen riktigt tydlig lista. F\u00f6rresten, innan listan b\u00f6rjar, \u00e4r det viktigt att tala om att undervisningen, vad g\u00e4ller l\u00e4s- och skriv, bedrivs i<strong> workshopsmodell<\/strong> som inneh\u00e5ller olika delar:<\/p>\n<ul>\n<li><em>minilektion med en undervisningspo\u00e4ng<\/em> (minilektionen i sig inneh\u00e5ller ocks\u00e5 specifika moment: anknytning, undervisningspo\u00e4ng, modellering, pr\u00f6va p\u00e5 och vidarekoppling med tydlig \u00e5terkoppling till undervisningspo\u00e4ngen. En <em>undervisningspo\u00e4ng<\/em>\u00a0\u00e4r ett specifikt, avgr\u00e4nsat moment som l\u00e4rs ut, till exempel: att g\u00f6ra din inledning i texten mer intressant eller att fundera kring vad karakt\u00e4ren i boken du l\u00e4ser har f\u00f6r personlighetsdrag).<\/li>\n<li><em>arbete p\u00e5 egen hand<\/em> (med hj\u00e4lp av t ex st\u00f6dstruktur i form av planscher) d\u00e4r eleven tr\u00e4nar p\u00e5 det som l\u00e4rts ut i minilektionen, <em>v\u00e4gledande samtal med l\u00e4raren <\/em>(sker under tiden som eleverna arbetar p\u00e5 egen hand). Dessutom kan l\u00e4raren samla elever i sm\u00e5grupper under elevernas sj\u00e4lvst\u00e4ndiga arbete.<\/li>\n<li><em>\u00e5tersamling<\/em> d\u00e4r erfarenheter delges och <em>vidarekoppling fram\u00e5t<\/em> d\u00e4r undervisningspo\u00e4ngen upprepas. Det finns \u00e4ven andra delar som \u00e4r s\u00e4rskilt viktiga och som inte n\u00f6dv\u00e4ndigtvis sker under workshopen: till exempel reflekterande h\u00f6gl\u00e4sning med parsamtal samt gemensam l\u00e4sning. \u00a0Sedan finns det allts\u00e5 flera andra moment som till exempel olika former av sm\u00e5gruppsarbete som jag inte g\u00e5r in p\u00e5 nu.<\/li>\n<\/ul>\n<p><strong>Nu ett f\u00f6rs\u00f6k till lista med ledord och filmer som passar in efter dessa:<\/strong><\/p>\n<ul>\n<li>F\u00f6rh\u00e5llningss\u00e4ttet inneb\u00e4r mycket <strong>interaktion<\/strong> <strong>mellan elever<\/strong> och interaktion mellan <strong>l\u00e4rare och elev<\/strong>. <strong>Dialog och samarbete<\/strong> \u00e4r centralt. Att arbeta medvetet med Teachers College medf\u00f6r ocks\u00e5 att det skapas <strong>lugn och struktur<\/strong> i klassen. <strong>Grunden f\u00f6r lektionerna \u00e4r alltid densamma och tydlig f\u00f6r alla elever<\/strong>. S\u00e4g den elev som inte gynnas av det? Om man som l\u00e4rare arbetar genomt\u00e4nkt och medvetet skapas faktiskt det lugn som beh\u00f6vs f\u00f6r att till exempel kunna ha <strong>v\u00e4gledande samtal<\/strong> med alla elever regelbundet. Dessutom finns det inte en elev som l\u00e4raren inte har koll p\u00e5. Du kommer veta exakt var alla befinner sig i sin l\u00e4s- och skrivutveckling. Kanske blir <strong>god k\u00e4nnedom om eleverna <\/strong>ledorden g\u00e4llande detta.<\/li>\n<\/ul>\n<p><strong>Filmer som visar v\u00e4gledande samtal:<\/strong><\/p>\n<p><iframe loading=\"lazy\" title=\"A Reading Conference: Assessment-Based Responsive Teaching to Support Comprehension ( K-2 )\" src=\"https:\/\/player.vimeo.com\/video\/55957324?dnt=1&amp;app_id=122963\" width=\"500\" height=\"375\"  allow=\"autoplay; fullscreen; picture-in-picture; clipboard-write\"><\/iframe><\/p>\n<p><a href=\"https:\/\/www.youtube.com\/watch?v=lTgk89dhX1g&#038;t=73s\">https:\/\/www.youtube.com\/watch?v=lTgk89dhX1g&amp;t=73s<\/a><\/p>\n<p>Exempel p\u00e5 st\u00f6dstruktur i form av affischkarta: <em>T\u00e4nk p\u00e5 att s\u00e5 kallade affischkartor inte \u00e4r lyckade att bara kopiera r\u00e4tt av, de skrivs\u00a0<\/em><em>b\u00e4st inf\u00f6r elev<\/em><em>erna i en minilektion (eller i alla fall presenteras och modelleras i en minilektion).<\/em> <strong>\u00a0<\/strong> <strong>\u00a0<\/strong>\u00a0<strong>\u00a0<\/strong> <strong>\u00a0<\/strong><\/p>\n<p><img loading=\"lazy\" decoding=\"async\" class=\"wp-image-305 aligncenter\" src=\"https:\/\/lartorget.goteborg.se\/sprakskatten\/wp-content\/uploads\/sites\/9\/2018\/08\/IMG_2384-e1534686836274-225x300.jpg\" alt=\"\" width=\"182\" height=\"244\" srcset=\"https:\/\/lartorget.goteborg.se\/sprakskatten\/wp-content\/uploads\/sites\/9\/2018\/08\/IMG_2384-e1534686836274-225x300.jpg 225w, https:\/\/lartorget.goteborg.se\/sprakskatten\/wp-content\/uploads\/sites\/9\/2018\/08\/IMG_2384-e1534686836274-360x480.jpg 360w, https:\/\/lartorget.goteborg.se\/sprakskatten\/wp-content\/uploads\/sites\/9\/2018\/08\/IMG_2384-e1534686836274-1084x1445.jpg 1084w, https:\/\/lartorget.goteborg.se\/sprakskatten\/wp-content\/uploads\/sites\/9\/2018\/08\/IMG_2384-e1534686836274-531x708.jpg 531w, https:\/\/lartorget.goteborg.se\/sprakskatten\/wp-content\/uploads\/sites\/9\/2018\/08\/IMG_2384-e1534686836274-350x467.jpg 350w, https:\/\/lartorget.goteborg.se\/sprakskatten\/wp-content\/uploads\/sites\/9\/2018\/08\/IMG_2384-e1534686836274-260x347.jpg 260w, https:\/\/lartorget.goteborg.se\/sprakskatten\/wp-content\/uploads\/sites\/9\/2018\/08\/IMG_2384-e1534686836274-768x1024.jpg 768w\" sizes=\"auto, (max-width: 182px) 100vw, 182px\" \/><\/p>\n<p><strong>Film som visar samtal mellan elever (parsamtal syns ocks\u00e5 senare i minilektionsfilmerna):<\/strong><\/p>\n<p><a href=\"https:\/\/www.youtube.com\/watch?v=b_2Rc5nCG5Q\">https:\/\/www.youtube.com\/watch?v=b_2Rc5nCG5Q<\/a><\/p>\n<ul>\n<li><strong>L\u00e4raren \u00e4r\u00a0viktig<\/strong>. Det \u00e4r hen som bygger upp de <strong>byggnadsst\u00e4llningar\/st\u00f6ttning <\/strong>som eleverna beh\u00f6ver genom att <strong>modellera, undervisa i sm\u00e5 steg, l\u00e4gga sig p\u00e5 r\u00e4tt niv\u00e5 <\/strong>(genom att unders\u00f6ka vad eleverna beh\u00f6ver) och finslipa sin undervisningsteknik genom att kunna planera sina lektioner efter en tydlig, genomt\u00e4nkt struktur. Att verkligen l\u00e4gga ner tid p\u00e5 att f\u00f6lja den struktur som finns f\u00f6r till exempel <strong>minilektioner <\/strong>\u00e4r\u00a0 meningsfullt och ger framg\u00e5ng. Att planera i stunden, l\u00e4gga till lite mer och kanske hoppa \u00f6ver vissa delar ger inte lika bra resultat. Tro mig, jag vet av egen erfarenhet.<strong>\u00a0<\/strong><\/li>\n<\/ul>\n<p><strong>Filmer som visar minilektioner<\/strong>:<\/p>\n<p><iframe loading=\"lazy\" title=\"Rick&#039;s Reading Workshop  Mini Lesson\" width=\"500\" height=\"281\" src=\"https:\/\/www.youtube.com\/embed\/LPHVmIOcFbg?feature=oembed\"  allow=\"accelerometer; autoplay; clipboard-write; encrypted-media; gyroscope; picture-in-picture; web-share\" referrerpolicy=\"strict-origin-when-cross-origin\" allowfullscreen><\/iframe><\/p>\n<p><iframe loading=\"lazy\" title=\"Envisioning to Write with Detail - Minilesson\" src=\"https:\/\/player.vimeo.com\/video\/141188488?dnt=1&amp;app_id=122963\" width=\"500\" height=\"375\"  allow=\"autoplay; fullscreen; picture-in-picture; clipboard-write\"><\/iframe><\/p>\n<p><iframe loading=\"lazy\" title=\"Second Grade # 3 - Reading Minilesson\" src=\"https:\/\/player.vimeo.com\/video\/85966628?dnt=1&amp;app_id=122963\" width=\"500\" height=\"281\"  allow=\"autoplay; fullscreen; picture-in-picture; clipboard-write\"><\/iframe><\/p>\n<p><strong>Film som visar exempel p\u00e5 gemensam l\u00e4sning:\u00a0<\/strong><\/p>\n<p><iframe loading=\"lazy\" title=\"First Grade # 3 - Shared Reading Experience\" src=\"https:\/\/player.vimeo.com\/video\/85961675?dnt=1&amp;app_id=122963\" width=\"500\" height=\"281\"  allow=\"autoplay; fullscreen; picture-in-picture; clipboard-write\"><\/iframe><\/p>\n<p><strong>Film som visar exempel p\u00e5 reflekterande, dialogisk h\u00f6gl\u00e4sning. Finns ocks\u00e5 exempel i en av minilektionsfilmerna: \u00a0<\/strong><\/p>\n<p><iframe loading=\"lazy\" title=\"Bringing Close Reading and Text-Based Questions into an Interactive Read Aloud of Bugs! Bugs! Bugs! (K-2)\" src=\"https:\/\/player.vimeo.com\/video\/55950927?dnt=1&amp;app_id=122963\" width=\"500\" height=\"281\"  allow=\"autoplay; fullscreen; picture-in-picture; clipboard-write\"><\/iframe><\/p>\n<ul>\n<li><strong>Tilltro eleven och dennes f\u00f6rm\u00e5ga<\/strong>! Det finns en tilltro till att alla kan och l\u00e4raren lyfter alltid fram goda exempel ist\u00e4llet f\u00f6r att eventuellt peka p\u00e5 vad elever \u201dg\u00f6r fel\u201d.<\/li>\n<li>Elever som ges m\u00f6jlighet att arbeta s\u00e5 h\u00e4r utvecklar en <strong>tro p\u00e5 sig sj\u00e4lva<\/strong> och ett \u00f6kat <strong>dynamiskt mindset. <\/strong>Det blir fler elever som t\u00e4nker, s\u00e4ger och visar att de vill, v\u00e5gar och kan.\u00a0 Det finns ocks\u00e5 en stark tanke om att alla elever i framtiden ska bli\u00a0 samh\u00e4llsmedborgare med en god l\u00e4s- och skrivf\u00f6rm\u00e5ga samt en tro p\u00e5 sin egen r\u00f6st och f\u00f6rm\u00e5ga att p\u00e5verka.<\/li>\n<\/ul>\n<p>F\u00f6r mig som l\u00e4rare har arbetet med TCRWP blivit en gl\u00e4dje, n\u00e5got som jag ser utvecklar eleverna och n\u00e5got jag kan vila i. Det st\u00f6djer mina tankar om hur jag tror l\u00e4rande g\u00e5r till och har utvecklat min undervisning fram\u00e5t. D\u00e4rmed inte sagt att jag \u00e4r full\u00e4rd. Det tror jag inte n\u00e5gon kan bli och dessutom utvecklas arbetet fram\u00e5t i NYC hela tiden.<\/p>\n<p>F\u00f6r mig betyder Teachers College-tankarna ocks\u00e5 en slags inst\u00e4llning om att jag som l\u00e4rare hela tiden vill och f\u00f6rs\u00f6ker utveckla min undervisning. \u00a0Jag kommer aldrig klappa mig sj\u00e4lv p\u00e5 axeln och t\u00e4nka att jag \u00e4r helt n\u00f6jd och f\u00e4rdig. Vill du ocks\u00e5 inspireras av Teachers College? Kanske \u00e4r det f\u00f6rsta steget helt enkelt att b\u00f6rja fundera p\u00e5 hur du tror att l\u00e4rande g\u00e5r till och vad elever beh\u00f6ver f\u00f6r att lyckas. Tror du sedan som jag, att l\u00e4rande sker i ett sammanhang, tillsammans med andra med tydlighet och st\u00f6ttning p\u00e5 r\u00e4tt niv\u00e5 \u00e4r kanske dags att ta steget mot n\u00e5got nytt och sp\u00e4nnande?<\/p>\n<p>Avslutningsvis vill jag g\u00e4rna puffa f\u00f6r tv\u00e5dagarskursen som Center f\u00f6r skolutveckling anordnar m\u00e5ndag-tisdag vecka 44 som just tar avstamp i TCRWP. <a href=\"http:\/\/goteborg.se\/wps\/portal\/enhetssida\/center-for-skolutveckling\/aktuelltarkiv\/aktuelltsida\/a4940d56-9566-4586-a60e-34206b723fe1\">H\u00e4r<\/a> kan du l\u00e4sa mer om detta. Hoppas vi ses d\u00e4r.\u00a0<strong>Tack till dig som l\u00e4ste \u00e4nda hit!<\/strong> Gl\u00f6m nu inte att kommentera om jag gl\u00f6mt n\u00e5got som du tycker \u00e4r viktigt eller om du vill fr\u00e5ga n\u00e5got\/Anna<\/p>\n","protected":false},"excerpt":{"rendered":"<p>Fr\u00e5gorna i rubriken funderar jag extra mycket p\u00e5 just nu. P\u00e5 min skola arbetar vi inspirerat utifr\u00e5n TCRWP (Teachers College Reading and Writing Project) och detta l\u00e4s\u00e5r \u00e4r min tj\u00e4nst f\u00f6r\u00e4ndrad s\u00e5 att jag bland annat kommer att ha m\u00f6jlighet att vara med andra l\u00e4rare p\u00e5 plats i klassrummen, s\u00e5 att vi tillsammans ska kunna [&hellip;]<\/p>\n","protected":false},"author":26,"featured_media":308,"comment_status":"open","ping_status":"open","sticky":false,"template":"","format":"standard","meta":{"_acf_changed":false,"footnotes":""},"categories":[262,318,276,38,30,60],"coauthors":[106],"class_list":["post-304","post","type-post","status-publish","format-standard","has-post-thumbnail","hentry","category-teachers-college-reading-and-writing-project","category-interkulturellt-forhallningssatt","category-grundskola","category-grundskola-1-3","category-sprakutveckling","category-svenska-som-andrasprak"],"acf":[],"yoast_head":"<!-- This site is optimized with the Yoast SEO plugin v27.5 - https:\/\/yoast.com\/product\/yoast-seo-wordpress\/ -->\n<title>Vad \u00e4r egentligen Teachers College Reading and Writing Project och vad kan det inneb\u00e4ra rent konkret i klassrummet? - Spr\u00e5kskatten<\/title>\n<meta name=\"robots\" content=\"index, follow, max-snippet:-1, max-image-preview:large, max-video-preview:-1\" \/>\n<link rel=\"canonical\" href=\"https:\/\/lartorget.goteborg.se\/sprakskatten\/2018\/08\/29\/vad-ar-egentligen-teachers-college-reading-and-writing-project-och-vad-kan-det-innebara-rent-konkret-i-klassrummet\/\" \/>\n<meta property=\"og:locale\" content=\"sv_SE\" \/>\n<meta property=\"og:type\" content=\"article\" \/>\n<meta property=\"og:title\" content=\"Vad \u00e4r egentligen Teachers College Reading and Writing Project och vad kan det inneb\u00e4ra rent konkret i klassrummet? - Spr\u00e5kskatten\" \/>\n<meta property=\"og:description\" content=\"Fr\u00e5gorna i rubriken funderar jag extra mycket p\u00e5 just nu. P\u00e5 min skola arbetar vi inspirerat utifr\u00e5n TCRWP (Teachers College Reading and Writing Project) och detta l\u00e4s\u00e5r \u00e4r min tj\u00e4nst f\u00f6r\u00e4ndrad s\u00e5 att jag bland annat kommer att ha m\u00f6jlighet att vara med andra l\u00e4rare p\u00e5 plats i klassrummen, s\u00e5 att vi tillsammans ska kunna [&hellip;]\" \/>\n<meta property=\"og:url\" content=\"https:\/\/lartorget.goteborg.se\/sprakskatten\/2018\/08\/29\/vad-ar-egentligen-teachers-college-reading-and-writing-project-och-vad-kan-det-innebara-rent-konkret-i-klassrummet\/\" \/>\n<meta property=\"og:site_name\" content=\"Spr\u00e5kskatten\" \/>\n<meta property=\"article:published_time\" content=\"2018-08-29T07:48:51+00:00\" \/>\n<meta property=\"article:modified_time\" content=\"2024-04-16T12:11:17+00:00\" \/>\n<meta property=\"og:image\" content=\"https:\/\/lartorget.goteborg.se\/sprakskatten\/wp-content\/uploads\/sites\/9\/2018\/08\/education-919895__340.jpg\" \/>\n\t<meta property=\"og:image:width\" content=\"502\" \/>\n\t<meta property=\"og:image:height\" content=\"340\" \/>\n\t<meta property=\"og:image:type\" content=\"image\/jpeg\" \/>\n<meta name=\"author\" content=\"Anna M\u00e5nsson Nylund\" \/>\n<meta name=\"twitter:card\" content=\"summary_large_image\" \/>\n<meta name=\"twitter:label1\" content=\"Skriven av\" \/>\n\t<meta name=\"twitter:data1\" content=\"Anna M\u00e5nsson Nylund\" \/>\n\t<meta name=\"twitter:label2\" content=\"Ber\u00e4knad l\u00e4stid\" \/>\n\t<meta name=\"twitter:data2\" content=\"8 minuter\" \/>\n<script type=\"application\/ld+json\" class=\"yoast-schema-graph\">{\"@context\":\"https:\\\/\\\/schema.org\",\"@graph\":[{\"@type\":\"Article\",\"@id\":\"https:\\\/\\\/lartorget.goteborg.se\\\/sprakskatten\\\/2018\\\/08\\\/29\\\/vad-ar-egentligen-teachers-college-reading-and-writing-project-och-vad-kan-det-innebara-rent-konkret-i-klassrummet\\\/#article\",\"isPartOf\":{\"@id\":\"https:\\\/\\\/lartorget.goteborg.se\\\/sprakskatten\\\/2018\\\/08\\\/29\\\/vad-ar-egentligen-teachers-college-reading-and-writing-project-och-vad-kan-det-innebara-rent-konkret-i-klassrummet\\\/\"},\"author\":{\"name\":\"Anna M\u00e5nsson Nylund\",\"@id\":\"https:\\\/\\\/lartorget.goteborg.se\\\/sprakskatten\\\/#\\\/schema\\\/person\\\/fe5a3c5bb7d13e65abf65c8613828c8c\"},\"headline\":\"Vad \u00e4r egentligen Teachers College Reading and Writing Project och vad kan det inneb\u00e4ra rent konkret i klassrummet?\",\"datePublished\":\"2018-08-29T07:48:51+00:00\",\"dateModified\":\"2024-04-16T12:11:17+00:00\",\"mainEntityOfPage\":{\"@id\":\"https:\\\/\\\/lartorget.goteborg.se\\\/sprakskatten\\\/2018\\\/08\\\/29\\\/vad-ar-egentligen-teachers-college-reading-and-writing-project-och-vad-kan-det-innebara-rent-konkret-i-klassrummet\\\/\"},\"wordCount\":1716,\"commentCount\":4,\"image\":{\"@id\":\"https:\\\/\\\/lartorget.goteborg.se\\\/sprakskatten\\\/2018\\\/08\\\/29\\\/vad-ar-egentligen-teachers-college-reading-and-writing-project-och-vad-kan-det-innebara-rent-konkret-i-klassrummet\\\/#primaryimage\"},\"thumbnailUrl\":\"https:\\\/\\\/lartorget.goteborg.se\\\/sprakskatten\\\/wp-content\\\/uploads\\\/sites\\\/9\\\/2018\\\/08\\\/education-919895__340.jpg\",\"keywords\":[\"grundskola 1-3\",\"nyanl\u00e4nda\",\"spr\u00e5kutveckling\",\"svenska som andraspr\u00e5k\"],\"articleSection\":[\"Advancing literacy (Teachers College)\",\"Flerspr\u00e5kighet och interkulturellt f\u00f6rh\u00e5llningss\u00e4tt\",\"Grundskola\",\"Grundskola 1-3\",\"Spr\u00e5kutveckling\",\"Svenska som andraspr\u00e5k\"],\"inLanguage\":\"sv-SE\",\"potentialAction\":[{\"@type\":\"CommentAction\",\"name\":\"Comment\",\"target\":[\"https:\\\/\\\/lartorget.goteborg.se\\\/sprakskatten\\\/2018\\\/08\\\/29\\\/vad-ar-egentligen-teachers-college-reading-and-writing-project-och-vad-kan-det-innebara-rent-konkret-i-klassrummet\\\/#respond\"]}]},{\"@type\":\"WebPage\",\"@id\":\"https:\\\/\\\/lartorget.goteborg.se\\\/sprakskatten\\\/2018\\\/08\\\/29\\\/vad-ar-egentligen-teachers-college-reading-and-writing-project-och-vad-kan-det-innebara-rent-konkret-i-klassrummet\\\/\",\"url\":\"https:\\\/\\\/lartorget.goteborg.se\\\/sprakskatten\\\/2018\\\/08\\\/29\\\/vad-ar-egentligen-teachers-college-reading-and-writing-project-och-vad-kan-det-innebara-rent-konkret-i-klassrummet\\\/\",\"name\":\"Vad \u00e4r egentligen Teachers College Reading and Writing Project och vad kan det inneb\u00e4ra rent konkret i klassrummet? - Spr\u00e5kskatten\",\"isPartOf\":{\"@id\":\"https:\\\/\\\/lartorget.goteborg.se\\\/sprakskatten\\\/#website\"},\"primaryImageOfPage\":{\"@id\":\"https:\\\/\\\/lartorget.goteborg.se\\\/sprakskatten\\\/2018\\\/08\\\/29\\\/vad-ar-egentligen-teachers-college-reading-and-writing-project-och-vad-kan-det-innebara-rent-konkret-i-klassrummet\\\/#primaryimage\"},\"image\":{\"@id\":\"https:\\\/\\\/lartorget.goteborg.se\\\/sprakskatten\\\/2018\\\/08\\\/29\\\/vad-ar-egentligen-teachers-college-reading-and-writing-project-och-vad-kan-det-innebara-rent-konkret-i-klassrummet\\\/#primaryimage\"},\"thumbnailUrl\":\"https:\\\/\\\/lartorget.goteborg.se\\\/sprakskatten\\\/wp-content\\\/uploads\\\/sites\\\/9\\\/2018\\\/08\\\/education-919895__340.jpg\",\"datePublished\":\"2018-08-29T07:48:51+00:00\",\"dateModified\":\"2024-04-16T12:11:17+00:00\",\"author\":{\"@id\":\"https:\\\/\\\/lartorget.goteborg.se\\\/sprakskatten\\\/#\\\/schema\\\/person\\\/fe5a3c5bb7d13e65abf65c8613828c8c\"},\"breadcrumb\":{\"@id\":\"https:\\\/\\\/lartorget.goteborg.se\\\/sprakskatten\\\/2018\\\/08\\\/29\\\/vad-ar-egentligen-teachers-college-reading-and-writing-project-och-vad-kan-det-innebara-rent-konkret-i-klassrummet\\\/#breadcrumb\"},\"inLanguage\":\"sv-SE\",\"potentialAction\":[{\"@type\":\"ReadAction\",\"target\":[\"https:\\\/\\\/lartorget.goteborg.se\\\/sprakskatten\\\/2018\\\/08\\\/29\\\/vad-ar-egentligen-teachers-college-reading-and-writing-project-och-vad-kan-det-innebara-rent-konkret-i-klassrummet\\\/\"]}]},{\"@type\":\"ImageObject\",\"inLanguage\":\"sv-SE\",\"@id\":\"https:\\\/\\\/lartorget.goteborg.se\\\/sprakskatten\\\/2018\\\/08\\\/29\\\/vad-ar-egentligen-teachers-college-reading-and-writing-project-och-vad-kan-det-innebara-rent-konkret-i-klassrummet\\\/#primaryimage\",\"url\":\"https:\\\/\\\/lartorget.goteborg.se\\\/sprakskatten\\\/wp-content\\\/uploads\\\/sites\\\/9\\\/2018\\\/08\\\/education-919895__340.jpg\",\"contentUrl\":\"https:\\\/\\\/lartorget.goteborg.se\\\/sprakskatten\\\/wp-content\\\/uploads\\\/sites\\\/9\\\/2018\\\/08\\\/education-919895__340.jpg\",\"width\":502,\"height\":340},{\"@type\":\"BreadcrumbList\",\"@id\":\"https:\\\/\\\/lartorget.goteborg.se\\\/sprakskatten\\\/2018\\\/08\\\/29\\\/vad-ar-egentligen-teachers-college-reading-and-writing-project-och-vad-kan-det-innebara-rent-konkret-i-klassrummet\\\/#breadcrumb\",\"itemListElement\":[{\"@type\":\"ListItem\",\"position\":1,\"name\":\"Home\",\"item\":\"https:\\\/\\\/lartorget.goteborg.se\\\/sprakskatten\\\/\"},{\"@type\":\"ListItem\",\"position\":2,\"name\":\"Vad \u00e4r egentligen Teachers College Reading and Writing Project och vad kan det inneb\u00e4ra rent konkret i klassrummet?\"}]},{\"@type\":\"WebSite\",\"@id\":\"https:\\\/\\\/lartorget.goteborg.se\\\/sprakskatten\\\/#website\",\"url\":\"https:\\\/\\\/lartorget.goteborg.se\\\/sprakskatten\\\/\",\"name\":\"Spr\u00e5kskatten\",\"description\":\"En till Pedagogen Gbg-webbplatser webbplats\",\"potentialAction\":[{\"@type\":\"SearchAction\",\"target\":{\"@type\":\"EntryPoint\",\"urlTemplate\":\"https:\\\/\\\/lartorget.goteborg.se\\\/sprakskatten\\\/?s={search_term_string}\"},\"query-input\":{\"@type\":\"PropertyValueSpecification\",\"valueRequired\":true,\"valueName\":\"search_term_string\"}}],\"inLanguage\":\"sv-SE\"},{\"@type\":\"Person\",\"@id\":\"https:\\\/\\\/lartorget.goteborg.se\\\/sprakskatten\\\/#\\\/schema\\\/person\\\/fe5a3c5bb7d13e65abf65c8613828c8c\",\"name\":\"Anna M\u00e5nsson Nylund\",\"image\":{\"@type\":\"ImageObject\",\"inLanguage\":\"sv-SE\",\"@id\":\"https:\\\/\\\/lartorget.goteborg.se\\\/sprakskatten\\\/wp-content\\\/uploads\\\/Profilbilder-medarbetare\\\/annamanssonnylund.jpg95844072c7ef89df82da9a930a6cedc4\",\"url\":\"https:\\\/\\\/lartorget.goteborg.se\\\/sprakskatten\\\/wp-content\\\/uploads\\\/Profilbilder-medarbetare\\\/annamanssonnylund.jpg\",\"contentUrl\":\"https:\\\/\\\/lartorget.goteborg.se\\\/sprakskatten\\\/wp-content\\\/uploads\\\/Profilbilder-medarbetare\\\/annamanssonnylund.jpg\",\"caption\":\"Anna M\u00e5nsson Nylund\"},\"url\":\"https:\\\/\\\/lartorget.goteborg.se\\\/sprakskatten\\\/author\\\/anna\\\/\"}]}<\/script>\n<!-- \/ Yoast SEO plugin. -->","yoast_head_json":{"title":"Vad \u00e4r egentligen Teachers College Reading and Writing Project och vad kan det inneb\u00e4ra rent konkret i klassrummet? - Spr\u00e5kskatten","robots":{"index":"index","follow":"follow","max-snippet":"max-snippet:-1","max-image-preview":"max-image-preview:large","max-video-preview":"max-video-preview:-1"},"canonical":"https:\/\/lartorget.goteborg.se\/sprakskatten\/2018\/08\/29\/vad-ar-egentligen-teachers-college-reading-and-writing-project-och-vad-kan-det-innebara-rent-konkret-i-klassrummet\/","og_locale":"sv_SE","og_type":"article","og_title":"Vad \u00e4r egentligen Teachers College Reading and Writing Project och vad kan det inneb\u00e4ra rent konkret i klassrummet? - Spr\u00e5kskatten","og_description":"Fr\u00e5gorna i rubriken funderar jag extra mycket p\u00e5 just nu. P\u00e5 min skola arbetar vi inspirerat utifr\u00e5n TCRWP (Teachers College Reading and Writing Project) och detta l\u00e4s\u00e5r \u00e4r min tj\u00e4nst f\u00f6r\u00e4ndrad s\u00e5 att jag bland annat kommer att ha m\u00f6jlighet att vara med andra l\u00e4rare p\u00e5 plats i klassrummen, s\u00e5 att vi tillsammans ska kunna [&hellip;]","og_url":"https:\/\/lartorget.goteborg.se\/sprakskatten\/2018\/08\/29\/vad-ar-egentligen-teachers-college-reading-and-writing-project-och-vad-kan-det-innebara-rent-konkret-i-klassrummet\/","og_site_name":"Spr\u00e5kskatten","article_published_time":"2018-08-29T07:48:51+00:00","article_modified_time":"2024-04-16T12:11:17+00:00","og_image":[{"width":502,"height":340,"url":"https:\/\/lartorget.goteborg.se\/sprakskatten\/wp-content\/uploads\/sites\/9\/2018\/08\/education-919895__340.jpg","type":"image\/jpeg"}],"author":"Anna M\u00e5nsson Nylund","twitter_card":"summary_large_image","twitter_misc":{"Skriven av":"Anna M\u00e5nsson Nylund","Ber\u00e4knad l\u00e4stid":"8 minuter"},"schema":{"@context":"https:\/\/schema.org","@graph":[{"@type":"Article","@id":"https:\/\/lartorget.goteborg.se\/sprakskatten\/2018\/08\/29\/vad-ar-egentligen-teachers-college-reading-and-writing-project-och-vad-kan-det-innebara-rent-konkret-i-klassrummet\/#article","isPartOf":{"@id":"https:\/\/lartorget.goteborg.se\/sprakskatten\/2018\/08\/29\/vad-ar-egentligen-teachers-college-reading-and-writing-project-och-vad-kan-det-innebara-rent-konkret-i-klassrummet\/"},"author":{"name":"Anna M\u00e5nsson Nylund","@id":"https:\/\/lartorget.goteborg.se\/sprakskatten\/#\/schema\/person\/fe5a3c5bb7d13e65abf65c8613828c8c"},"headline":"Vad \u00e4r egentligen Teachers College Reading and Writing Project och vad kan det inneb\u00e4ra rent konkret i klassrummet?","datePublished":"2018-08-29T07:48:51+00:00","dateModified":"2024-04-16T12:11:17+00:00","mainEntityOfPage":{"@id":"https:\/\/lartorget.goteborg.se\/sprakskatten\/2018\/08\/29\/vad-ar-egentligen-teachers-college-reading-and-writing-project-och-vad-kan-det-innebara-rent-konkret-i-klassrummet\/"},"wordCount":1716,"commentCount":4,"image":{"@id":"https:\/\/lartorget.goteborg.se\/sprakskatten\/2018\/08\/29\/vad-ar-egentligen-teachers-college-reading-and-writing-project-och-vad-kan-det-innebara-rent-konkret-i-klassrummet\/#primaryimage"},"thumbnailUrl":"https:\/\/lartorget.goteborg.se\/sprakskatten\/wp-content\/uploads\/sites\/9\/2018\/08\/education-919895__340.jpg","keywords":["grundskola 1-3","nyanl\u00e4nda","spr\u00e5kutveckling","svenska som andraspr\u00e5k"],"articleSection":["Advancing literacy (Teachers College)","Flerspr\u00e5kighet och interkulturellt f\u00f6rh\u00e5llningss\u00e4tt","Grundskola","Grundskola 1-3","Spr\u00e5kutveckling","Svenska som andraspr\u00e5k"],"inLanguage":"sv-SE","potentialAction":[{"@type":"CommentAction","name":"Comment","target":["https:\/\/lartorget.goteborg.se\/sprakskatten\/2018\/08\/29\/vad-ar-egentligen-teachers-college-reading-and-writing-project-och-vad-kan-det-innebara-rent-konkret-i-klassrummet\/#respond"]}]},{"@type":"WebPage","@id":"https:\/\/lartorget.goteborg.se\/sprakskatten\/2018\/08\/29\/vad-ar-egentligen-teachers-college-reading-and-writing-project-och-vad-kan-det-innebara-rent-konkret-i-klassrummet\/","url":"https:\/\/lartorget.goteborg.se\/sprakskatten\/2018\/08\/29\/vad-ar-egentligen-teachers-college-reading-and-writing-project-och-vad-kan-det-innebara-rent-konkret-i-klassrummet\/","name":"Vad \u00e4r egentligen Teachers College Reading and Writing Project och vad kan det inneb\u00e4ra rent konkret i klassrummet? - Spr\u00e5kskatten","isPartOf":{"@id":"https:\/\/lartorget.goteborg.se\/sprakskatten\/#website"},"primaryImageOfPage":{"@id":"https:\/\/lartorget.goteborg.se\/sprakskatten\/2018\/08\/29\/vad-ar-egentligen-teachers-college-reading-and-writing-project-och-vad-kan-det-innebara-rent-konkret-i-klassrummet\/#primaryimage"},"image":{"@id":"https:\/\/lartorget.goteborg.se\/sprakskatten\/2018\/08\/29\/vad-ar-egentligen-teachers-college-reading-and-writing-project-och-vad-kan-det-innebara-rent-konkret-i-klassrummet\/#primaryimage"},"thumbnailUrl":"https:\/\/lartorget.goteborg.se\/sprakskatten\/wp-content\/uploads\/sites\/9\/2018\/08\/education-919895__340.jpg","datePublished":"2018-08-29T07:48:51+00:00","dateModified":"2024-04-16T12:11:17+00:00","author":{"@id":"https:\/\/lartorget.goteborg.se\/sprakskatten\/#\/schema\/person\/fe5a3c5bb7d13e65abf65c8613828c8c"},"breadcrumb":{"@id":"https:\/\/lartorget.goteborg.se\/sprakskatten\/2018\/08\/29\/vad-ar-egentligen-teachers-college-reading-and-writing-project-och-vad-kan-det-innebara-rent-konkret-i-klassrummet\/#breadcrumb"},"inLanguage":"sv-SE","potentialAction":[{"@type":"ReadAction","target":["https:\/\/lartorget.goteborg.se\/sprakskatten\/2018\/08\/29\/vad-ar-egentligen-teachers-college-reading-and-writing-project-och-vad-kan-det-innebara-rent-konkret-i-klassrummet\/"]}]},{"@type":"ImageObject","inLanguage":"sv-SE","@id":"https:\/\/lartorget.goteborg.se\/sprakskatten\/2018\/08\/29\/vad-ar-egentligen-teachers-college-reading-and-writing-project-och-vad-kan-det-innebara-rent-konkret-i-klassrummet\/#primaryimage","url":"https:\/\/lartorget.goteborg.se\/sprakskatten\/wp-content\/uploads\/sites\/9\/2018\/08\/education-919895__340.jpg","contentUrl":"https:\/\/lartorget.goteborg.se\/sprakskatten\/wp-content\/uploads\/sites\/9\/2018\/08\/education-919895__340.jpg","width":502,"height":340},{"@type":"BreadcrumbList","@id":"https:\/\/lartorget.goteborg.se\/sprakskatten\/2018\/08\/29\/vad-ar-egentligen-teachers-college-reading-and-writing-project-och-vad-kan-det-innebara-rent-konkret-i-klassrummet\/#breadcrumb","itemListElement":[{"@type":"ListItem","position":1,"name":"Home","item":"https:\/\/lartorget.goteborg.se\/sprakskatten\/"},{"@type":"ListItem","position":2,"name":"Vad \u00e4r egentligen Teachers College Reading and Writing Project och vad kan det inneb\u00e4ra rent konkret i klassrummet?"}]},{"@type":"WebSite","@id":"https:\/\/lartorget.goteborg.se\/sprakskatten\/#website","url":"https:\/\/lartorget.goteborg.se\/sprakskatten\/","name":"Spr\u00e5kskatten","description":"En till Pedagogen Gbg-webbplatser webbplats","potentialAction":[{"@type":"SearchAction","target":{"@type":"EntryPoint","urlTemplate":"https:\/\/lartorget.goteborg.se\/sprakskatten\/?s={search_term_string}"},"query-input":{"@type":"PropertyValueSpecification","valueRequired":true,"valueName":"search_term_string"}}],"inLanguage":"sv-SE"},{"@type":"Person","@id":"https:\/\/lartorget.goteborg.se\/sprakskatten\/#\/schema\/person\/fe5a3c5bb7d13e65abf65c8613828c8c","name":"Anna M\u00e5nsson Nylund","image":{"@type":"ImageObject","inLanguage":"sv-SE","@id":"https:\/\/lartorget.goteborg.se\/sprakskatten\/wp-content\/uploads\/Profilbilder-medarbetare\/annamanssonnylund.jpg95844072c7ef89df82da9a930a6cedc4","url":"https:\/\/lartorget.goteborg.se\/sprakskatten\/wp-content\/uploads\/Profilbilder-medarbetare\/annamanssonnylund.jpg","contentUrl":"https:\/\/lartorget.goteborg.se\/sprakskatten\/wp-content\/uploads\/Profilbilder-medarbetare\/annamanssonnylund.jpg","caption":"Anna M\u00e5nsson Nylund"},"url":"https:\/\/lartorget.goteborg.se\/sprakskatten\/author\/anna\/"}]}},"_links":{"self":[{"href":"https:\/\/lartorget.goteborg.se\/sprakskatten\/wp-json\/wp\/v2\/posts\/304","targetHints":{"allow":["GET"]}}],"collection":[{"href":"https:\/\/lartorget.goteborg.se\/sprakskatten\/wp-json\/wp\/v2\/posts"}],"about":[{"href":"https:\/\/lartorget.goteborg.se\/sprakskatten\/wp-json\/wp\/v2\/types\/post"}],"author":[{"embeddable":true,"href":"https:\/\/lartorget.goteborg.se\/sprakskatten\/wp-json\/wp\/v2\/users\/26"}],"replies":[{"embeddable":true,"href":"https:\/\/lartorget.goteborg.se\/sprakskatten\/wp-json\/wp\/v2\/comments?post=304"}],"version-history":[{"count":31,"href":"https:\/\/lartorget.goteborg.se\/sprakskatten\/wp-json\/wp\/v2\/posts\/304\/revisions"}],"predecessor-version":[{"id":826,"href":"https:\/\/lartorget.goteborg.se\/sprakskatten\/wp-json\/wp\/v2\/posts\/304\/revisions\/826"}],"wp:featuredmedia":[{"embeddable":true,"href":"https:\/\/lartorget.goteborg.se\/sprakskatten\/wp-json\/wp\/v2\/media\/308"}],"wp:attachment":[{"href":"https:\/\/lartorget.goteborg.se\/sprakskatten\/wp-json\/wp\/v2\/media?parent=304"}],"wp:term":[{"taxonomy":"category","embeddable":true,"href":"https:\/\/lartorget.goteborg.se\/sprakskatten\/wp-json\/wp\/v2\/categories?post=304"},{"taxonomy":"author","embeddable":true,"href":"https:\/\/lartorget.goteborg.se\/sprakskatten\/wp-json\/wp\/v2\/coauthors?post=304"}],"curies":[{"name":"wp","href":"https:\/\/api.w.org\/{rel}","templated":true}]}}