
{"id":239,"date":"2018-03-21T11:41:08","date_gmt":"2018-03-21T10:41:08","guid":{"rendered":"https:\/\/lartorget.goteborg.se\/sprakskatten\/?p=239"},"modified":"2024-04-16T15:41:58","modified_gmt":"2024-04-16T13:41:58","slug":"tips-pa-hoglasning-av-bilderbocker","status":"publish","type":"post","link":"https:\/\/lartorget.goteborg.se\/sprakskatten\/2018\/03\/21\/tips-pa-hoglasning-av-bilderbocker\/","title":{"rendered":"Tips p\u00e5 h\u00f6gl\u00e4sning av bilderb\u00f6cker"},"content":{"rendered":"<p>Jag \u00e4lskar bilderb\u00f6cker och alla barn \u00e4lskar ocks\u00e5 bilderb\u00f6cker. Det g\u00e5r fint att h\u00f6gl\u00e4sa och arbeta med bilderb\u00f6cker \u00e4ven i de h\u00f6gre \u00e5ldrarna.\u00a0 Jag har till exempel haft fantastiska diskussioner kring\u00a0<strong>N\u00f6ff, n\u00f6ff Benny<\/strong>\u00a0av Barbro Lindgren med elever p\u00e5 mellanstadiet. Nu n\u00e4r jag arbetar n\u00e4stan uteslutande med barn som har svenska som andraspr\u00e5k \u00e4r bilderboken en viktig st\u00f6ttning f\u00f6r m\u00e5nga, i alla fall var det s\u00e5 de f\u00f6rsta tv\u00e5 skol\u00e5ren jag hade dem. Att l\u00e4sa kapitelb\u00f6cker blev f\u00f6rst riktigt givande i tv\u00e5an. Vi hade helt enkelt mycket att tr\u00e4na p\u00e5 i b\u00f6rjan vad g\u00e4llde att lyssna, diskutera, h\u00e5lla fokus och s\u00e5 vidare innan det gick att l\u00e4sa kapitelb\u00f6cker framg\u00e5ngsrikt.\u00a0 Troligtvis var det ocks\u00e5 s\u00e5 att jag beh\u00f6vde tr\u00e4na p\u00e5 hur jag skulle lyckas med h\u00f6gl\u00e4sningen i min nya kontext, det flerspr\u00e5kiga klassrummet, d\u00e4r jag inte hade jobbat tidigare. Jag har verkligen l\u00e4rt mig s\u00e5 mycket under de tre \u00e5r jag jobbat h\u00e4r p\u00e5 Landam\u00e4reskolan om att n\u00e5 fram, vara tydlig, ge st\u00f6ttning och jobba spr\u00e5kutvecklande. Kanske kommer jag kunna l\u00e4sa en kapitelbok och n\u00e5 fram b\u00e4ttre till alla elever om jag f\u00e5r en ny etta till h\u00f6sten? Men, en sak \u00e4r s\u00e4ker, bilderb\u00f6ckerna h\u00e4nger med \u00e4nd\u00e5.<\/p>\n<p>I bilderb\u00f6cker blir bilderna ett viktigt komplement till orden eller tv\u00e4rtom. En elev sa s\u00e5 klokt h\u00e4romdagen: \u201dbilderna ber\u00e4ttar mer \u00e4n orden\u201d n\u00e4r vi diskuterade att en l\u00e4sare inte bara l\u00e4ser text, utan ocks\u00e5 bilder. Eleverna \u00e4r helt enkelt fenomenala p\u00e5 att uppt\u00e4cka detaljer och m\u00f6nster i bilderna som vi vuxna med v\u00e5ra otr\u00e4nade \u00f6gon inte l\u00e4gger m\u00e4rke till<\/p>\n<p>En del h\u00e4vdar att det inte g\u00e5r att tr\u00e4na p\u00e5 att se inre bilder vid bilderboksl\u00e4sning men jag h\u00e5ller inte med. Inre bilder \u00e4r s\u00e5 mycket: en r\u00f6rlig film, dofter, ljud och s\u00e5 vidare. Det g\u00e5r ocks\u00e5 utm\u00e4rkt att visa bilderna i efterhand och det kan bli ett bra tillf\u00e4lle att diskutera vilka bilder som \u00e4r \u201dr\u00e4tt\u201d? De som illustrat\u00f6ren ritat eller de som barnen har i sina egna huvuden? Eleverna svarar alltid klokt p\u00e5 den fr\u00e5gan.<\/p>\n<p>Vid n\u00e5gra tillf\u00e4llen har jag haft turen att\u00a0 f\u00e5 stipendium och kommit med p\u00e5 Teachers College sommarkurser i NYC. Vid ett tillf\u00e4lle d\u00e4r lyssnade jag p\u00e5 en\u00a0underbar f\u00f6rel\u00e4sare,\u00a0<em>Stephanie Harvey,<\/em>\u00a0som forskade kring k\u00e4mpande l\u00e4sare. Hon betonade starkt att det \u00e4r just f\u00f6rm\u00e5gan att skapa inre bilder som utvecklar l\u00e4slusten och hur viktigt det \u00e4r att vi verkligen jobbar med detta i skolan. H\u00e4r blir d\u00e5 bilderboken ett viktigt redskap t\u00e4nker jag.<\/p>\n<p>Sj\u00e4lvklart \u00e4r det inte bara inre bilder som \u00e4r viktiga att undervisa om. Undervisningen m\u00e5ste \u00e4ven handla om andra strategier och faktorer som blir till redskap f\u00f6r att hj\u00e4lpa eleverna att bli t\u00e4nkande l\u00e4sare. Jag f\u00f6rs\u00f6ker alltid p\u00e5minna mina elever om att l\u00e4sning inneb\u00e4r ett stort tankearbete. Jag vill att de ska l\u00e4sa kritiskt, st\u00e4lla fr\u00e5gor, bli uppr\u00f6rda, glada, arga och s\u00e5 vidare n\u00e4r de l\u00e4ser. De m\u00e5ste f\u00e5 chans att diskutera vad de l\u00e4ser. Att bara l\u00e4sa p\u00e5 egen hand \u00e4r inte s\u00e4rskilt utvecklande.<\/p>\n<p>F\u00f6re h\u00f6gl\u00e4sningen f\u00f6rbereder jag den aktuella boken. Vad erbjuder just den h\u00e4r boken f\u00f6r m\u00f6jligheter? Vad beh\u00f6ver barnen tr\u00e4na p\u00e5? Vad har jag m\u00e4rkt under de v\u00e4gledande samtalen med eleverna? Jag l\u00e4ser h\u00f6gt, stannar upp, modellerar mitt eget t\u00e4nkande, l\u00e4ser vidare, stannar upp igen och l\u00e5ter barnen prata tv\u00e5 och tv\u00e5 (med sin pratkompis) kring best\u00e4mda fr\u00e5gor\/strategiarbete eller liknande. Detta g\u00f6r vi varje dag. Eleverna \u00e4r duktiga och blir hela tiden s\u00e4krare, t\u00e4nkande l\u00e4sare. Det kr\u00e4vs s\u00e5 klart mycket arbete f\u00f6r att f\u00e5 in rutiner f\u00f6r hur detta praktiskt g\u00e5r till. Vi har bland annat tr\u00e4nat p\u00e5 hur man ska g\u00e5 till och fr\u00e5n mattan, hur man pratar med sin pratkompis (<em>Hur sitter vi ?, Vart tittar vi?, Hur lyssnar v<\/em>i? och s\u00e5 vidare) och vi har tr\u00e4nat in hj\u00e4lpfraser som kan vara till hj\u00e4lp (<em>Hur menar du?, Vad tror du?, Jag tror&#8230; Jag tycker\u2026<\/em> och s\u00e5 vidare).<\/p>\n<p>Som avslutning t\u00e4nkte jag ge tre tips p\u00e5 bilderb\u00f6cker som jag just nu tycker om att anv\u00e4nda i undervisningen. Jag t\u00e4nkte f\u00f6rs\u00f6ka tipsa om lite nyare b\u00f6cker (i alla fall inte j\u00e4ttegamla &#8221;v\u00e4lk\u00e4nda&#8221; bilderb\u00f6cker).<\/p>\n<p><strong><img loading=\"lazy\" decoding=\"async\" class=\"size-medium wp-image-242 alignleft\" src=\"https:\/\/lartorget.goteborg.se\/sprakskatten\/wp-content\/uploads\/sites\/9\/2018\/03\/om-dagen-tar-slut-223x300.jpg\" alt=\"\" width=\"223\" height=\"300\" srcset=\"https:\/\/lartorget.goteborg.se\/sprakskatten\/wp-content\/uploads\/sites\/9\/2018\/03\/om-dagen-tar-slut-223x300.jpg 223w, https:\/\/lartorget.goteborg.se\/sprakskatten\/wp-content\/uploads\/sites\/9\/2018\/03\/om-dagen-tar-slut-360x484.jpg 360w, https:\/\/lartorget.goteborg.se\/sprakskatten\/wp-content\/uploads\/sites\/9\/2018\/03\/om-dagen-tar-slut-1084x1456.jpg 1084w, https:\/\/lartorget.goteborg.se\/sprakskatten\/wp-content\/uploads\/sites\/9\/2018\/03\/om-dagen-tar-slut-531x713.jpg 531w, https:\/\/lartorget.goteborg.se\/sprakskatten\/wp-content\/uploads\/sites\/9\/2018\/03\/om-dagen-tar-slut-350x470.jpg 350w, https:\/\/lartorget.goteborg.se\/sprakskatten\/wp-content\/uploads\/sites\/9\/2018\/03\/om-dagen-tar-slut-260x349.jpg 260w, https:\/\/lartorget.goteborg.se\/sprakskatten\/wp-content\/uploads\/sites\/9\/2018\/03\/om-dagen-tar-slut-768x1032.jpg 768w, https:\/\/lartorget.goteborg.se\/sprakskatten\/wp-content\/uploads\/sites\/9\/2018\/03\/om-dagen-tar-slut-762x1024.jpg 762w\" sizes=\"auto, (max-width: 223px) 100vw, 223px\" \/>Om dagen tar slut<\/strong> av Lisa Hyder och Per Gustavsson, \u00e4r en bok som handlar om en liten pojke som \u00e4r r\u00e4dd f\u00f6r att jorden ska g\u00e5 under och tr\u00e4ffas av en meteorit och om andra stora funderingar som barn kan b\u00e4ra p\u00e5. Det finns mycket att l\u00e4sa in i bilderna och eleverna uppt\u00e4ckte en \u00e5terkommande meteorit p\u00e5 alla sidor utom en. Mina elever fick bland annat l\u00e5tsas ge ett r\u00e5d till pojken i boken (t ex: &#8221;Prata med en vuxen om vad du \u00e4r r\u00e4dd f\u00f6r) och vi diskuterade \u00e4ven om r\u00e4dslor i stort och att alla b\u00e4r p\u00e5 dem, \u00e4ven vuxna.<\/p>\n<p>En annan fantastisk bilderbok \u00e4r <strong>\u00c5terkomsten<\/strong> av Aaron Becker.\u00a0 \u00a0Det \u00e4r en bok med bara bilder i. Den l\u00e4ses med f\u00f6rdel i dokumentkamera. Min helt nyanl\u00e4nda elev kunde var med p\u00e5 lika villkor och det finns s\u00e5 mycket detaljer i bilderna och eleverna ber\u00e4ttade en fantastisk historia utifr\u00e5n dessa. Detta verkar vara den sista delen i en triologi, de f\u00f6rsta b\u00f6ckerna heter Resan och Kartan men det g\u00e5r v\u00e4ldigt bra att l\u00e4sa denna sista del utan att ha l\u00e4st de f\u00f6rsta.<\/p>\n<p><strong>Sabelles r\u00f6da kl\u00e4nning\u00a0<\/strong>av Marina Michaelidou- Kadi och Ilaniela Stamatiadi \u00e4r en bok om att fly till ett annat land, en resa som flera av mina elever gjort.<\/p>\n<p><img loading=\"lazy\" decoding=\"async\" class=\"size-medium wp-image-244 alignright\" src=\"https:\/\/lartorget.goteborg.se\/sprakskatten\/wp-content\/uploads\/sites\/9\/2018\/03\/Omslag_Sabelle_300-dpi-262x300.jpg\" alt=\"\" width=\"262\" height=\"300\" srcset=\"https:\/\/lartorget.goteborg.se\/sprakskatten\/wp-content\/uploads\/sites\/9\/2018\/03\/Omslag_Sabelle_300-dpi-262x300.jpg 262w, https:\/\/lartorget.goteborg.se\/sprakskatten\/wp-content\/uploads\/sites\/9\/2018\/03\/Omslag_Sabelle_300-dpi-360x413.jpg 360w, https:\/\/lartorget.goteborg.se\/sprakskatten\/wp-content\/uploads\/sites\/9\/2018\/03\/Omslag_Sabelle_300-dpi-1084x1242.jpg 1084w, https:\/\/lartorget.goteborg.se\/sprakskatten\/wp-content\/uploads\/sites\/9\/2018\/03\/Omslag_Sabelle_300-dpi-531x609.jpg 531w, https:\/\/lartorget.goteborg.se\/sprakskatten\/wp-content\/uploads\/sites\/9\/2018\/03\/Omslag_Sabelle_300-dpi-350x401.jpg 350w, https:\/\/lartorget.goteborg.se\/sprakskatten\/wp-content\/uploads\/sites\/9\/2018\/03\/Omslag_Sabelle_300-dpi-260x298.jpg 260w, https:\/\/lartorget.goteborg.se\/sprakskatten\/wp-content\/uploads\/sites\/9\/2018\/03\/Omslag_Sabelle_300-dpi-768x880.jpg 768w, https:\/\/lartorget.goteborg.se\/sprakskatten\/wp-content\/uploads\/sites\/9\/2018\/03\/Omslag_Sabelle_300-dpi-894x1024.jpg 894w\" sizes=\"auto, (max-width: 262px) 100vw, 262px\" \/><\/p>\n<p><img loading=\"lazy\" decoding=\"async\" class=\"size-full wp-image-243 alignleft\" src=\"https:\/\/lartorget.goteborg.se\/sprakskatten\/wp-content\/uploads\/sites\/9\/2018\/03\/\u00e5terkomsten.jpg\" alt=\"\" width=\"160\" height=\"130\" \/><\/p>\n<p>Detta \u00e4r ocks\u00e5 ett \u00e4mne som\u00a0 beh\u00f6ver belysas i alla klassrum\u00a0 \u00e4ven d\u00e4r andra kulturer kanske k\u00e4nns mer fr\u00e4mmande. Alexandra Pascalidou skriver i f\u00f6rordet till boken om sin egen flykt: &#8221;<em>Vi kallades flyktingbarn, invandrarbarn i medierna. Vi kallades lakritsbarn, blatteknatte, svartskalle, spagge och grekstek p\u00e5 gatorna. I sagornas v\u00e4rld saknade vi spegelbiler.<\/em>&#8221; Just d\u00e4rf\u00f6r menar jag att det\u00a0nu, n\u00e4r det faktiskt finns fler b\u00f6cker som speglar dessa barn \u00e4r viktigt att vi l\u00e4ser dem tillsammans.\u00a0 Vad \u00e4r b\u00e4ttre \u00e4n att anv\u00e4nda en bok f\u00f6r att \u00f6ppna upp till samtal? I denna fina bok blir Sabelle v\u00e4ldigt f\u00e4st vid sin r\u00f6da kl\u00e4nning som hon f\u00e5tt av sin mormor i hemlandet. Hon vill helt enkelt inte ta av sig den. Att lista ut varf\u00f6r hon v\u00e4grar att ta p\u00e5 sig n\u00e5got annat \u00e4r inte sv\u00e5rt f\u00f6r eleverna. De \u00e4r s\u00e5 duktiga p\u00e5 att l\u00e4sa mellan raderna. (Andra b\u00f6cker som behandlar flykt, som jag tycker \u00e4r bra \u00e4r till exempel:<strong> Pudlar och Pommes<\/strong> av Pija Lindenbaum och <strong>Om du skulle fr\u00e5ga Micha<\/strong> av Viveka Sj\u00f6gren.)<\/p>\n<p>Tack f\u00f6r att du l\u00e4ste!<\/p>\n","protected":false},"excerpt":{"rendered":"<p>Jag \u00e4lskar bilderb\u00f6cker och alla barn \u00e4lskar ocks\u00e5 bilderb\u00f6cker. Det g\u00e5r fint att h\u00f6gl\u00e4sa och arbeta med bilderb\u00f6cker \u00e4ven i de h\u00f6gre \u00e5ldrarna.\u00a0 Jag har till exempel haft fantastiska diskussioner kring\u00a0N\u00f6ff, n\u00f6ff Benny\u00a0av Barbro Lindgren med elever p\u00e5 mellanstadiet. Nu n\u00e4r jag arbetar n\u00e4stan uteslutande med barn som har svenska som andraspr\u00e5k \u00e4r bilderboken en [&hellip;]<\/p>\n","protected":false},"author":26,"featured_media":252,"comment_status":"open","ping_status":"open","sticky":false,"template":"","format":"standard","meta":{"_acf_changed":false,"footnotes":""},"categories":[318,30,101,60],"coauthors":[106],"class_list":["post-239","post","type-post","status-publish","format-standard","has-post-thumbnail","hentry","category-interkulturellt-forhallningssatt","category-sprakutveckling","category-svenska","category-svenska-som-andrasprak"],"acf":[],"yoast_head":"<!-- This site is optimized with the Yoast SEO plugin v27.5 - https:\/\/yoast.com\/product\/yoast-seo-wordpress\/ -->\n<title>Tips p\u00e5 h\u00f6gl\u00e4sning av bilderb\u00f6cker - Spr\u00e5kskatten<\/title>\n<meta name=\"robots\" content=\"index, follow, max-snippet:-1, max-image-preview:large, max-video-preview:-1\" \/>\n<link rel=\"canonical\" href=\"https:\/\/lartorget.goteborg.se\/sprakskatten\/2018\/03\/21\/tips-pa-hoglasning-av-bilderbocker\/\" \/>\n<meta property=\"og:locale\" content=\"sv_SE\" \/>\n<meta property=\"og:type\" content=\"article\" \/>\n<meta property=\"og:title\" content=\"Tips p\u00e5 h\u00f6gl\u00e4sning av bilderb\u00f6cker - Spr\u00e5kskatten\" \/>\n<meta property=\"og:description\" content=\"Jag \u00e4lskar bilderb\u00f6cker och alla barn \u00e4lskar ocks\u00e5 bilderb\u00f6cker. Det g\u00e5r fint att h\u00f6gl\u00e4sa och arbeta med bilderb\u00f6cker \u00e4ven i de h\u00f6gre \u00e5ldrarna.\u00a0 Jag har till exempel haft fantastiska diskussioner kring\u00a0N\u00f6ff, n\u00f6ff Benny\u00a0av Barbro Lindgren med elever p\u00e5 mellanstadiet. Nu n\u00e4r jag arbetar n\u00e4stan uteslutande med barn som har svenska som andraspr\u00e5k \u00e4r bilderboken en [&hellip;]\" \/>\n<meta property=\"og:url\" content=\"https:\/\/lartorget.goteborg.se\/sprakskatten\/2018\/03\/21\/tips-pa-hoglasning-av-bilderbocker\/\" \/>\n<meta property=\"og:site_name\" content=\"Spr\u00e5kskatten\" \/>\n<meta property=\"article:published_time\" content=\"2018-03-21T10:41:08+00:00\" \/>\n<meta property=\"article:modified_time\" content=\"2024-04-16T13:41:58+00:00\" \/>\n<meta property=\"og:image\" content=\"https:\/\/lartorget.goteborg.se\/sprakskatten\/wp-content\/uploads\/sites\/9\/2018\/03\/narrative-794978_1920.jpg\" \/>\n\t<meta property=\"og:image:width\" content=\"1920\" \/>\n\t<meta property=\"og:image:height\" content=\"1080\" \/>\n\t<meta property=\"og:image:type\" content=\"image\/jpeg\" \/>\n<meta name=\"author\" content=\"Anna M\u00e5nsson Nylund\" \/>\n<meta name=\"twitter:card\" content=\"summary_large_image\" \/>\n<meta name=\"twitter:label1\" content=\"Skriven av\" \/>\n\t<meta name=\"twitter:data1\" content=\"Anna M\u00e5nsson Nylund\" \/>\n\t<meta name=\"twitter:label2\" content=\"Ber\u00e4knad l\u00e4stid\" \/>\n\t<meta name=\"twitter:data2\" content=\"7 minuter\" \/>\n<script type=\"application\/ld+json\" class=\"yoast-schema-graph\">{\"@context\":\"https:\\\/\\\/schema.org\",\"@graph\":[{\"@type\":\"Article\",\"@id\":\"https:\\\/\\\/lartorget.goteborg.se\\\/sprakskatten\\\/2018\\\/03\\\/21\\\/tips-pa-hoglasning-av-bilderbocker\\\/#article\",\"isPartOf\":{\"@id\":\"https:\\\/\\\/lartorget.goteborg.se\\\/sprakskatten\\\/2018\\\/03\\\/21\\\/tips-pa-hoglasning-av-bilderbocker\\\/\"},\"author\":{\"name\":\"Anna M\u00e5nsson Nylund\",\"@id\":\"https:\\\/\\\/lartorget.goteborg.se\\\/sprakskatten\\\/#\\\/schema\\\/person\\\/fe5a3c5bb7d13e65abf65c8613828c8c\"},\"headline\":\"Tips p\u00e5 h\u00f6gl\u00e4sning av bilderb\u00f6cker\",\"datePublished\":\"2018-03-21T10:41:08+00:00\",\"dateModified\":\"2024-04-16T13:41:58+00:00\",\"mainEntityOfPage\":{\"@id\":\"https:\\\/\\\/lartorget.goteborg.se\\\/sprakskatten\\\/2018\\\/03\\\/21\\\/tips-pa-hoglasning-av-bilderbocker\\\/\"},\"wordCount\":1274,\"commentCount\":0,\"image\":{\"@id\":\"https:\\\/\\\/lartorget.goteborg.se\\\/sprakskatten\\\/2018\\\/03\\\/21\\\/tips-pa-hoglasning-av-bilderbocker\\\/#primaryimage\"},\"thumbnailUrl\":\"https:\\\/\\\/lartorget.goteborg.se\\\/sprakskatten\\\/wp-content\\\/uploads\\\/sites\\\/9\\\/2018\\\/03\\\/narrative-794978_1920.jpg\",\"articleSection\":[\"Flerspr\u00e5kighet och interkulturellt f\u00f6rh\u00e5llningss\u00e4tt\",\"Spr\u00e5kutveckling\",\"Svenska\",\"Svenska som andraspr\u00e5k\"],\"inLanguage\":\"sv-SE\",\"potentialAction\":[{\"@type\":\"CommentAction\",\"name\":\"Comment\",\"target\":[\"https:\\\/\\\/lartorget.goteborg.se\\\/sprakskatten\\\/2018\\\/03\\\/21\\\/tips-pa-hoglasning-av-bilderbocker\\\/#respond\"]}]},{\"@type\":\"WebPage\",\"@id\":\"https:\\\/\\\/lartorget.goteborg.se\\\/sprakskatten\\\/2018\\\/03\\\/21\\\/tips-pa-hoglasning-av-bilderbocker\\\/\",\"url\":\"https:\\\/\\\/lartorget.goteborg.se\\\/sprakskatten\\\/2018\\\/03\\\/21\\\/tips-pa-hoglasning-av-bilderbocker\\\/\",\"name\":\"Tips p\u00e5 h\u00f6gl\u00e4sning av bilderb\u00f6cker - Spr\u00e5kskatten\",\"isPartOf\":{\"@id\":\"https:\\\/\\\/lartorget.goteborg.se\\\/sprakskatten\\\/#website\"},\"primaryImageOfPage\":{\"@id\":\"https:\\\/\\\/lartorget.goteborg.se\\\/sprakskatten\\\/2018\\\/03\\\/21\\\/tips-pa-hoglasning-av-bilderbocker\\\/#primaryimage\"},\"image\":{\"@id\":\"https:\\\/\\\/lartorget.goteborg.se\\\/sprakskatten\\\/2018\\\/03\\\/21\\\/tips-pa-hoglasning-av-bilderbocker\\\/#primaryimage\"},\"thumbnailUrl\":\"https:\\\/\\\/lartorget.goteborg.se\\\/sprakskatten\\\/wp-content\\\/uploads\\\/sites\\\/9\\\/2018\\\/03\\\/narrative-794978_1920.jpg\",\"datePublished\":\"2018-03-21T10:41:08+00:00\",\"dateModified\":\"2024-04-16T13:41:58+00:00\",\"author\":{\"@id\":\"https:\\\/\\\/lartorget.goteborg.se\\\/sprakskatten\\\/#\\\/schema\\\/person\\\/fe5a3c5bb7d13e65abf65c8613828c8c\"},\"breadcrumb\":{\"@id\":\"https:\\\/\\\/lartorget.goteborg.se\\\/sprakskatten\\\/2018\\\/03\\\/21\\\/tips-pa-hoglasning-av-bilderbocker\\\/#breadcrumb\"},\"inLanguage\":\"sv-SE\",\"potentialAction\":[{\"@type\":\"ReadAction\",\"target\":[\"https:\\\/\\\/lartorget.goteborg.se\\\/sprakskatten\\\/2018\\\/03\\\/21\\\/tips-pa-hoglasning-av-bilderbocker\\\/\"]}]},{\"@type\":\"ImageObject\",\"inLanguage\":\"sv-SE\",\"@id\":\"https:\\\/\\\/lartorget.goteborg.se\\\/sprakskatten\\\/2018\\\/03\\\/21\\\/tips-pa-hoglasning-av-bilderbocker\\\/#primaryimage\",\"url\":\"https:\\\/\\\/lartorget.goteborg.se\\\/sprakskatten\\\/wp-content\\\/uploads\\\/sites\\\/9\\\/2018\\\/03\\\/narrative-794978_1920.jpg\",\"contentUrl\":\"https:\\\/\\\/lartorget.goteborg.se\\\/sprakskatten\\\/wp-content\\\/uploads\\\/sites\\\/9\\\/2018\\\/03\\\/narrative-794978_1920.jpg\",\"width\":1920,\"height\":1080},{\"@type\":\"BreadcrumbList\",\"@id\":\"https:\\\/\\\/lartorget.goteborg.se\\\/sprakskatten\\\/2018\\\/03\\\/21\\\/tips-pa-hoglasning-av-bilderbocker\\\/#breadcrumb\",\"itemListElement\":[{\"@type\":\"ListItem\",\"position\":1,\"name\":\"Home\",\"item\":\"https:\\\/\\\/lartorget.goteborg.se\\\/sprakskatten\\\/\"},{\"@type\":\"ListItem\",\"position\":2,\"name\":\"Tips p\u00e5 h\u00f6gl\u00e4sning av bilderb\u00f6cker\"}]},{\"@type\":\"WebSite\",\"@id\":\"https:\\\/\\\/lartorget.goteborg.se\\\/sprakskatten\\\/#website\",\"url\":\"https:\\\/\\\/lartorget.goteborg.se\\\/sprakskatten\\\/\",\"name\":\"Spr\u00e5kskatten\",\"description\":\"En till Pedagogen Gbg-webbplatser webbplats\",\"potentialAction\":[{\"@type\":\"SearchAction\",\"target\":{\"@type\":\"EntryPoint\",\"urlTemplate\":\"https:\\\/\\\/lartorget.goteborg.se\\\/sprakskatten\\\/?s={search_term_string}\"},\"query-input\":{\"@type\":\"PropertyValueSpecification\",\"valueRequired\":true,\"valueName\":\"search_term_string\"}}],\"inLanguage\":\"sv-SE\"},{\"@type\":\"Person\",\"@id\":\"https:\\\/\\\/lartorget.goteborg.se\\\/sprakskatten\\\/#\\\/schema\\\/person\\\/fe5a3c5bb7d13e65abf65c8613828c8c\",\"name\":\"Anna M\u00e5nsson Nylund\",\"image\":{\"@type\":\"ImageObject\",\"inLanguage\":\"sv-SE\",\"@id\":\"https:\\\/\\\/lartorget.goteborg.se\\\/sprakskatten\\\/wp-content\\\/uploads\\\/Profilbilder-medarbetare\\\/annamanssonnylund.jpg95844072c7ef89df82da9a930a6cedc4\",\"url\":\"https:\\\/\\\/lartorget.goteborg.se\\\/sprakskatten\\\/wp-content\\\/uploads\\\/Profilbilder-medarbetare\\\/annamanssonnylund.jpg\",\"contentUrl\":\"https:\\\/\\\/lartorget.goteborg.se\\\/sprakskatten\\\/wp-content\\\/uploads\\\/Profilbilder-medarbetare\\\/annamanssonnylund.jpg\",\"caption\":\"Anna M\u00e5nsson Nylund\"},\"url\":\"https:\\\/\\\/lartorget.goteborg.se\\\/sprakskatten\\\/author\\\/anna\\\/\"}]}<\/script>\n<!-- \/ Yoast SEO plugin. -->","yoast_head_json":{"title":"Tips p\u00e5 h\u00f6gl\u00e4sning av bilderb\u00f6cker - Spr\u00e5kskatten","robots":{"index":"index","follow":"follow","max-snippet":"max-snippet:-1","max-image-preview":"max-image-preview:large","max-video-preview":"max-video-preview:-1"},"canonical":"https:\/\/lartorget.goteborg.se\/sprakskatten\/2018\/03\/21\/tips-pa-hoglasning-av-bilderbocker\/","og_locale":"sv_SE","og_type":"article","og_title":"Tips p\u00e5 h\u00f6gl\u00e4sning av bilderb\u00f6cker - Spr\u00e5kskatten","og_description":"Jag \u00e4lskar bilderb\u00f6cker och alla barn \u00e4lskar ocks\u00e5 bilderb\u00f6cker. Det g\u00e5r fint att h\u00f6gl\u00e4sa och arbeta med bilderb\u00f6cker \u00e4ven i de h\u00f6gre \u00e5ldrarna.\u00a0 Jag har till exempel haft fantastiska diskussioner kring\u00a0N\u00f6ff, n\u00f6ff Benny\u00a0av Barbro Lindgren med elever p\u00e5 mellanstadiet. Nu n\u00e4r jag arbetar n\u00e4stan uteslutande med barn som har svenska som andraspr\u00e5k \u00e4r bilderboken en [&hellip;]","og_url":"https:\/\/lartorget.goteborg.se\/sprakskatten\/2018\/03\/21\/tips-pa-hoglasning-av-bilderbocker\/","og_site_name":"Spr\u00e5kskatten","article_published_time":"2018-03-21T10:41:08+00:00","article_modified_time":"2024-04-16T13:41:58+00:00","og_image":[{"width":1920,"height":1080,"url":"https:\/\/lartorget.goteborg.se\/sprakskatten\/wp-content\/uploads\/sites\/9\/2018\/03\/narrative-794978_1920.jpg","type":"image\/jpeg"}],"author":"Anna M\u00e5nsson Nylund","twitter_card":"summary_large_image","twitter_misc":{"Skriven av":"Anna M\u00e5nsson Nylund","Ber\u00e4knad l\u00e4stid":"7 minuter"},"schema":{"@context":"https:\/\/schema.org","@graph":[{"@type":"Article","@id":"https:\/\/lartorget.goteborg.se\/sprakskatten\/2018\/03\/21\/tips-pa-hoglasning-av-bilderbocker\/#article","isPartOf":{"@id":"https:\/\/lartorget.goteborg.se\/sprakskatten\/2018\/03\/21\/tips-pa-hoglasning-av-bilderbocker\/"},"author":{"name":"Anna M\u00e5nsson Nylund","@id":"https:\/\/lartorget.goteborg.se\/sprakskatten\/#\/schema\/person\/fe5a3c5bb7d13e65abf65c8613828c8c"},"headline":"Tips p\u00e5 h\u00f6gl\u00e4sning av bilderb\u00f6cker","datePublished":"2018-03-21T10:41:08+00:00","dateModified":"2024-04-16T13:41:58+00:00","mainEntityOfPage":{"@id":"https:\/\/lartorget.goteborg.se\/sprakskatten\/2018\/03\/21\/tips-pa-hoglasning-av-bilderbocker\/"},"wordCount":1274,"commentCount":0,"image":{"@id":"https:\/\/lartorget.goteborg.se\/sprakskatten\/2018\/03\/21\/tips-pa-hoglasning-av-bilderbocker\/#primaryimage"},"thumbnailUrl":"https:\/\/lartorget.goteborg.se\/sprakskatten\/wp-content\/uploads\/sites\/9\/2018\/03\/narrative-794978_1920.jpg","articleSection":["Flerspr\u00e5kighet och interkulturellt f\u00f6rh\u00e5llningss\u00e4tt","Spr\u00e5kutveckling","Svenska","Svenska som andraspr\u00e5k"],"inLanguage":"sv-SE","potentialAction":[{"@type":"CommentAction","name":"Comment","target":["https:\/\/lartorget.goteborg.se\/sprakskatten\/2018\/03\/21\/tips-pa-hoglasning-av-bilderbocker\/#respond"]}]},{"@type":"WebPage","@id":"https:\/\/lartorget.goteborg.se\/sprakskatten\/2018\/03\/21\/tips-pa-hoglasning-av-bilderbocker\/","url":"https:\/\/lartorget.goteborg.se\/sprakskatten\/2018\/03\/21\/tips-pa-hoglasning-av-bilderbocker\/","name":"Tips p\u00e5 h\u00f6gl\u00e4sning av bilderb\u00f6cker - Spr\u00e5kskatten","isPartOf":{"@id":"https:\/\/lartorget.goteborg.se\/sprakskatten\/#website"},"primaryImageOfPage":{"@id":"https:\/\/lartorget.goteborg.se\/sprakskatten\/2018\/03\/21\/tips-pa-hoglasning-av-bilderbocker\/#primaryimage"},"image":{"@id":"https:\/\/lartorget.goteborg.se\/sprakskatten\/2018\/03\/21\/tips-pa-hoglasning-av-bilderbocker\/#primaryimage"},"thumbnailUrl":"https:\/\/lartorget.goteborg.se\/sprakskatten\/wp-content\/uploads\/sites\/9\/2018\/03\/narrative-794978_1920.jpg","datePublished":"2018-03-21T10:41:08+00:00","dateModified":"2024-04-16T13:41:58+00:00","author":{"@id":"https:\/\/lartorget.goteborg.se\/sprakskatten\/#\/schema\/person\/fe5a3c5bb7d13e65abf65c8613828c8c"},"breadcrumb":{"@id":"https:\/\/lartorget.goteborg.se\/sprakskatten\/2018\/03\/21\/tips-pa-hoglasning-av-bilderbocker\/#breadcrumb"},"inLanguage":"sv-SE","potentialAction":[{"@type":"ReadAction","target":["https:\/\/lartorget.goteborg.se\/sprakskatten\/2018\/03\/21\/tips-pa-hoglasning-av-bilderbocker\/"]}]},{"@type":"ImageObject","inLanguage":"sv-SE","@id":"https:\/\/lartorget.goteborg.se\/sprakskatten\/2018\/03\/21\/tips-pa-hoglasning-av-bilderbocker\/#primaryimage","url":"https:\/\/lartorget.goteborg.se\/sprakskatten\/wp-content\/uploads\/sites\/9\/2018\/03\/narrative-794978_1920.jpg","contentUrl":"https:\/\/lartorget.goteborg.se\/sprakskatten\/wp-content\/uploads\/sites\/9\/2018\/03\/narrative-794978_1920.jpg","width":1920,"height":1080},{"@type":"BreadcrumbList","@id":"https:\/\/lartorget.goteborg.se\/sprakskatten\/2018\/03\/21\/tips-pa-hoglasning-av-bilderbocker\/#breadcrumb","itemListElement":[{"@type":"ListItem","position":1,"name":"Home","item":"https:\/\/lartorget.goteborg.se\/sprakskatten\/"},{"@type":"ListItem","position":2,"name":"Tips p\u00e5 h\u00f6gl\u00e4sning av bilderb\u00f6cker"}]},{"@type":"WebSite","@id":"https:\/\/lartorget.goteborg.se\/sprakskatten\/#website","url":"https:\/\/lartorget.goteborg.se\/sprakskatten\/","name":"Spr\u00e5kskatten","description":"En till Pedagogen Gbg-webbplatser webbplats","potentialAction":[{"@type":"SearchAction","target":{"@type":"EntryPoint","urlTemplate":"https:\/\/lartorget.goteborg.se\/sprakskatten\/?s={search_term_string}"},"query-input":{"@type":"PropertyValueSpecification","valueRequired":true,"valueName":"search_term_string"}}],"inLanguage":"sv-SE"},{"@type":"Person","@id":"https:\/\/lartorget.goteborg.se\/sprakskatten\/#\/schema\/person\/fe5a3c5bb7d13e65abf65c8613828c8c","name":"Anna M\u00e5nsson Nylund","image":{"@type":"ImageObject","inLanguage":"sv-SE","@id":"https:\/\/lartorget.goteborg.se\/sprakskatten\/wp-content\/uploads\/Profilbilder-medarbetare\/annamanssonnylund.jpg95844072c7ef89df82da9a930a6cedc4","url":"https:\/\/lartorget.goteborg.se\/sprakskatten\/wp-content\/uploads\/Profilbilder-medarbetare\/annamanssonnylund.jpg","contentUrl":"https:\/\/lartorget.goteborg.se\/sprakskatten\/wp-content\/uploads\/Profilbilder-medarbetare\/annamanssonnylund.jpg","caption":"Anna M\u00e5nsson Nylund"},"url":"https:\/\/lartorget.goteborg.se\/sprakskatten\/author\/anna\/"}]}},"_links":{"self":[{"href":"https:\/\/lartorget.goteborg.se\/sprakskatten\/wp-json\/wp\/v2\/posts\/239","targetHints":{"allow":["GET"]}}],"collection":[{"href":"https:\/\/lartorget.goteborg.se\/sprakskatten\/wp-json\/wp\/v2\/posts"}],"about":[{"href":"https:\/\/lartorget.goteborg.se\/sprakskatten\/wp-json\/wp\/v2\/types\/post"}],"author":[{"embeddable":true,"href":"https:\/\/lartorget.goteborg.se\/sprakskatten\/wp-json\/wp\/v2\/users\/26"}],"replies":[{"embeddable":true,"href":"https:\/\/lartorget.goteborg.se\/sprakskatten\/wp-json\/wp\/v2\/comments?post=239"}],"version-history":[{"count":13,"href":"https:\/\/lartorget.goteborg.se\/sprakskatten\/wp-json\/wp\/v2\/posts\/239\/revisions"}],"predecessor-version":[{"id":828,"href":"https:\/\/lartorget.goteborg.se\/sprakskatten\/wp-json\/wp\/v2\/posts\/239\/revisions\/828"}],"wp:featuredmedia":[{"embeddable":true,"href":"https:\/\/lartorget.goteborg.se\/sprakskatten\/wp-json\/wp\/v2\/media\/252"}],"wp:attachment":[{"href":"https:\/\/lartorget.goteborg.se\/sprakskatten\/wp-json\/wp\/v2\/media?parent=239"}],"wp:term":[{"taxonomy":"category","embeddable":true,"href":"https:\/\/lartorget.goteborg.se\/sprakskatten\/wp-json\/wp\/v2\/categories?post=239"},{"taxonomy":"author","embeddable":true,"href":"https:\/\/lartorget.goteborg.se\/sprakskatten\/wp-json\/wp\/v2\/coauthors?post=239"}],"curies":[{"name":"wp","href":"https:\/\/api.w.org\/{rel}","templated":true}]}}