
{"id":912,"date":"2018-09-09T14:11:22","date_gmt":"2018-09-09T12:11:22","guid":{"rendered":"https:\/\/lartorget.goteborg.se\/spraklikt\/?p=912"},"modified":"2018-09-11T07:15:44","modified_gmt":"2018-09-11T05:15:44","slug":"djuplasningen-use-it-or-lose-it","status":"publish","type":"post","link":"https:\/\/lartorget.goteborg.se\/spraklikt\/2018\/09\/09\/djuplasningen-use-it-or-lose-it\/","title":{"rendered":"Djupl\u00e4sningen &#8211; use it or lose it!"},"content":{"rendered":"<p>L\u00e4sning idag \u00e4r annorlunda, st\u00e4ller olika och andra krav. Vi \u00e4r omgivna av ett st\u00f6rre utbud.\u00a0Det som st\u00e5r p\u00e5 spel \u00e4r inte fr\u00e5gan huruvida vi l\u00e4ser eller inte. Vi l\u00e4ser sannolikt mycket mer men finns det risk f\u00f6r att djupl\u00e4sningen kommer vara ett n\u00e4stintill onaturligt s\u00e4tt att l\u00e4sa i framtiden? Fler fr\u00e5gor \u00e4n svar v\u00e4cks: Hur kan jag som l\u00e4rare v\u00e4rna om djupl\u00e4sningen? Kommer djupl\u00e4sningen bevaras eller ers\u00e4ttas av ett nytt s\u00e4tt att l\u00e4sa?\u00a0Finns det ett fel s\u00e4tt eller r\u00e4tt s\u00e4tt att l\u00e4sa eller undervisa? \u00c4r det l\u00e4ttare eller sv\u00e5rare att l\u00e4sa analoga texter eller digitala texter? En sak \u00e4r klar och det \u00e4r att\u00a0hur vi l\u00e4ser f\u00f6r\u00e4ndras och det finns ett behov av att stimulera till olika sorters l\u00e4sning och syften med l\u00e4sning. Vid l\u00e4sning av tryckt bok kan l\u00e4saren orientera och skapa sig en uppfattning om omfattningen relativt enkelt. L\u00e4saren ser rent konkret b\u00f6rjan, slut, antal sidor och kan uppleva tyngden rent fysiskt. Den digitala l\u00e4sningen erbjuder m\u00e5nga andra sp\u00e4nnande m\u00f6jligheter och \u00e4r framf\u00f6r allt mer l\u00e4ttillg\u00e4nglig. V\u00e5ra hj\u00e4rnor \u00e4r f\u00f6r\u00e4nderliga. Kanske kan de olika skepnaderna och syftena med l\u00e4sningen m\u00f6tas ist\u00e4llet f\u00f6r att ers\u00e4ttas eller konkurrera ut varandra?<\/p>\n<p>Tv\u00e5 nyligen publicerade artiklar utifr\u00e5n perspektivet l\u00e4sning\u00a0 i en mer digitaliserad v\u00e4rld har f\u00e5tt mig att grunna lite mer \u00f6ver l\u00e4sundervisningen. Den ena artikeln \u00e4r\u00a0<a href=\"https:\/\/www.theglobeandmail.com\/opinion\/i-have-forgotten-how-toread\/article37921379\/?utm_source=pocket&amp;utm_medium=email&amp;utm_campaign=pockethit\">&#8221;I have forgotten how to read&#8221;<\/a>\u00a0 av f\u00f6rfattaren Michael Harris.<\/p>\n<blockquote><p>For a long time\u00a0<strong>Michael Harris<\/strong>\u00a0convinced himself that a childhood spent immersed in old-fashioned books would insulate him from our new media climate \u2013 that he could keep on reading in the old way because his mind was formed in pre-internet days. He was wrong.<\/p><\/blockquote>\n<p><span title=\"\">Fritt \u00f6versatt s\u00e5 var\u00a0<\/span>Michael Harris u<span title=\"\">nder en l\u00e4ngre tid \u00f6vertygad om att en barndom som spenderats nedsjunken i gammaldags b\u00f6cker skulle skydda honom fr\u00e5n v\u00e5rt nya medieklimat &#8211; att han kunde forts\u00e4tta l\u00e4sa p\u00e5 den gamla s\u00e4ttet eftersom hans hj\u00e4rna formats f\u00f6re internets dagar.<\/span> <span title=\"\">Han hade fel&#8230;\u00a0<\/span>Artikeln ger lite perspektiv, s\u00e4tter ig\u00e5ng en hel del tankar och p\u00e5minner framf\u00f6rallt om att v\u00e5rt traditionella s\u00e4tt att l\u00e4sa ensam f\u00f6rsjunken i en bok egentligen bara varit vanligt f\u00f6rekommande sedan 1800-talet.<\/p>\n<p>I den andra artikeln av Maryanne Wolf:\u00a0<a href=\"https:\/\/www.theguardian.com\/commentisfree\/2018\/aug\/25\/skim-reading-new-normal-maryanne-wolf\" target=\"_blank\" rel=\"noopener\">Skim reading is the new-normal<\/a>\u00a0refereras det bland annat till forskaren Ziming Liu fr\u00e5n San Jose State University, som genomf\u00f6rt en serie studier som tyder p\u00e5 att skuml\u00e4sning numera \u00e4r den &#8221;nya normen&#8221; vid l\u00e4sning. Vi glider, \u00f6gnar och bl\u00e4ddrar oss genom texter vilket kan leda till att den tid som \u00e4gnas \u00e5t djupa l\u00e4sningsprocesser minskar.\u00a0Med andra ord avs\u00e4tts inte l\u00e4ngre tid p\u00e5 att f\u00f6rst\u00e5 komplexitet, att f\u00f6rst\u00e5 andras k\u00e4nslor, att uppleva sk\u00f6nhet eller att skapa l\u00e4sarens egna tankar. Det \u00e4r ingen enkel fr\u00e5ga som att det enbart r\u00f6r sig\u00a0 om analog kontra digital l\u00e4sning.\u00a0Snarare handlar det om att l\u00e4sningen som numera sker i s\u00e5 m\u00e5nga olika slags skepnader eller medium f\u00f6r\u00e4ndrar syftet med l\u00e4sningen; vad vi l\u00e4ser och hur vi l\u00e4ser.<\/p>\n<p>V\u00e5r f\u00f6rm\u00e5ga att navigera i en st\u00e4ndig bombardemang av information \u00e4r p\u00e5verkad.\u00a0Det stimulerar en tillflykt till de mest k\u00e4nda k\u00e4llorna av okontrollerad information, som egentligen kr\u00e4ver men inte \u00e4r utformad f\u00f6r, djupare analys, vilket g\u00f6r att vi \u00e4r mer l\u00e4ttmottagliga f\u00f6r falsk information. N\u00e4r vi skuml\u00e4ser texter, har vi inte tid att f\u00f6rst\u00e5 komplexitet, f\u00f6r att f\u00f6rst\u00e5 andras k\u00e4nslor eller f\u00f6r att uppleva sk\u00f6nhet. Forskningen fr\u00e5n olika h\u00e5ll menar att denna v\u00e4sentliga &#8221;djupl\u00e4snings&#8221; -process med en l\u00e4shj\u00e4rna som har f\u00f6rm\u00e5ga till internaliserad kunskap, analogt resonemang och inferens;\u00a0perspektiv och empati;\u00a0kritisk analys och generering av insikt kan vara hotad n\u00e4r vi flyttar in i digitala l\u00e4gen av l\u00e4sning. Artikelf\u00f6rfattaren Maryanne Wolf menar att det\u00a0beh\u00f6vs en ny l\u00e4skunnighet f\u00f6r den digitala tiden; helt enkelt en &#8221;bi-literate&#8221; eller tv\u00e5spr\u00e5kig l\u00e4sningshj\u00e4rna som klarar av och \u00f6verbrygger djupl\u00e4sning i s\u00e5v\u00e4l digitala som traditionella medier.<\/p>\n<p>Det finns en gammal\u00a0 regel eller princip inom neurovetenskapen som s\u00e4ger: Anv\u00e4nd eller f\u00f6rlora det. Applicerat p\u00e5\u00a0 kritiskt t\u00e4nkande och djupl\u00e4sning \u00e4r det en tr\u00f6st och hoppfull princip i sammanhanget eftersom det inneb\u00e4r att vi faktiskt har ett val. Med en medvetenhet om vad vi riskerar att f\u00f6rlora, tillsammans med de fantastiska m\u00f6jligheter som den digitala v\u00e4rlden f\u00f6r med sig, s\u00e5 finns lika mycket anledning till sp\u00e4nning som f\u00f6rsiktighet.<\/p>\n<p><strong>S\u00e5 vad kan vi g\u00f6ra?<\/strong> Demokratin\u00a0h\u00e4nger en hel del p\u00e5 att vi som samh\u00e4llsmedborgare kan f\u00f6rs\u00f6ka ta andras perspektiv och urskilja sanning; s\u00e4rskilt aktuellt i dessa valtider.\u00a0 Att vara\u00a0k\u00e4llkritisk\u00a0\u00e4r ett s\u00e4tt att v\u00e4rna\u00a0demokratin. Idag n\u00e4r vem som helst kan l\u00e4gga upp texter och bilder p\u00e5 n\u00e4tet. En av de grundl\u00e4ggande r\u00e4ttigheterna \u00e4r att kunna ta del av vad andra tycker och t\u00e4nker men med det kommer ocks\u00e5 ett eget ansvar f\u00f6r att v\u00e4rdera det vi ser l\u00e4ser och h\u00f6r och ta reda p\u00e5 om det \u00e4r sant. Det vi ser och h\u00f6r p\u00e5verkar hur vi t\u00e4nker och k\u00e4nner. F\u00f6r att kompensera att skuml\u00e4sningen \u00e4r det nya normala beh\u00f6ver vi l\u00e4gga tid p\u00e5 djupl\u00e4sningen som annars riskerar att s\u00e5llas bort och och inte utvecklas. Djupl\u00e4sningen beh\u00f6ver en milj\u00f6 f\u00f6r att utvecklas; med gott om tid f\u00f6r eftertanke och t\u00e5lamod att l\u00e4sa l\u00e4ngre, t\u00e4tare, sv\u00e5rare texter och att l\u00e4sa med en niv\u00e5 av kritisk analys som \u00e4r tillr\u00e4cklig f\u00f6r att f\u00f6rst\u00e5 komplexiteten av tanke och argument som finns i mer kr\u00e4vande texter, oavsett medium och skepnad.<\/p>\n<p><strong>L\u00e4s- och skrivkunnighet \u00e4r en m\u00e4nsklig r\u00e4ttighet och grunden f\u00f6r allt l\u00e4rande. <\/strong>Unesco har i \u00f6ver 40 \u00e5r har uppm\u00e4rksammat den internationella l\u00e4skunnighetsdagen den 8 september f\u00f6r att p\u00e5minna v\u00e4rlden om vikten av l\u00e4s- och skrivkunnighet som en drivkraft f\u00f6r utveckling. International Literacy Association (ILA) lanserar i och med denna dag\u00a0<span title=\"\">ett nytt initiativ som syftar till att s\u00e4kerst\u00e4lla att alla barn har tillg\u00e5ng till utbildning, och f\u00e5r de m\u00f6jligheter och resurser som beh\u00f6vs f\u00f6r att l\u00e4sa.<\/span>\u00a0Klicka h\u00e4r f\u00f6r att komma till\u00a0<a href=\"http:\/\/literacyworldwide.org\/get-resources\/childrens-rights-to-read\" target=\"_blank\" rel=\"noopener\">kampanjens resurssida: Childrens Rights to Read<\/a>. Du kan l\u00e4sa mer om de tio r\u00e4ttigheterna i en <a href=\"http:\/\/literacyworldwide.org\/docs\/default-source\/resource-documents\/the-case-for-childrens-rights-to-read.pdf\">pdf h\u00e4r.<\/a><\/p>\n<p><img loading=\"lazy\" decoding=\"async\" class=\"aligncenter size-full wp-image-973\" src=\"https:\/\/lartorget.goteborg.se\/spraklikt\/wp-content\/uploads\/sites\/10\/2018\/09\/Rights-to-read.jpg\" alt=\"\" width=\"405\" height=\"522\" srcset=\"https:\/\/lartorget.goteborg.se\/spraklikt\/wp-content\/uploads\/sites\/10\/2018\/09\/Rights-to-read.jpg 405w, https:\/\/lartorget.goteborg.se\/spraklikt\/wp-content\/uploads\/sites\/10\/2018\/09\/Rights-to-read-360x464.jpg 360w, https:\/\/lartorget.goteborg.se\/spraklikt\/wp-content\/uploads\/sites\/10\/2018\/09\/Rights-to-read-350x451.jpg 350w, https:\/\/lartorget.goteborg.se\/spraklikt\/wp-content\/uploads\/sites\/10\/2018\/09\/Rights-to-read-260x335.jpg 260w, https:\/\/lartorget.goteborg.se\/spraklikt\/wp-content\/uploads\/sites\/10\/2018\/09\/Rights-to-read-233x300.jpg 233w\" sizes=\"auto, (max-width: 405px) 100vw, 405px\" \/><\/p>\n<p>&nbsp;<\/p>\n<p><strong>Ett st\u00e4ndigt l\u00e4rardilemma \u00e4r hur vi ska hinna med och ge tid \u00e5t den sj\u00e4lvst\u00e4ndiga l\u00e4sningen i skolan<\/strong>?<\/p>\n<p>Det \u00e4r naturligtvis en prioriteringsfr\u00e5ga, som med allt annat, men tv\u00e5 g\u00e5nger i veckan avs\u00e4tter jag minst 20 minuter till sj\u00e4lvst\u00e4ndig l\u00e4sning f\u00f6r att stimulera sj\u00e4lvst\u00e4ndig djupl\u00e4sning. Under l\u00e4spasset sitter eleverna f\u00f6rsjunkna i en bok men numera \u00e4r boken i olika skepnader. Vissa f\u00f6redrar traditionella tryckta b\u00f6cker andra digitala audio- och e-b\u00f6cker. Med sj\u00e4lvst\u00e4ndig l\u00e4sning menar jag den l\u00e4sning som sker\u00a0ut\u00f6ver\u00a0annan slags styrd, riktad, st\u00f6ttad eller gemensam l\u00e4sning. Kraften i sj\u00e4lvst\u00e4ndig l\u00e4sning betonas st\u00e4ndigt &#8211; inte bara kopplingen mellan l\u00e4svolym och l\u00e4sf\u00f6rm\u00e5ga, men ocks\u00e5 f\u00f6r att att den sj\u00e4lvst\u00e4ndiga l\u00e4sningen v\u00e5rdar och inspirerar livsl\u00e5nga l\u00e4sare, kritiskt t\u00e4nkande m\u00e4nniskor och \u00e4r en n\u00f6dv\u00e4ndig v\u00e4sentlig praxis som utvecklar bakgrundskunskap, f\u00f6rb\u00e4ttrar f\u00f6rst\u00e5else, \u00f6kar motivationen och hj\u00e4lper eleverna att st\u00e4rka sitt spr\u00e5k och ordf\u00f6rr\u00e5d.<\/p>\n<p>Den sk\u00f6nlitter\u00e4ra och kreativa l\u00e4sningen beh\u00f6vs eftersom den utvecklar f\u00f6rm\u00e5gan att f\u00f6rest\u00e4lla sig hur andra m\u00e4nniskor lever liksom den empatiska f\u00f6rm\u00e5gan.\u00a0 V\u00e5ra elever beh\u00f6ver rika m\u00f6jligheter till l\u00e4sning och vi beh\u00f6ver f\u00f6rbereda dem p\u00e5 f\u00f6r\u00e4nderlig l\u00e4sning och inte g\u00f6ra valet i vilken skepnad \u00e5t dem. Vi beh\u00f6ver utveckla sj\u00e4lvst\u00e4ndiga, kreativa, medvetna l\u00e4sare som klarar att l\u00e4sa olika texter, utifr\u00e5n olika syften och efter behov.<\/p>\n<p><strong>N\u00e5gra r\u00e5d inf\u00f6r l\u00e4spass:<\/strong><\/p>\n<ul>\n<li>Erbjud ett brett spektrum av intressanta texter som s\u00e5v\u00e4l bekr\u00e4ftar elevernas liv och erfarenheter som ger inblick i andra m\u00e4nniskors liv och erfarenheter.<\/li>\n<li>H\u00e5ll det enkelt!\u00a0L\u00e4gg inte mycket p\u00e5 regler &#8211; l\u00e5t eleverna\u00a0 v\u00e4lja en bok som\u00a0de\u00a0vill l\u00e4sa, hitta och s\u00e4tta sig p\u00e5 en plats som k\u00e4nns r\u00e4tt f\u00f6r dem och sedan f\u00f6rsjunka djupt i sin l\u00e4sning.<\/li>\n<li>M\u00e5let med sj\u00e4lvst\u00e4ndig l\u00e4sning\u00a0 handlar mer om att utveckla sin identitet och att uppt\u00e4cka sig sj\u00e4lva som l\u00e4sare och inte s\u00e5 mycket om prestation.\u00a0Undvik obligatoriska krav p\u00e5 bokrecensioner. (Det kan man \u00f6va n\u00e4r man arbetar med texttypen bokrecension)<\/li>\n<li>D\u00e4remot brukar det finnas behov av att dela alla\u00a0tankar och l\u00e4supplevelser som uppst\u00e5r efter den sj\u00e4lvst\u00e4ndiga l\u00e4sningen. En\u00a0enkel form av l\u00e4slogg (text + tanke), #booksnaps (<a href=\"https:\/\/lartorget.goteborg.se\/spraklikt\/2017\/11\/24\/lasning-var-du-an-ar-och-vart-du-an-gar\/\">som jag skrivit om i ett \u00e4ldre blogginl\u00e4gg h\u00e4r<\/a>) eller boksamtal brukar vara givande. Det finns en mycket bra app f\u00f6r boksamtal: <a href=\"https:\/\/itunes.apple.com\/se\/app\/boksamtal\/id1163620187?mt=8\">klicka h\u00e4r<\/a>.<\/li>\n<\/ul>\n<p><strong>Vad kan du som l\u00e4rare g\u00f6ra under det sj\u00e4lvst\u00e4ndiga l\u00e4spasset?\u00a0<\/strong><\/p>\n<p>Du kan sj\u00e4lv l\u00e4sa\u00a0eller ha n\u00f6jet av att ha samtal om b\u00f6cker med dina elever. Det \u00e4r ett bra tillf\u00e4lle f\u00f6r att\u00a0l\u00e4ra sig mer om eleverna som l\u00e4sare och m\u00e4nniskor.\u00a0 H\u00e4r \u00e4r ett exempel p\u00e5\u00a0<a href=\"https:\/\/drive.google.com\/file\/d\/0B6eNNPwNNx4Nd2ZRVjJiMEtGcEE\/view?usp=sharing\">L\u00e4sintervju<\/a>\u00a0som jag gjort och brukar ha som mall n\u00e4r jag l\u00e4r k\u00e4nna mina nya l\u00e4sare. Passa p\u00e5 att observera och lyssna p\u00e5 dina elever.\u00a0L\u00e4gg m\u00e4rke till de b\u00f6cker och de val av texter eller typ av bokskepnad de v\u00e4ljer.\u00a0Anteckna.\u00a0Reflektera.\u00a0Vad l\u00e4r du om dina elever p\u00e5 individ- och gruppniv\u00e5 som du inte visste f\u00f6rut?\u00a0Vad, eller vem, \u00f6verraskade dig? Vad blir n\u00e4sta steg?<\/p>\n<p>Jag avrundar med att visa min presentationsbild &#8221;grovplanering&#8221; f\u00f6r terminen\u00a0 i svenska \u00e5k 6. Det blir ut\u00f6ver l\u00e4spass en hel del \u00e4mnes\u00f6vergripande samarbete. V\u00e5r ing\u00e5ng till att arbeta med Valet 2018 handlar om att st\u00e4rka och g\u00f6ra sin r\u00f6st h\u00f6rd, demokrati, k\u00e4llkritik,\u00a0m\u00e4nskliga r\u00e4ttigheter och de globala m\u00e5len. Det \u00e4r i och f\u00f6r sig stora omr\u00e5den som inte blir f\u00e4rdigarbetade under enbart denna termin.<\/p>\n<p><img loading=\"lazy\" decoding=\"async\" class=\"aligncenter wp-image-927 size-large\" src=\"https:\/\/lartorget.goteborg.se\/spraklikt\/wp-content\/uploads\/sites\/10\/2018\/09\/Svenska-\u00e5k-6-1024x576.jpg\" alt=\"\" width=\"1024\" height=\"576\" srcset=\"https:\/\/lartorget.goteborg.se\/spraklikt\/wp-content\/uploads\/sites\/10\/2018\/09\/Svenska-\u00e5k-6-1024x576.jpg 1024w, https:\/\/lartorget.goteborg.se\/spraklikt\/wp-content\/uploads\/sites\/10\/2018\/09\/Svenska-\u00e5k-6-360x202.jpg 360w, https:\/\/lartorget.goteborg.se\/spraklikt\/wp-content\/uploads\/sites\/10\/2018\/09\/Svenska-\u00e5k-6-1084x609.jpg 1084w, https:\/\/lartorget.goteborg.se\/spraklikt\/wp-content\/uploads\/sites\/10\/2018\/09\/Svenska-\u00e5k-6-531x299.jpg 531w, https:\/\/lartorget.goteborg.se\/spraklikt\/wp-content\/uploads\/sites\/10\/2018\/09\/Svenska-\u00e5k-6-350x197.jpg 350w, https:\/\/lartorget.goteborg.se\/spraklikt\/wp-content\/uploads\/sites\/10\/2018\/09\/Svenska-\u00e5k-6-260x146.jpg 260w, https:\/\/lartorget.goteborg.se\/spraklikt\/wp-content\/uploads\/sites\/10\/2018\/09\/Svenska-\u00e5k-6-300x169.jpg 300w, https:\/\/lartorget.goteborg.se\/spraklikt\/wp-content\/uploads\/sites\/10\/2018\/09\/Svenska-\u00e5k-6-768x432.jpg 768w, https:\/\/lartorget.goteborg.se\/spraklikt\/wp-content\/uploads\/sites\/10\/2018\/09\/Svenska-\u00e5k-6.jpg 1366w\" sizes=\"auto, (max-width: 1024px) 100vw, 1024px\" \/><\/p>\n<p><strong>H\u00e4r f\u00f6ljer ett urval av de l\u00e4nkar och resurser jag anv\u00e4nder mig av:<\/strong><\/p>\n<p><strong>Valet 2018:<\/strong><\/p>\n<p>I \u00e5k 6 ser vi bland annat UR Skolas uppdaterade filmserie f\u00f6r 2018 &#8221;<a href=\"https:\/\/urskola.se\/Produkter\/205417-Drom-om-demokrati-Att-rosta\" target=\"_blank\" rel=\"noopener\">Dr\u00f6m om demokratin&#8221;.<\/a>\u00a0 Till serien ing\u00e5r \u00e4ven en l\u00e4rarhandledning.<\/p>\n<p>\u00c4ven i engelska i \u00e5k 7-8 arbetas det\u00a0 med valet. H\u00e4r \u00e4r en l\u00e4nk engelskans lektionsplanering med arbetsuppgifter och aktiviteter inb\u00e4ddade:\u00a0<a href=\"https:\/\/docs.google.com\/presentation\/d\/1vjYZR8yIEjoME0jLnvaFmotaohthc8PCWiJKdgUAtOM\/edit?usp=sharing\">The Election &#8211; How to vote in Sweden<\/a>.<\/p>\n<p><strong>Internetstiftelsens lektioner i digital kompetens f\u00f6r h\u00f6gstadiet:\u00a0<\/strong><a href=\"https:\/\/digitalalektioner.iis.se\/\" target=\"_blank\" rel=\"noopener\">Digitala lektioner<\/a><\/p>\n<p><strong>Globala m\u00e5len:<\/strong><\/p>\n<p>Resursmaterial finns h\u00e4r:\u00a0<a href=\"http:\/\/www.globalamalen.se\/material\/\" target=\"_blank\" rel=\"noopener\">Globala m\u00e5len: material<\/a><\/p>\n<p>Broschyr:\u00a0<a href=\"http:\/\/www.globalamalen.se\/wp-content\/uploads\/2016\/10\/Broschyr-globala-malen.pdf\" target=\"_blank\" rel=\"noopener\">Globala m\u00e5len<\/a><\/p>\n<p>Energifallets ordlista:\u00a0<strong><a href=\"https:\/\/www.naturskyddsforeningen.se\/sites\/default\/files\/dokument-media\/Ordlista_2018_0.pdf\">&#8221;Globala m\u00e5len f\u00f6r h\u00e5llbar utveckling&#8221;<\/a><\/strong><\/p>\n<p>Jag avrundar med n\u00e5got helt annat; och delar med mig med ett dokument med n\u00e5gra &#8221;What if-fr\u00e5gor&#8221; som jag samlat p\u00e5 mig och satt ihop f\u00f6r att anv\u00e4ndas vid samtal i par eller sm\u00e5grupper i syfte att eleverna ska l\u00e4ra k\u00e4nna varandra b\u00e4ttre:\u00a0<a href=\"https:\/\/docs.google.com\/document\/d\/1aU_pZFpKor0PgqhMVeCRYLK75GO0IZzDPzKsmadHdPc\/edit?usp=sharing\" target=\"_blank\" rel=\"noopener\">What if questions p\u00e5 svenska och engelska<\/a>.<\/p>\n<p>&nbsp;<\/p>\n<p>Fridens! \/ Cecilia<\/p>\n","protected":false},"excerpt":{"rendered":"<p>Som alltid vid uppstart av en ny termin finns det s\u00e5 m\u00e5nga tr\u00e5dar att dra i och beakta; att planera utifr\u00e5n det centrala inneh\u00e5llet, att b\u00e4dda f\u00f6r \u00e4mnes\u00f6vergripande samarbete samtidigt som man f\u00e5r fram det karakt\u00e4ristiska f\u00f6r det egna \u00e4mnet, att skapa goda relationer inom grupperna och s\u00e4tta goda vanor och rutiner i klassrummet f\u00f6r bara n\u00e4mna n\u00e5gra saker.\u00a0 <\/p>\n<p>N\u00e5got jag inte ruckar p\u00e5 \u00e4r att avs\u00e4tta tid f\u00f6r sj\u00e4lvst\u00e4ndig l\u00e4sning. Innan de 28\u00a0 eleverna i \u00e5k 6 som jag i \u00e5r undervisar i svenska och engelska fick sina Chromebooks b\u00f6rjade jag med att introducera och l\u00e4gga grunden f\u00f6r l\u00e4spasset.\u00a0 <\/p>\n<p>Sedan den 1:e juli g\u00e4ller som bekant digitaliseringen av skolan och\u00a0d\u00e4r grunnar jag p\u00e5 vad det inneb\u00e4r f\u00f6r l\u00e4sningens del.\u00a0Hur p\u00e5verkar digitaliseringen v\u00e5rt s\u00e4tt att l\u00e4sa och vad h\u00e4nder med djupl\u00e4sningen? Hur planerar vi f\u00f6r l\u00e4sningen i undervisningen och i vilken skepnad?\u00a0 F\u00e5r eleverna utforska texter och b\u00f6cker\u00a0i s\u00e5v\u00e4l digital som analog skepnad?<\/p>\n","protected":false},"author":25,"featured_media":921,"comment_status":"open","ping_status":"open","sticky":false,"template":"","format":"standard","meta":{"_acf_changed":false,"footnotes":""},"categories":[35,1,75,175,294,39,14,188,30,101],"coauthors":[105],"class_list":["post-912","post","type-post","status-publish","format-standard","has-post-thumbnail","hentry","category-amnesovergripande-undervisning","category-okategoriserade","category-centrum","category-demokrati","category-grundskola","category-grundskola-4-6","category-grundskola-7-9","category-programmering","category-sprakutveckling","category-svenska"],"acf":[],"yoast_head":"<!-- This site is optimized with the Yoast SEO plugin v27.5 - https:\/\/yoast.com\/product\/yoast-seo-wordpress\/ -->\n<title>Djupl\u00e4sningen - use it or lose it! - Spr\u00e5klIKT<\/title>\n<meta name=\"robots\" content=\"index, follow, max-snippet:-1, max-image-preview:large, max-video-preview:-1\" \/>\n<link rel=\"canonical\" href=\"https:\/\/lartorget.goteborg.se\/spraklikt\/2018\/09\/09\/djuplasningen-use-it-or-lose-it\/\" \/>\n<meta property=\"og:locale\" content=\"sv_SE\" \/>\n<meta property=\"og:type\" content=\"article\" \/>\n<meta property=\"og:title\" content=\"Djupl\u00e4sningen - use it or lose it! - Spr\u00e5klIKT\" \/>\n<meta property=\"og:description\" content=\"Som alltid vid uppstart av en ny termin finns det s\u00e5 m\u00e5nga tr\u00e5dar att dra i och beakta; att planera utifr\u00e5n det centrala inneh\u00e5llet, att b\u00e4dda f\u00f6r \u00e4mnes\u00f6vergripande samarbete samtidigt som man f\u00e5r fram det karakt\u00e4ristiska f\u00f6r det egna \u00e4mnet, att skapa goda relationer inom grupperna och s\u00e4tta goda vanor och rutiner i klassrummet f\u00f6r bara n\u00e4mna n\u00e5gra saker.\u00a0   N\u00e5got jag inte ruckar p\u00e5 \u00e4r att avs\u00e4tta tid f\u00f6r sj\u00e4lvst\u00e4ndig l\u00e4sning. Innan de 28\u00a0 eleverna i \u00e5k 6 som jag i \u00e5r undervisar i svenska och engelska fick sina Chromebooks b\u00f6rjade jag med att introducera och l\u00e4gga grunden f\u00f6r l\u00e4spasset.\u00a0   Sedan den 1:e juli g\u00e4ller som bekant digitaliseringen av skolan och\u00a0d\u00e4r grunnar jag p\u00e5 vad det inneb\u00e4r f\u00f6r l\u00e4sningens del.\u00a0Hur p\u00e5verkar digitaliseringen v\u00e5rt s\u00e4tt att l\u00e4sa och vad h\u00e4nder med djupl\u00e4sningen? Hur planerar vi f\u00f6r l\u00e4sningen i undervisningen och i vilken skepnad?\u00a0 F\u00e5r eleverna utforska texter och b\u00f6cker\u00a0i s\u00e5v\u00e4l digital som analog skepnad?\" \/>\n<meta property=\"og:url\" content=\"https:\/\/lartorget.goteborg.se\/spraklikt\/2018\/09\/09\/djuplasningen-use-it-or-lose-it\/\" \/>\n<meta property=\"og:site_name\" content=\"Spr\u00e5klIKT\" \/>\n<meta property=\"article:published_time\" content=\"2018-09-09T12:11:22+00:00\" \/>\n<meta property=\"article:modified_time\" content=\"2018-09-11T05:15:44+00:00\" \/>\n<meta property=\"og:image\" content=\"https:\/\/lartorget.goteborg.se\/spraklikt\/wp-content\/uploads\/sites\/10\/2018\/08\/L\u00e4spass.jpg\" \/>\n\t<meta property=\"og:image:width\" content=\"1341\" \/>\n\t<meta property=\"og:image:height\" content=\"745\" \/>\n\t<meta property=\"og:image:type\" content=\"image\/jpeg\" \/>\n<meta name=\"author\" content=\"Cecilia Lind\" \/>\n<meta name=\"twitter:card\" content=\"summary_large_image\" \/>\n<meta name=\"twitter:label1\" content=\"Skriven av\" \/>\n\t<meta name=\"twitter:data1\" content=\"Cecilia Lind\" \/>\n\t<meta name=\"twitter:label2\" content=\"Ber\u00e4knad l\u00e4stid\" \/>\n\t<meta name=\"twitter:data2\" content=\"10 minuter\" \/>\n<script type=\"application\/ld+json\" class=\"yoast-schema-graph\">{\"@context\":\"https:\\\/\\\/schema.org\",\"@graph\":[{\"@type\":\"Article\",\"@id\":\"https:\\\/\\\/lartorget.goteborg.se\\\/spraklikt\\\/2018\\\/09\\\/09\\\/djuplasningen-use-it-or-lose-it\\\/#article\",\"isPartOf\":{\"@id\":\"https:\\\/\\\/lartorget.goteborg.se\\\/spraklikt\\\/2018\\\/09\\\/09\\\/djuplasningen-use-it-or-lose-it\\\/\"},\"author\":{\"name\":\"Cecilia Lind\",\"@id\":\"https:\\\/\\\/lartorget.goteborg.se\\\/spraklikt\\\/#\\\/schema\\\/person\\\/ae12e168cd51488c2a7bb0f31ef95c70\"},\"headline\":\"Djupl\u00e4sningen &#8211; use it or lose it!\",\"datePublished\":\"2018-09-09T12:11:22+00:00\",\"dateModified\":\"2018-09-11T05:15:44+00:00\",\"mainEntityOfPage\":{\"@id\":\"https:\\\/\\\/lartorget.goteborg.se\\\/spraklikt\\\/2018\\\/09\\\/09\\\/djuplasningen-use-it-or-lose-it\\\/\"},\"wordCount\":2074,\"commentCount\":0,\"image\":{\"@id\":\"https:\\\/\\\/lartorget.goteborg.se\\\/spraklikt\\\/2018\\\/09\\\/09\\\/djuplasningen-use-it-or-lose-it\\\/#primaryimage\"},\"thumbnailUrl\":\"https:\\\/\\\/lartorget.goteborg.se\\\/spraklikt\\\/wp-content\\\/uploads\\\/sites\\\/10\\\/2018\\\/08\\\/L\u00e4spass.jpg\",\"articleSection\":[\"\u00c4mnes\u00f6vergripande undervisning\",\"Blandat\",\"Centrum\",\"Demokrati\",\"Grundskola\",\"Grundskola 4-6\",\"Grundskola 7-9\",\"Programmering\",\"Spr\u00e5kutveckling\",\"Svenska\"],\"inLanguage\":\"sv-SE\",\"potentialAction\":[{\"@type\":\"CommentAction\",\"name\":\"Comment\",\"target\":[\"https:\\\/\\\/lartorget.goteborg.se\\\/spraklikt\\\/2018\\\/09\\\/09\\\/djuplasningen-use-it-or-lose-it\\\/#respond\"]}]},{\"@type\":\"WebPage\",\"@id\":\"https:\\\/\\\/lartorget.goteborg.se\\\/spraklikt\\\/2018\\\/09\\\/09\\\/djuplasningen-use-it-or-lose-it\\\/\",\"url\":\"https:\\\/\\\/lartorget.goteborg.se\\\/spraklikt\\\/2018\\\/09\\\/09\\\/djuplasningen-use-it-or-lose-it\\\/\",\"name\":\"Djupl\u00e4sningen - use it or lose it! - Spr\u00e5klIKT\",\"isPartOf\":{\"@id\":\"https:\\\/\\\/lartorget.goteborg.se\\\/spraklikt\\\/#website\"},\"primaryImageOfPage\":{\"@id\":\"https:\\\/\\\/lartorget.goteborg.se\\\/spraklikt\\\/2018\\\/09\\\/09\\\/djuplasningen-use-it-or-lose-it\\\/#primaryimage\"},\"image\":{\"@id\":\"https:\\\/\\\/lartorget.goteborg.se\\\/spraklikt\\\/2018\\\/09\\\/09\\\/djuplasningen-use-it-or-lose-it\\\/#primaryimage\"},\"thumbnailUrl\":\"https:\\\/\\\/lartorget.goteborg.se\\\/spraklikt\\\/wp-content\\\/uploads\\\/sites\\\/10\\\/2018\\\/08\\\/L\u00e4spass.jpg\",\"datePublished\":\"2018-09-09T12:11:22+00:00\",\"dateModified\":\"2018-09-11T05:15:44+00:00\",\"author\":{\"@id\":\"https:\\\/\\\/lartorget.goteborg.se\\\/spraklikt\\\/#\\\/schema\\\/person\\\/ae12e168cd51488c2a7bb0f31ef95c70\"},\"breadcrumb\":{\"@id\":\"https:\\\/\\\/lartorget.goteborg.se\\\/spraklikt\\\/2018\\\/09\\\/09\\\/djuplasningen-use-it-or-lose-it\\\/#breadcrumb\"},\"inLanguage\":\"sv-SE\",\"potentialAction\":[{\"@type\":\"ReadAction\",\"target\":[\"https:\\\/\\\/lartorget.goteborg.se\\\/spraklikt\\\/2018\\\/09\\\/09\\\/djuplasningen-use-it-or-lose-it\\\/\"]}]},{\"@type\":\"ImageObject\",\"inLanguage\":\"sv-SE\",\"@id\":\"https:\\\/\\\/lartorget.goteborg.se\\\/spraklikt\\\/2018\\\/09\\\/09\\\/djuplasningen-use-it-or-lose-it\\\/#primaryimage\",\"url\":\"https:\\\/\\\/lartorget.goteborg.se\\\/spraklikt\\\/wp-content\\\/uploads\\\/sites\\\/10\\\/2018\\\/08\\\/L\u00e4spass.jpg\",\"contentUrl\":\"https:\\\/\\\/lartorget.goteborg.se\\\/spraklikt\\\/wp-content\\\/uploads\\\/sites\\\/10\\\/2018\\\/08\\\/L\u00e4spass.jpg\",\"width\":1341,\"height\":745,\"caption\":\"L\u00e4spass\"},{\"@type\":\"BreadcrumbList\",\"@id\":\"https:\\\/\\\/lartorget.goteborg.se\\\/spraklikt\\\/2018\\\/09\\\/09\\\/djuplasningen-use-it-or-lose-it\\\/#breadcrumb\",\"itemListElement\":[{\"@type\":\"ListItem\",\"position\":1,\"name\":\"Home\",\"item\":\"https:\\\/\\\/lartorget.goteborg.se\\\/spraklikt\\\/\"},{\"@type\":\"ListItem\",\"position\":2,\"name\":\"Djupl\u00e4sningen &#8211; use it or lose it!\"}]},{\"@type\":\"WebSite\",\"@id\":\"https:\\\/\\\/lartorget.goteborg.se\\\/spraklikt\\\/#website\",\"url\":\"https:\\\/\\\/lartorget.goteborg.se\\\/spraklikt\\\/\",\"name\":\"Spr\u00e5klIKT\",\"description\":\"En till Pedagogen Gbg-webbplatser webbplats\",\"potentialAction\":[{\"@type\":\"SearchAction\",\"target\":{\"@type\":\"EntryPoint\",\"urlTemplate\":\"https:\\\/\\\/lartorget.goteborg.se\\\/spraklikt\\\/?s={search_term_string}\"},\"query-input\":{\"@type\":\"PropertyValueSpecification\",\"valueRequired\":true,\"valueName\":\"search_term_string\"}}],\"inLanguage\":\"sv-SE\"},{\"@type\":\"Person\",\"@id\":\"https:\\\/\\\/lartorget.goteborg.se\\\/spraklikt\\\/#\\\/schema\\\/person\\\/ae12e168cd51488c2a7bb0f31ef95c70\",\"name\":\"Cecilia Lind\",\"image\":{\"@type\":\"ImageObject\",\"inLanguage\":\"sv-SE\",\"@id\":\"https:\\\/\\\/lartorget.goteborg.se\\\/spraklikt\\\/wp-content\\\/uploads\\\/sites\\\/10\\\/2018\\\/09\\\/AnnaAnna_LandalaGS_1128_web-150x150.jpg4c6d73b50514792bcd4ac7910ca63bf0\",\"url\":\"https:\\\/\\\/lartorget.goteborg.se\\\/spraklikt\\\/wp-content\\\/uploads\\\/sites\\\/10\\\/2018\\\/09\\\/AnnaAnna_LandalaGS_1128_web-150x150.jpg\",\"contentUrl\":\"https:\\\/\\\/lartorget.goteborg.se\\\/spraklikt\\\/wp-content\\\/uploads\\\/sites\\\/10\\\/2018\\\/09\\\/AnnaAnna_LandalaGS_1128_web-150x150.jpg\",\"caption\":\"Cecilia Lind\"},\"url\":\"https:\\\/\\\/lartorget.goteborg.se\\\/spraklikt\\\/author\\\/cecilia\\\/\"}]}<\/script>\n<!-- \/ Yoast SEO plugin. -->","yoast_head_json":{"title":"Djupl\u00e4sningen - use it or lose it! - Spr\u00e5klIKT","robots":{"index":"index","follow":"follow","max-snippet":"max-snippet:-1","max-image-preview":"max-image-preview:large","max-video-preview":"max-video-preview:-1"},"canonical":"https:\/\/lartorget.goteborg.se\/spraklikt\/2018\/09\/09\/djuplasningen-use-it-or-lose-it\/","og_locale":"sv_SE","og_type":"article","og_title":"Djupl\u00e4sningen - use it or lose it! - Spr\u00e5klIKT","og_description":"Som alltid vid uppstart av en ny termin finns det s\u00e5 m\u00e5nga tr\u00e5dar att dra i och beakta; att planera utifr\u00e5n det centrala inneh\u00e5llet, att b\u00e4dda f\u00f6r \u00e4mnes\u00f6vergripande samarbete samtidigt som man f\u00e5r fram det karakt\u00e4ristiska f\u00f6r det egna \u00e4mnet, att skapa goda relationer inom grupperna och s\u00e4tta goda vanor och rutiner i klassrummet f\u00f6r bara n\u00e4mna n\u00e5gra saker.\u00a0   N\u00e5got jag inte ruckar p\u00e5 \u00e4r att avs\u00e4tta tid f\u00f6r sj\u00e4lvst\u00e4ndig l\u00e4sning. Innan de 28\u00a0 eleverna i \u00e5k 6 som jag i \u00e5r undervisar i svenska och engelska fick sina Chromebooks b\u00f6rjade jag med att introducera och l\u00e4gga grunden f\u00f6r l\u00e4spasset.\u00a0   Sedan den 1:e juli g\u00e4ller som bekant digitaliseringen av skolan och\u00a0d\u00e4r grunnar jag p\u00e5 vad det inneb\u00e4r f\u00f6r l\u00e4sningens del.\u00a0Hur p\u00e5verkar digitaliseringen v\u00e5rt s\u00e4tt att l\u00e4sa och vad h\u00e4nder med djupl\u00e4sningen? Hur planerar vi f\u00f6r l\u00e4sningen i undervisningen och i vilken skepnad?\u00a0 F\u00e5r eleverna utforska texter och b\u00f6cker\u00a0i s\u00e5v\u00e4l digital som analog skepnad?","og_url":"https:\/\/lartorget.goteborg.se\/spraklikt\/2018\/09\/09\/djuplasningen-use-it-or-lose-it\/","og_site_name":"Spr\u00e5klIKT","article_published_time":"2018-09-09T12:11:22+00:00","article_modified_time":"2018-09-11T05:15:44+00:00","og_image":[{"width":1341,"height":745,"url":"https:\/\/lartorget.goteborg.se\/spraklikt\/wp-content\/uploads\/sites\/10\/2018\/08\/L\u00e4spass.jpg","type":"image\/jpeg"}],"author":"Cecilia Lind","twitter_card":"summary_large_image","twitter_misc":{"Skriven av":"Cecilia Lind","Ber\u00e4knad l\u00e4stid":"10 minuter"},"schema":{"@context":"https:\/\/schema.org","@graph":[{"@type":"Article","@id":"https:\/\/lartorget.goteborg.se\/spraklikt\/2018\/09\/09\/djuplasningen-use-it-or-lose-it\/#article","isPartOf":{"@id":"https:\/\/lartorget.goteborg.se\/spraklikt\/2018\/09\/09\/djuplasningen-use-it-or-lose-it\/"},"author":{"name":"Cecilia Lind","@id":"https:\/\/lartorget.goteborg.se\/spraklikt\/#\/schema\/person\/ae12e168cd51488c2a7bb0f31ef95c70"},"headline":"Djupl\u00e4sningen &#8211; use it or lose it!","datePublished":"2018-09-09T12:11:22+00:00","dateModified":"2018-09-11T05:15:44+00:00","mainEntityOfPage":{"@id":"https:\/\/lartorget.goteborg.se\/spraklikt\/2018\/09\/09\/djuplasningen-use-it-or-lose-it\/"},"wordCount":2074,"commentCount":0,"image":{"@id":"https:\/\/lartorget.goteborg.se\/spraklikt\/2018\/09\/09\/djuplasningen-use-it-or-lose-it\/#primaryimage"},"thumbnailUrl":"https:\/\/lartorget.goteborg.se\/spraklikt\/wp-content\/uploads\/sites\/10\/2018\/08\/L\u00e4spass.jpg","articleSection":["\u00c4mnes\u00f6vergripande undervisning","Blandat","Centrum","Demokrati","Grundskola","Grundskola 4-6","Grundskola 7-9","Programmering","Spr\u00e5kutveckling","Svenska"],"inLanguage":"sv-SE","potentialAction":[{"@type":"CommentAction","name":"Comment","target":["https:\/\/lartorget.goteborg.se\/spraklikt\/2018\/09\/09\/djuplasningen-use-it-or-lose-it\/#respond"]}]},{"@type":"WebPage","@id":"https:\/\/lartorget.goteborg.se\/spraklikt\/2018\/09\/09\/djuplasningen-use-it-or-lose-it\/","url":"https:\/\/lartorget.goteborg.se\/spraklikt\/2018\/09\/09\/djuplasningen-use-it-or-lose-it\/","name":"Djupl\u00e4sningen - use it or lose it! - Spr\u00e5klIKT","isPartOf":{"@id":"https:\/\/lartorget.goteborg.se\/spraklikt\/#website"},"primaryImageOfPage":{"@id":"https:\/\/lartorget.goteborg.se\/spraklikt\/2018\/09\/09\/djuplasningen-use-it-or-lose-it\/#primaryimage"},"image":{"@id":"https:\/\/lartorget.goteborg.se\/spraklikt\/2018\/09\/09\/djuplasningen-use-it-or-lose-it\/#primaryimage"},"thumbnailUrl":"https:\/\/lartorget.goteborg.se\/spraklikt\/wp-content\/uploads\/sites\/10\/2018\/08\/L\u00e4spass.jpg","datePublished":"2018-09-09T12:11:22+00:00","dateModified":"2018-09-11T05:15:44+00:00","author":{"@id":"https:\/\/lartorget.goteborg.se\/spraklikt\/#\/schema\/person\/ae12e168cd51488c2a7bb0f31ef95c70"},"breadcrumb":{"@id":"https:\/\/lartorget.goteborg.se\/spraklikt\/2018\/09\/09\/djuplasningen-use-it-or-lose-it\/#breadcrumb"},"inLanguage":"sv-SE","potentialAction":[{"@type":"ReadAction","target":["https:\/\/lartorget.goteborg.se\/spraklikt\/2018\/09\/09\/djuplasningen-use-it-or-lose-it\/"]}]},{"@type":"ImageObject","inLanguage":"sv-SE","@id":"https:\/\/lartorget.goteborg.se\/spraklikt\/2018\/09\/09\/djuplasningen-use-it-or-lose-it\/#primaryimage","url":"https:\/\/lartorget.goteborg.se\/spraklikt\/wp-content\/uploads\/sites\/10\/2018\/08\/L\u00e4spass.jpg","contentUrl":"https:\/\/lartorget.goteborg.se\/spraklikt\/wp-content\/uploads\/sites\/10\/2018\/08\/L\u00e4spass.jpg","width":1341,"height":745,"caption":"L\u00e4spass"},{"@type":"BreadcrumbList","@id":"https:\/\/lartorget.goteborg.se\/spraklikt\/2018\/09\/09\/djuplasningen-use-it-or-lose-it\/#breadcrumb","itemListElement":[{"@type":"ListItem","position":1,"name":"Home","item":"https:\/\/lartorget.goteborg.se\/spraklikt\/"},{"@type":"ListItem","position":2,"name":"Djupl\u00e4sningen &#8211; use it or lose it!"}]},{"@type":"WebSite","@id":"https:\/\/lartorget.goteborg.se\/spraklikt\/#website","url":"https:\/\/lartorget.goteborg.se\/spraklikt\/","name":"Spr\u00e5klIKT","description":"En till Pedagogen Gbg-webbplatser webbplats","potentialAction":[{"@type":"SearchAction","target":{"@type":"EntryPoint","urlTemplate":"https:\/\/lartorget.goteborg.se\/spraklikt\/?s={search_term_string}"},"query-input":{"@type":"PropertyValueSpecification","valueRequired":true,"valueName":"search_term_string"}}],"inLanguage":"sv-SE"},{"@type":"Person","@id":"https:\/\/lartorget.goteborg.se\/spraklikt\/#\/schema\/person\/ae12e168cd51488c2a7bb0f31ef95c70","name":"Cecilia Lind","image":{"@type":"ImageObject","inLanguage":"sv-SE","@id":"https:\/\/lartorget.goteborg.se\/spraklikt\/wp-content\/uploads\/sites\/10\/2018\/09\/AnnaAnna_LandalaGS_1128_web-150x150.jpg4c6d73b50514792bcd4ac7910ca63bf0","url":"https:\/\/lartorget.goteborg.se\/spraklikt\/wp-content\/uploads\/sites\/10\/2018\/09\/AnnaAnna_LandalaGS_1128_web-150x150.jpg","contentUrl":"https:\/\/lartorget.goteborg.se\/spraklikt\/wp-content\/uploads\/sites\/10\/2018\/09\/AnnaAnna_LandalaGS_1128_web-150x150.jpg","caption":"Cecilia Lind"},"url":"https:\/\/lartorget.goteborg.se\/spraklikt\/author\/cecilia\/"}]}},"_links":{"self":[{"href":"https:\/\/lartorget.goteborg.se\/spraklikt\/wp-json\/wp\/v2\/posts\/912","targetHints":{"allow":["GET"]}}],"collection":[{"href":"https:\/\/lartorget.goteborg.se\/spraklikt\/wp-json\/wp\/v2\/posts"}],"about":[{"href":"https:\/\/lartorget.goteborg.se\/spraklikt\/wp-json\/wp\/v2\/types\/post"}],"author":[{"embeddable":true,"href":"https:\/\/lartorget.goteborg.se\/spraklikt\/wp-json\/wp\/v2\/users\/25"}],"replies":[{"embeddable":true,"href":"https:\/\/lartorget.goteborg.se\/spraklikt\/wp-json\/wp\/v2\/comments?post=912"}],"version-history":[{"count":55,"href":"https:\/\/lartorget.goteborg.se\/spraklikt\/wp-json\/wp\/v2\/posts\/912\/revisions"}],"predecessor-version":[{"id":978,"href":"https:\/\/lartorget.goteborg.se\/spraklikt\/wp-json\/wp\/v2\/posts\/912\/revisions\/978"}],"wp:featuredmedia":[{"embeddable":true,"href":"https:\/\/lartorget.goteborg.se\/spraklikt\/wp-json\/wp\/v2\/media\/921"}],"wp:attachment":[{"href":"https:\/\/lartorget.goteborg.se\/spraklikt\/wp-json\/wp\/v2\/media?parent=912"}],"wp:term":[{"taxonomy":"category","embeddable":true,"href":"https:\/\/lartorget.goteborg.se\/spraklikt\/wp-json\/wp\/v2\/categories?post=912"},{"taxonomy":"author","embeddable":true,"href":"https:\/\/lartorget.goteborg.se\/spraklikt\/wp-json\/wp\/v2\/coauthors?post=912"}],"curies":[{"name":"wp","href":"https:\/\/api.w.org\/{rel}","templated":true}]}}