
{"id":779,"date":"2018-06-06T20:57:17","date_gmt":"2018-06-06T18:57:17","guid":{"rendered":"https:\/\/lartorget.goteborg.se\/spraklikt\/?p=779"},"modified":"2021-03-30T16:52:02","modified_gmt":"2021-03-30T14:52:02","slug":"grejen-med-stl","status":"publish","type":"post","link":"https:\/\/lartorget.goteborg.se\/spraklikt\/2018\/06\/06\/grejen-med-stl\/","title":{"rendered":"Grejen med STL?"},"content":{"rendered":"<p>N\u00e4r ny digital teknik inf\u00f6rs i undervisningen finns det en risk att det blir som man s\u00e4ger p\u00e5 engelska:\u00a0<a href=\"https:\/\/en.wiktionary.org\/wiki\/old_wine_in_a_new_bottle\" target=\"_blank\" rel=\"noopener noreferrer\"><strong><em>Old Wine in New Bottles. <\/em><\/strong><\/a>Inledningsvis f\u00f6rnyas eller f\u00f6rb\u00e4ttras undervisningen p\u00e5 s\u00e4tt och vis men de metoder som anv\u00e4nds best\u00e5r till st\u00f6rsta del av ungef\u00e4r samma slags aktiviteter som f\u00f6rut; ungef\u00e4r som att pennor byts ut mot datorer. Denna f\u00f6rsta f\u00f6r\u00e4ndring brukar kallas en f\u00f6r\u00e4ndring av\u00a0<strong>f\u00f6rsta ordningen<\/strong>. Utbildningen i Skriva sig till l\u00e4rande, STL Blended \u00f6ppnar ist\u00e4llet upp en d\u00f6rr till f\u00f6r\u00e4ndring mot det som kallas <strong>andra ordningen,<\/strong>\u00a0en f\u00f6r\u00e4ndring av tankem\u00f6nster och hur vi t\u00e4nker kring v\u00e5r undervisning, l\u00e4rande och kunskap.\u00a0 STL &#8211; Skriva sig till l\u00e4rande \u00e4r en modell som handlar om att kombinera det b\u00e4sta av spr\u00e5k- och kunskapsutvecklande arbetss\u00e4tt med hj\u00e4lp av ny digital teknik som h\u00e4vst\u00e5ng. Det h\u00e4r inl\u00e4gget handlar om vad jag upplever som &#8221;grejen&#8221; med STL-modellen och tankem\u00f6nster som b\u00f6rjat f\u00f6r\u00e4ndrats f\u00f6r egen del.<\/p>\n<p><strong>STL Blended:<\/strong><\/p>\n<p>STL Blended \u00e4r allts\u00e5 namnet p\u00e5 sj\u00e4lva utbildningen i\u00a0 STL, Skriva sig till l\u00e4rande medan STL utg\u00f6r sj\u00e4lva den pedagogiska modellen, med ett spr\u00e5k- kunskaps- och digitalt f\u00f6rh\u00e5llningss\u00e4tt.\u00a0 Utbildningen som str\u00e4ckt sig \u00f6ver hela l\u00e4s\u00e5ret 2017\/2018 har best\u00e5tt av en kombination av digitala tr\u00e4ffar via webbkonferenser och fysiska tr\u00e4ffar som har \u00e4gt rum i SKL:s lokaler i Stockholm. Ut\u00f6ver det har vi \u00e4ven haft sj\u00e4lvstudier, uppgifter att genomf\u00f6ra och att interagera kring via l\u00e4rplattformen Canvas. Just Blended i namnet skvallrar om att det r\u00f6r sig om en mix av s\u00e5v\u00e4l fysiska som digitala tr\u00e4ffar med s\u00e5v\u00e4l sj\u00e4lvstudier som kollaborativt l\u00e4rande.<\/p>\n<p>Totalt var vi i denna omg\u00e5ngen 220 l\u00e4rare fr\u00e5n 35 olika kommuner som deltog. Inf\u00f6r varje tr\u00e4ff har vi deltagare f\u00e5tt fylla i en analysmall som syftat till att f\u00e5 syn p\u00e5 och utveckla v\u00e5r undervisning. I analysmallen har vi \u00a0dels\u00a0 f\u00e5tt beskriva och exemplifiera hur vi arbetat med STL-modellens alla steg, dels skriva ner v\u00e5ra tankar och reflektioner om hur det g\u00e5tt,\u00a0 fundera \u00f6ver konsekvenser och nya m\u00e5l. Varje deltagare har sedan inom en mindre grupp best\u00e5ende av kritiska v\u00e4nner gett och f\u00e5tt \u00e5terkoppling p\u00e5 varandras analysmallar.\u00a0\u00a0Som en parallell process utvecklas b\u00e5de dina elever och du sj\u00e4lv som l\u00e4rare genom denna utveckling av undervisningen.<\/p>\n<p>Tyngdpunkten inom STL ligger p\u00e5 det digitala skrivandet och den sociala interaktionen som sker n\u00e4r elever strukturerat under skrivprocess \u00e5terkopplar och ger varandra feedback f\u00f6r att utveckla sina arbeten. Din egen utmaning ligger i att f\u00e5 syn p\u00e5 vad just du beh\u00f6ver anpassa f\u00f6r att passa i ditt klassrum och vad just du beh\u00f6ver utveckla f\u00f6r att alla dina elever ska utvecklas. Genom att l\u00e4sa andra l\u00e4rares analyser f\u00e5r du till p\u00e5 k\u00f6pet en \u00f6kad bank av arbetsomr\u00e5den, kreativa l\u00f6sningar, digitala verktyg, reflektioner och massor av nya m\u00f6jligheter att inspireras av. Forskningsstudier genomf\u00f6rda av <a href=\"https:\/\/www.oru.se\/personal\/annika_agelii-genlott\">Annika Ag\u00e9lii Genlott<\/a> och <a href=\"https:\/\/www.oru.se\/personal\/ake_gronlund\">\u00c5ke Gr\u00f6nlund<\/a> vid \u00d6rebro universitet visar att modellen leder till \u00f6kad likv\u00e4rdighet vad g\u00e4ller l\u00e4s- och skrivutveckling\u00a0 och att spridningen mellan elever blir l\u00e4gre, d\u00e5 de l\u00e4gst presterande eleverna n\u00e5r b\u00e4ttre resultat. F\u00f6rdjupa dig g\u00e4rna mer h\u00e4r:\u00a0<a href=\"https:\/\/skl.se\/skolakulturfritid\/forskolagrundochgymnasieskola\/digitaliseringskola\/fokusomradenskolutveckling\/skrivasigtilllarande\/forskningsresultatocherfarenheter.11611.html\" target=\"_blank\" rel=\"noopener noreferrer\">forskningsresultat.<\/a><\/p>\n<p>&nbsp;<\/p>\n<div id=\"attachment_794\" style=\"width: 643px\" class=\"wp-caption alignleft\"><img loading=\"lazy\" decoding=\"async\" aria-describedby=\"caption-attachment-794\" class=\"wp-image-794 size-full\" src=\"https:\/\/lartorget.goteborg.se\/spraklikt\/wp-content\/uploads\/sites\/10\/2018\/05\/AAG_STL-MODELL-RUBRIK-kopia3-633x475.jpg\" alt=\"\" width=\"633\" height=\"475\" srcset=\"https:\/\/lartorget.goteborg.se\/spraklikt\/wp-content\/uploads\/sites\/10\/2018\/05\/AAG_STL-MODELL-RUBRIK-kopia3-633x475.jpg 633w, https:\/\/lartorget.goteborg.se\/spraklikt\/wp-content\/uploads\/sites\/10\/2018\/05\/AAG_STL-MODELL-RUBRIK-kopia3-633x475-360x270.jpg 360w, https:\/\/lartorget.goteborg.se\/spraklikt\/wp-content\/uploads\/sites\/10\/2018\/05\/AAG_STL-MODELL-RUBRIK-kopia3-633x475-531x398.jpg 531w, https:\/\/lartorget.goteborg.se\/spraklikt\/wp-content\/uploads\/sites\/10\/2018\/05\/AAG_STL-MODELL-RUBRIK-kopia3-633x475-350x263.jpg 350w, https:\/\/lartorget.goteborg.se\/spraklikt\/wp-content\/uploads\/sites\/10\/2018\/05\/AAG_STL-MODELL-RUBRIK-kopia3-633x475-260x195.jpg 260w, https:\/\/lartorget.goteborg.se\/spraklikt\/wp-content\/uploads\/sites\/10\/2018\/05\/AAG_STL-MODELL-RUBRIK-kopia3-633x475-300x225.jpg 300w\" sizes=\"auto, (max-width: 633px) 100vw, 633px\" \/><p id=\"caption-attachment-794\" class=\"wp-caption-text\">STL-modellen<\/p><\/div>\n<p>&nbsp;<\/p>\n<p>&nbsp;<\/p>\n<p>&nbsp;<\/p>\n<p>&nbsp;<\/p>\n<p>&nbsp;<\/p>\n<p>&nbsp;<\/p>\n<p>&nbsp;<\/p>\n<p>&nbsp;<\/p>\n<p>&nbsp;<\/p>\n<p>&nbsp;<\/p>\n<p>&nbsp;<\/p>\n<p>&nbsp;<\/p>\n<p>&nbsp;<\/p>\n<p><strong>G\u00e5ngen i STL-modellen <\/strong>g\u00e5r lite kortfattat ut p\u00e5 att lektioner planeras utifr\u00e5n cirkeln, se bilden ovan. Eleverna arbetar digitalt med sitt skrivande och \u00e5terkopplingen sker \u00e4ven den digitalt och skriftligt. Texterna eller produktionerna publiceras f\u00f6r mottagare. F\u00f6r att eleverna ska lyckas skriva sig till l\u00e4rande ges rikt med inspiration, f\u00f6rberedelse inf\u00f6r l\u00e4sning och man arbetar med texttypiska drag, m\u00f6nstertexter och andra olika st\u00f6dstrukturer l\u00e4ngs v\u00e4gen.\u00a0\u00a0STL\u00a0 \u00e4r visserligen en strukturerad modell, men \u00e4nd\u00e5 mer av ett f\u00f6rh\u00e5llningss\u00e4tt med v\u00e4ldigt stor frihet att anpassa och utforma uppgifter s\u00e5 att de passar in i just ditt klassrum, dig och din elevgrupp.<\/p>\n<p><strong>F\u00e5 till ett v\u00e4lfungerande arbete med \u00e5terkoppling, interaktion och att skriva f\u00f6r mottagare <\/strong><\/p>\n<p>F\u00f6r egen del var det nya med STL varken att arbeta spr\u00e5kutvecklande med texttyper, inte heller bed\u00f6mning f\u00f6r l\u00e4rande utan snarare att f\u00e5 till ett fungerande \u00e5terkopplings- och interaktionsarbete mellan eleverna. Jag k\u00e4nde mig sedan innan r\u00e4tt bekv\u00e4m s\u00e5v\u00e4l med texttyper och digitala verktyg men jag tycker STL har sporrat mig att f\u00f6rs\u00f6ka hitta fram till anv\u00e4ndning av de digitala verktyg som verkligen g\u00f6r skillnad f\u00f6r elevernas spr\u00e5k- och kunskapsutveckling. Det jag sn\u00e4vade in allra mest p\u00e5 var hur jag skulle f\u00e5 till en mer smidig och v\u00e4lfungerande elevaktivitet f\u00f6r \u00e5terkopplingsarbetet och det synliga l\u00e4randet med att publicera och skriva f\u00f6r mottagare. Jag tog till mig orden fr\u00e5n v\u00e5ra handledare Cecilia Gustafsson och Frida Lindell om att \u00e5terkoppling ska vara skriftlig om den ska vara framg\u00e5ngsrik och att den inte ger s\u00e5 mycket om den inte \u00e4r genrespecifik. Denna insikt och att \u00e5terkopplingen inte b\u00f6r omfatta allt fr\u00e5n spr\u00e5k till inneh\u00e5ll p\u00e5 en och samma g\u00e5ng gjorde att jag b\u00f6rjade undervisa och modellera just om att ge och f\u00e5 \u00e5terkoppling.<\/p>\n<p>Under m\u00e5nga \u00e5r d\u00e5 jag arbetat med skrivprocessen m\u00e5ste jag med handen p\u00e5 hj\u00e4rtat medge att jag k\u00e4nt att det varit lite tids\u00f6dande med elevrespons. Det har inte blivit s\u00e5 som jag \u00f6nskat. Eleverna har\u00a0 visserligen gett respons som varit positiva men den har varit mer av en klapp p\u00e5 axeln\u00a0 \u00e4n anv\u00e4ndbar och utvecklande. Elevresponsen har inte kommit vidare. Jag har haft fina och tjusiga checklistor som jag s\u00e5h\u00e4r i efterhand ser har varit f\u00f6r allomfattande och inte s\u00e5 l\u00e4tta f\u00f6r eleverna att ta till sig. Checklistorna har snarare lett till att\u00a0eleverna\u00a0 fastnat i respons som fokuserat p\u00e5 att hitta stavnings- och grammatikfel, vilket nog varit det enklaste att hitta och ge som f\u00f6rslag p\u00e5 f\u00f6rb\u00e4ttring.<\/p>\n<p>Efter BFL, bed\u00f6mning f\u00f6r l\u00e4rande, s\u00e5 kom &#8221;Two Stars and a Wish&#8221; in i bilden och d\u00e5 kom elevresponsen \u00e5tminstone att handla om tv\u00e5 bra eller positiva saker och en sak att f\u00f6rb\u00e4ttra in i bilden. Bed\u00f6mningsarbetet, s\u00e5v\u00e4l det formativa som det summativa, har till st\u00f6rsta del varit n\u00e5got jag sj\u00e4lv tagit hand om. Jag har haft kontroll \u00f6ver bed\u00f6mningsarbetet men det har inte gjort mina elever sj\u00e4lvst\u00e4ndigare som skribenter. Insikten om att m\u00e5nga texter faktiskt n\u00e4stan bara haft mig som mottagare svider lite. T\u00e4nk s\u00e5 m\u00e5nga fantastiskt angel\u00e4gna texter som kunde n\u00e5tt och l\u00e4sts av fler l\u00e4sare med stor beh\u00e5llning.<strong>\u00a0<\/strong>I ljuset av detta kom jakten p\u00e5 gemensamma digitala ytor f\u00f6r att b\u00f6rja skapa det synliga l\u00e4randet och f\u00f6r att f\u00e5 till ett s\u00e5 smidigt och effektivt s\u00e4tt som m\u00f6jligt f\u00f6r eleverna att \u00e5terkoppla och interagera p\u00e5 varandras arbeten.<\/p>\n<p>Jag b\u00f6rjade i all enkelhet med att fokusera p\u00e5 att eleverna skulle f\u00e5 hj\u00e4lp med att f\u00f6rb\u00e4ttra inledningen till sina uppgifter om h\u00f6stprat de skrev. N\u00e4stan omedelbart s\u00e5g jag m\u00e4rkbara resultat i mitt klassrum. Jag minns att jag twittrade ut att responsarbetet \u00e4ntligen fungerade:<\/p>\n<p><img loading=\"lazy\" decoding=\"async\" class=\"aligncenter wp-image-870 size-full\" src=\"https:\/\/lartorget.goteborg.se\/spraklikt\/wp-content\/uploads\/sites\/10\/2018\/05\/Tweet.jpg\" alt=\"\" width=\"745\" height=\"572\" srcset=\"https:\/\/lartorget.goteborg.se\/spraklikt\/wp-content\/uploads\/sites\/10\/2018\/05\/Tweet.jpg 745w, https:\/\/lartorget.goteborg.se\/spraklikt\/wp-content\/uploads\/sites\/10\/2018\/05\/Tweet-360x276.jpg 360w, https:\/\/lartorget.goteborg.se\/spraklikt\/wp-content\/uploads\/sites\/10\/2018\/05\/Tweet-531x408.jpg 531w, https:\/\/lartorget.goteborg.se\/spraklikt\/wp-content\/uploads\/sites\/10\/2018\/05\/Tweet-350x269.jpg 350w, https:\/\/lartorget.goteborg.se\/spraklikt\/wp-content\/uploads\/sites\/10\/2018\/05\/Tweet-260x200.jpg 260w, https:\/\/lartorget.goteborg.se\/spraklikt\/wp-content\/uploads\/sites\/10\/2018\/05\/Tweet-300x230.jpg 300w\" sizes=\"auto, (max-width: 745px) 100vw, 745px\" \/><\/p>\n<p><img loading=\"lazy\" decoding=\"async\" class=\"wp-image-855 size-medium alignleft\" src=\"https:\/\/lartorget.goteborg.se\/spraklikt\/wp-content\/uploads\/sites\/10\/2018\/05\/Att-ge-\u00e5terkoppling-300x205.jpg\" alt=\"\" width=\"300\" height=\"205\" srcset=\"https:\/\/lartorget.goteborg.se\/spraklikt\/wp-content\/uploads\/sites\/10\/2018\/05\/Att-ge-\u00e5terkoppling-300x205.jpg 300w, https:\/\/lartorget.goteborg.se\/spraklikt\/wp-content\/uploads\/sites\/10\/2018\/05\/Att-ge-\u00e5terkoppling-360x246.jpg 360w, https:\/\/lartorget.goteborg.se\/spraklikt\/wp-content\/uploads\/sites\/10\/2018\/05\/Att-ge-\u00e5terkoppling-531x362.jpg 531w, https:\/\/lartorget.goteborg.se\/spraklikt\/wp-content\/uploads\/sites\/10\/2018\/05\/Att-ge-\u00e5terkoppling-350x239.jpg 350w, https:\/\/lartorget.goteborg.se\/spraklikt\/wp-content\/uploads\/sites\/10\/2018\/05\/Att-ge-\u00e5terkoppling-260x177.jpg 260w, https:\/\/lartorget.goteborg.se\/spraklikt\/wp-content\/uploads\/sites\/10\/2018\/05\/Att-ge-\u00e5terkoppling.jpg 689w\" sizes=\"auto, (max-width: 300px) 100vw, 300px\" \/><\/p>\n<p>&nbsp;<\/p>\n<p>Under utbildningens g\u00e5ng b\u00f6rjade jag skr\u00e4ddarsy \u00e5terkopplingsarbetet utifr\u00e5n varje uppgift. Dessutom b\u00f6rjade jag modellera och undervisa om hur och p\u00e5 vad man ger respons och eleverna fick \u00f6va och tr\u00e4na p\u00e5 att ge varandra respons. Klicka p\u00e5 l\u00e4nkarna nedan f\u00f6r att komma till n\u00e5gra av mina dokument:<\/p>\n<p><a href=\"https:\/\/docs.google.com\/document\/d\/13TlHQjTpgYRwf3e2FgS1FQef73Eb1bvhSwYPAKvJ11Q\/edit?usp=sharing\">Kamratrespons f\u00f6r att hj\u00e4lpa andra att f\u00f6rb\u00e4ttra och utveckla sina blogginl\u00e4gg.<\/a><\/p>\n<p><a href=\"https:\/\/docs.google.com\/document\/d\/1Lr8e9GwsL10bsUkOseoyCz5zFBG04T5EWet2-tJLN5A\/edit?usp=sharing\">Kr\u00f6nika.<\/a><\/p>\n<p>Jag har h\u00e4r lagt in elevexempel i en mall: <a href=\"https:\/\/docs.google.com\/document\/d\/1pMYvc4dE1EhzbtAQcVh7BU1r66RcJqfojfm3j3Bqyqs\/edit?usp=sharing\">&#8221;Att utveckla \u00e5terkopplingen&#8221;<\/a>.<\/p>\n<p>\u00c5terkopplingsarbetet b\u00f6rjade bli mer sj\u00e4lvg\u00e5ende; st\u00f6ttande, utvecklande och efterfr\u00e5gat. Eleverna fick med sig verktyg f\u00f6r att b\u00f6rja se sina egna texter p\u00e5 nytt s\u00e4tt. Det \u00e4r motiverande att f\u00e5 sin text som man k\u00e4mpat l\u00e4nge med l\u00e4st av andra. Jag m\u00e4rkte att den skriftliga responsen blev mer konstruktiv under resans g\u00e5ng och framf\u00f6rallt att eleverna interagerade, st\u00f6ttade, tackade f\u00f6r och lyfte varandras respons.<\/p>\n<p><strong>\u00a0Minilektioner (p\u00e5 max 12 min) kan t.ex. handla om:\u00a0<\/strong><\/p>\n<ul>\n<li>hur och p\u00e5 vad man ger kamratrespons<\/li>\n<li>hur man l\u00e4gger upp inl\u00e4gget p\u00e5 den gemensamma digitala ytan.<\/li>\n<li>hur man kommenterar publicerade inl\u00e4gg. Modellera\/visa exempelmeningar.<\/li>\n<li>nya texttyper<\/li>\n<\/ul>\n<p>&nbsp;<\/p>\n<p><strong>S\u00f6kandet efter gemensam digital samarbetsyta\u00a0<\/strong><strong>f\u00f6r \u00e5terkoppling och publicering<\/strong><strong>.<\/strong><\/p>\n<p>P\u00e5 Montessoriskolan Elyseum arbetar vi i en Google-milj\u00f6 och man vill ju helst arbeta inom en och samma digitala milj\u00f6, s\u00e5 det var f\u00f6rst\u00e5s d\u00e4r jag b\u00f6rjade.<\/p>\n<p><strong>Google Dokument<\/strong> \u00e4r grunden; meningsfullt n\u00e4r elever arbetar tillsammans i par eller mindre grupp med att samverka med att skriva en text eller en uppgift. Toppen f\u00f6r att g\u00f6ra en gemensam omskrivning av en text och f\u00f6r att visa hur man bygger upp text. Det kan visserligen l\u00e4tt bli ganska r\u00f6rigt om alla \u00e4r inne och skriver samtidigt, men samtidigt kan textproduktionen f\u00e5ngas digitalt av flera personer eller grupper samtidigt och f\u00f6rdelen \u00e4r att texten omedelbart \u00e4r l\u00e4sbar f\u00f6r alla. Att arbeta tillsammans med andra om en text m\u00f6jligg\u00f6r f\u00f6r eleverna att f\u00f6rst\u00e5 texten som ett formbart objekt och att texten inte \u00e4r f\u00e4rdig s\u00e5 fort den skrivs ner. Google dokument \u00e4r fantastiskt med sin funktion av att kunna dela dokument med varandra, kommentera,\u00a0 chatta\u00a0och redigera, men ibland beh\u00f6vs en \u00e4nnu smidigare l\u00f6sning p\u00e5 gemensam digital visuell yta f\u00f6r att eleverna ska kunna \u00e5terkoppla p\u00e5 varandras texter och arbeten.<\/p>\n<p><img loading=\"lazy\" decoding=\"async\" class=\"wp-image-805 size-medium alignleft\" src=\"https:\/\/lartorget.goteborg.se\/spraklikt\/wp-content\/uploads\/sites\/10\/2018\/05\/bild-Google-Site-300x159.jpg\" alt=\"\" width=\"300\" height=\"159\" srcset=\"https:\/\/lartorget.goteborg.se\/spraklikt\/wp-content\/uploads\/sites\/10\/2018\/05\/bild-Google-Site-300x159.jpg 300w, https:\/\/lartorget.goteborg.se\/spraklikt\/wp-content\/uploads\/sites\/10\/2018\/05\/bild-Google-Site-360x190.jpg 360w, https:\/\/lartorget.goteborg.se\/spraklikt\/wp-content\/uploads\/sites\/10\/2018\/05\/bild-Google-Site-531x281.jpg 531w, https:\/\/lartorget.goteborg.se\/spraklikt\/wp-content\/uploads\/sites\/10\/2018\/05\/bild-Google-Site-350x185.jpg 350w, https:\/\/lartorget.goteborg.se\/spraklikt\/wp-content\/uploads\/sites\/10\/2018\/05\/bild-Google-Site-260x137.jpg 260w, https:\/\/lartorget.goteborg.se\/spraklikt\/wp-content\/uploads\/sites\/10\/2018\/05\/bild-Google-Site-768x406.jpg 768w, https:\/\/lartorget.goteborg.se\/spraklikt\/wp-content\/uploads\/sites\/10\/2018\/05\/bild-Google-Site.jpg 851w\" sizes=\"auto, (max-width: 300px) 100vw, 300px\" \/><\/p>\n<p><strong>Google Site<\/strong> var d\u00e5 mitt n\u00e4sta steg och jag skapade en gemensam Google Site (den \u00e4ldre versionen) f\u00f6r \u00e5k 9 i svenska d\u00e4r varje elev hade var sin en egen flik som de var redigeringsbeh\u00f6riga \u00f6ver. Det publika var enbart till f\u00f6r klassens \u00f6gon. Helst av allt ville jag egentligen ha den nya varianten av Google Site eftersom jag upplever den mer anv\u00e4ndarv\u00e4nlig och visuellt tilltalande, men dessv\u00e4rre saknar den m\u00f6jlighet att ge kommentarer p\u00e5 varandras arbeten.\u00a0 Dessutom har elever i grundskolan inte redigeringsbeh\u00f6righet eller ens tillg\u00e5ng till nya Google Sites inom GSFE, Google Suite for Education. Det \u00e4r visserligen en annan fr\u00e5ga som inte riktigt h\u00f6r hemma h\u00e4r, men med tanke p\u00e5 inf\u00f6randet av digitalisering och kunskapskrav om att skriva f\u00f6r mottagare s\u00e5 f\u00f6rst\u00e5r jag inte varf\u00f6r nya Google Sites likv\u00e4l som andra delbara dokument inte ing\u00e5r \u00e4ven f\u00f6r elever p\u00e5 h\u00f6gstadiet?<\/p>\n<p>Att blogga, som ett l\u00e4ngre skrivprojekt, verkade engagerade eleverna. Eleverna ville h\u00e5lla bloggen inom klassen. De ville \u00e4ven ha valm\u00f6jligheten att inte publicera alla texter p\u00e5 Google Site. N\u00e5gra valde att starta egen blogg och l\u00e4nkade till den p\u00e5 bloggen. Jag b\u00f6rjade rigga f\u00f6r arbetet med siten. H\u00e4r kan ni se syfte och ramar f\u00f6r v\u00e5rt bloggande:<\/p>\n<p><strong>Syftet med klassbloggen Google Site:<\/strong><\/p>\n<ul>\n<li>att l\u00e4sa och ta del av andras produktioner<\/li>\n<li>att skriva f\u00f6r mottagare<\/li>\n<li>att utvecklas som skribenter<\/li>\n<li>att kommentera och ge varandra skriftlig \u00e5terkoppling<\/li>\n<li>kollaborativt l\u00e4rande<\/li>\n<\/ul>\n<p><strong>Ramar f\u00f6r kommentarer\/\u00e5terkoppling\/respons:<\/strong><\/p>\n<ul>\n<li>Vi utg\u00e5r fr\u00e5n inneh\u00e5llet<\/li>\n<li>St\u00e4ll fr\u00e5gor och var nyfiken!<\/li>\n<li>Responsen kan vara st\u00f6ttande-efterfr\u00e5gad-utvecklande<\/li>\n<li>Sprid och f\u00f6rdela s\u00e5 att alla f\u00e5r kommentarer<\/li>\n<li>Respektfullt spr\u00e5k<\/li>\n<li>Interagera<\/li>\n<\/ul>\n<p><strong>Padlet<\/strong>\u00a0\u00e4r en annan favoritl\u00f6sning som digital samarbetsyta f\u00f6r att snabbt kunna dela och publicera olika texter och produktioner. L\u00e4tt, smidigt och mycket visuellt. Dessutom finns en kommentarsfunktion. Eleverna beh\u00f6ver inga egna inloggningar utan postar bara via den l\u00e4nk som jag som l\u00e4rare skapar. Nu har Padlet visserligen nyligen f\u00f6r\u00e4ndrat villkoren och i\u00a0 gratisfunktionen finns numera en begr\u00e4nsning f\u00f6r hur m\u00e5nga olika padlets man kan skapa. Ett nytt alternativ till Padlet som skulle kunna vara v\u00e4rt att utforska mer \u00e4r\u00a0<strong>Wakelet.\u00a0<\/strong><\/p>\n<p>&nbsp;<\/p>\n<p><img loading=\"lazy\" decoding=\"async\" class=\"aligncenter wp-image-889 size-large\" src=\"https:\/\/lartorget.goteborg.se\/spraklikt\/wp-content\/uploads\/sites\/10\/2018\/05\/Peergrade-1024x478.jpg\" alt=\"\" width=\"1024\" height=\"478\" srcset=\"https:\/\/lartorget.goteborg.se\/spraklikt\/wp-content\/uploads\/sites\/10\/2018\/05\/Peergrade-1024x478.jpg 1024w, https:\/\/lartorget.goteborg.se\/spraklikt\/wp-content\/uploads\/sites\/10\/2018\/05\/Peergrade-360x168.jpg 360w, https:\/\/lartorget.goteborg.se\/spraklikt\/wp-content\/uploads\/sites\/10\/2018\/05\/Peergrade-1084x506.jpg 1084w, https:\/\/lartorget.goteborg.se\/spraklikt\/wp-content\/uploads\/sites\/10\/2018\/05\/Peergrade-531x248.jpg 531w, https:\/\/lartorget.goteborg.se\/spraklikt\/wp-content\/uploads\/sites\/10\/2018\/05\/Peergrade-350x163.jpg 350w, https:\/\/lartorget.goteborg.se\/spraklikt\/wp-content\/uploads\/sites\/10\/2018\/05\/Peergrade-260x121.jpg 260w, https:\/\/lartorget.goteborg.se\/spraklikt\/wp-content\/uploads\/sites\/10\/2018\/05\/Peergrade-300x140.jpg 300w, https:\/\/lartorget.goteborg.se\/spraklikt\/wp-content\/uploads\/sites\/10\/2018\/05\/Peergrade-768x358.jpg 768w, https:\/\/lartorget.goteborg.se\/spraklikt\/wp-content\/uploads\/sites\/10\/2018\/05\/Peergrade.jpg 1309w\" sizes=\"auto, (max-width: 1024px) 100vw, 1024px\" \/><\/p>\n<p><strong>Peergrade\u00a0<\/strong>\u00e4r den allra senaste gemensamma digitala samarbetsytan som jag testat f\u00f6r \u00e5terkopplingsarbetet och redan nu en storfavorit. Jag har \u00e4n s\u00e5 l\u00e4nge bara anv\u00e4nt mig av det som kallas Live Sessions men det jag har anv\u00e4nt mig av har varit positivt. Det ligger en stor potential i det h\u00e4r verktyget. Genom Peergrade kan eleverna dela s\u00e5v\u00e4l skriftliga texter som videos och multimodala\u00a0texter.\u00a0 Det g\u00e5r att skriva in specifika uppmaningar f\u00f6r den typ av \u00e5terkoppling jag vill att eleverna ska ge.<\/p>\n<p>Eleverna skickar in sina texter eller produktioner och jag som l\u00e4rare kan smidigt f\u00e5 \u00f6verblick \u00f6ver interaktionen och \u00e5terkopplingsarbetet mellan eleverna fram till slutproduktion. \u00c5terkopplingen blir tydlig och bed\u00f6mningsbar. \u00c4nnu en f\u00f6rdel \u00e4r man inte beh\u00f6ver t\u00e4nka p\u00e5 gruppindelning; eleverna slumpas anonymt in i grupper och slussas sedan vidare stegvis under uppmaning att ge en viss sorts feedback. Eleverna tyckte att det var roligt och de upplevde att de fick hj\u00e4lp med att utveckla\/utvidga sina texter och f\u00f6rtydliga inneh\u00e5llet. En finess \u00e4r att eleverna \u00e4ven kan l\u00e4mna \u00e5terkoppling\u00a0 p\u00e5 den \u00e5terkoppling de f\u00e5tt av sina kamrater.\u00a0 Gr\u00e4nssnittet tyckte eleverna var lite s\u00e5d\u00e4r och jag kan nog h\u00e5lla med om att det nog l\u00e4mpar sig mest f\u00f6r \u00e4ldre elever. Jag mailade Peergrades support f\u00f6r att efterfr\u00e5ga anpassning till GDPR (General Data Protection Regulation) och fick svar om att de nu har anpassat, s\u00e5 nu \u00e5terst\u00e5r det att se till h\u00f6sten om det \u00e4r ett verktyg som kommer att ta sig in p\u00e5 listan \u00f6ver GDPR-kollade och godk\u00e4nda digitala verktyg att anv\u00e4nda.<\/p>\n<p><img loading=\"lazy\" decoding=\"async\" class=\"aligncenter wp-image-890 size-full\" src=\"https:\/\/lartorget.goteborg.se\/spraklikt\/wp-content\/uploads\/sites\/10\/2018\/05\/interaktion-peergrade.png\" alt=\"\" width=\"1011\" height=\"761\" srcset=\"https:\/\/lartorget.goteborg.se\/spraklikt\/wp-content\/uploads\/sites\/10\/2018\/05\/interaktion-peergrade.png 1011w, https:\/\/lartorget.goteborg.se\/spraklikt\/wp-content\/uploads\/sites\/10\/2018\/05\/interaktion-peergrade-360x271.png 360w, https:\/\/lartorget.goteborg.se\/spraklikt\/wp-content\/uploads\/sites\/10\/2018\/05\/interaktion-peergrade-531x400.png 531w, https:\/\/lartorget.goteborg.se\/spraklikt\/wp-content\/uploads\/sites\/10\/2018\/05\/interaktion-peergrade-350x263.png 350w, https:\/\/lartorget.goteborg.se\/spraklikt\/wp-content\/uploads\/sites\/10\/2018\/05\/interaktion-peergrade-260x196.png 260w, https:\/\/lartorget.goteborg.se\/spraklikt\/wp-content\/uploads\/sites\/10\/2018\/05\/interaktion-peergrade-300x226.png 300w, https:\/\/lartorget.goteborg.se\/spraklikt\/wp-content\/uploads\/sites\/10\/2018\/05\/interaktion-peergrade-768x578.png 768w\" sizes=\"auto, (max-width: 1011px) 100vw, 1011px\" \/><\/p>\n<p><strong>F\u00f6r att summera det jag ser som grejen med STL:<\/strong><\/p>\n<p>Betyg och resultat p\u00e5 nationella prov visar egentligen inte den stora skillnaden eftersom ing\u00e5ngsv\u00e4rdet l\u00e5g h\u00f6gt redan fr\u00e5n start, men i de l\u00f6pande observationer och bed\u00f6mningar jag gjorde under l\u00e4s\u00e5ret s\u00e5 s\u00e5g jag en stor skillnad. St\u00f6rsta f\u00f6r\u00e4ndringen var hur eleverna med god beh\u00e5llning kunde \u00e5terkoppla och interagera med varandra, oavsett spr\u00e5kniv\u00e5. Jag \u00e4r n\u00f6jd med den v\u00e4nda som skrivandet och \u00e5terkopplingen har tagit med att ha blivit mer viktat och synligt i mitt klassrum. S\u00e5v\u00e4l det individuella och det gemensamma skrivandet fick st\u00f6rre utrymme. N\u00e4r skrivandet blev publikt, om \u00e4nnu inte i offentligt ljus, upplevdes skrivandet mer \u00e4kta och angel\u00e4get och eleverna arbetade m\u00e5lmedvetet med att f\u00f6rb\u00e4ttra sina texter och att utveckla sitt skrivande.<\/p>\n<p>Eleverna b\u00f6rjade skriva kommentarer och bem\u00f6ta fr\u00e5gor fr\u00e5n sina klasskamrater utanf\u00f6r sj\u00e4lva ramen f\u00f6r lektionen. Skrivandet blev mer &#8221;ongoing&#8221;; en p\u00e5g\u00e5ende sj\u00e4lvst\u00e4ndig process som skedde \u00e4ven utanf\u00f6r klassrummets v\u00e4ggar. Processen blev mer betydelsefull och skrivandet syfte och mottagare lyftes fram. Slutprodukterna visades med\u00a0stolthet upp av den som skapat och var sp\u00e4nnande f\u00f6r andra att ta del av, i synnerhet f\u00f6r de som medverkat med olika f\u00f6rslag. Slutprodukten finns dessutom kvar f\u00f6r andra att ta del av, fundera \u00f6ver och kommentera i efterhand. Grejen med STL som jag ser det \u00e4r med andra ord h\u00f6jd elevaktivitet, kunskaps- och spr\u00e5kutveckling i kombination av digitala verktyg.<\/p>\n<p><strong>Min utmaning<\/strong>\u00a0inf\u00f6r n\u00e4sta l\u00e4s\u00e5r blir att h\u00e5lla i och h\u00e5lla ut med STL-arbetet och att skapa uppgifter som utmanar och st\u00f6ttar p\u00e5 ett s\u00e5dant s\u00e4tt s\u00e5 att alla elever oavsett spr\u00e5k- och kunskapsniv\u00e5 kan inkluderas och utvecklas. Fortsatt fokus p\u00e5 sj\u00e4lva syftet med de digitala verktygen; varf\u00f6r, till vad och vad vill jag \u00e5stadkomma? F\u00f6rhoppningen \u00e4r att fler l\u00e4rare ser vinsten med STL s\u00e5 att spr\u00e5k f\u00f6r alla, i alla \u00e4mnen och det \u00e4mnes\u00f6vergripande arbetet kan\u00a0f\u00e5 st\u00f6rre utrymme. P\u00e5 sluttampen den h\u00e4r terminen har jag och SO-l\u00e4raren och min kollega Ann Weidenl\u00f6v samverkat om uppgifter som att p\u00e5 engelska skriva om och j\u00e4mf\u00f6ra olika engelskspr\u00e5kiga l\u00e4nder, och p\u00e5 svenska utforska och skriva om historien bakom ikoniska bilder. Ist\u00e4llet f\u00f6r att eleverna l\u00e4mnar in fyra separata arbeten (sv, eng, hi, ge) s\u00e5 l\u00e4mnar de in tv\u00e5, vilket minskar stressen f\u00f6r eleverna och underl\u00e4ttar bed\u00f6mningsarbetet f\u00f6r oss l\u00e4rare. Det handlar inte bara om att n\u00e4rma sig en andra ordning av arbetss\u00e4tt utan \u00e4ven om m\u00f6jlighet till en andra andning f\u00f6r eleverna och oss l\u00e4rare; bara det en vinst i sig.<\/p>\n<p>L\u00e4s och inspireras mer om STL under hashtaggen #blstl p\u00e5 twitter, p\u00e5\u00a0Ulrica Elissons blogg <a href=\"http:\/\/www.ulricaelisson.se\/\">Ullis skolsida<\/a> och h\u00e4r p\u00e5 Pedagog G\u00f6teborg:<\/p>\n<blockquote class=\"wp-embedded-content\" data-secret=\"LGsA2NmVrJ\"><p><a href=\"https:\/\/lartorget.goteborg.se\/artikel\/utbildning-stl-ska-bidra-till-en-mer-likvardig-skola\/\">Utbildning i STL ska bidra till en mer likv\u00e4rdig skola<\/a><\/p><\/blockquote>\n<p><iframe loading=\"lazy\" class=\"wp-embedded-content\" sandbox=\"allow-scripts\" security=\"restricted\" style=\"position: absolute; clip: rect(1px, 1px, 1px, 1px);\" title=\"\u201dUtbildning i STL ska bidra till en mer likv\u00e4rdig skola\u201d &ndash; L\u00e4rtorget\" src=\"https:\/\/lartorget.goteborg.se\/artikel\/utbildning-stl-ska-bidra-till-en-mer-likvardig-skola\/embed\/#?secret=7SEyXbNXfA#?secret=LGsA2NmVrJ\" data-secret=\"LGsA2NmVrJ\" width=\"500\" height=\"282\"  marginwidth=\"0\" marginheight=\"0\" scrolling=\"no\"><\/iframe><\/p>\n","protected":false},"excerpt":{"rendered":"<p>Den 16 maj 2018 var det dags att knyta ihop s\u00e4cken och bege mig upp till Stockholm f\u00f6r diplomering och det sista tillf\u00e4llet av utbildningen i Skriva sig till l\u00e4rande, STL Blended. I tankarna och som slutuppgift skulle vi deltagare reflektera \u00f6ver vad utbildningen genererat f\u00f6r egen del. Vad har STL-modellen gett; har det f\u00f6r\u00e4ndrat min undervisning? Vilken utveckling har skett f\u00f6r elevernas del och f\u00f6r egen del? Med andra ord vad \u00e4r det som egentligen \u00e4r grejen med och den st\u00f6rsta beh\u00e5llningen av STL?<\/p>\n","protected":false},"author":25,"featured_media":851,"comment_status":"open","ping_status":"open","sticky":false,"template":"","format":"standard","meta":{"_acf_changed":false,"footnotes":""},"categories":[35,1,75,294,14,188,396,30,101,60],"coauthors":[105],"class_list":["post-779","post","type-post","status-publish","format-standard","has-post-thumbnail","hentry","category-amnesovergripande-undervisning","category-okategoriserade","category-centrum","category-grundskola","category-grundskola-7-9","category-programmering","category-skriva-sig-till-larande-stl","category-sprakutveckling","category-svenska","category-svenska-som-andrasprak"],"acf":[],"yoast_head":"<!-- This site is optimized with the Yoast SEO plugin v27.2 - https:\/\/yoast.com\/product\/yoast-seo-wordpress\/ -->\n<title>Grejen med STL? - Spr\u00e5klIKT<\/title>\n<meta name=\"robots\" content=\"index, follow, max-snippet:-1, max-image-preview:large, max-video-preview:-1\" \/>\n<link rel=\"canonical\" href=\"https:\/\/lartorget.goteborg.se\/spraklikt\/2018\/06\/06\/grejen-med-stl\/\" \/>\n<meta property=\"og:locale\" content=\"sv_SE\" \/>\n<meta property=\"og:type\" content=\"article\" \/>\n<meta property=\"og:title\" content=\"Grejen med STL? - Spr\u00e5klIKT\" \/>\n<meta property=\"og:description\" content=\"Den 16 maj 2018 var det dags att knyta ihop s\u00e4cken och bege mig upp till Stockholm f\u00f6r diplomering och det sista tillf\u00e4llet av utbildningen i Skriva sig till l\u00e4rande, STL Blended. I tankarna och som slutuppgift skulle vi deltagare reflektera \u00f6ver vad utbildningen genererat f\u00f6r egen del. Vad har STL-modellen gett; har det f\u00f6r\u00e4ndrat min undervisning? Vilken utveckling har skett f\u00f6r elevernas del och f\u00f6r egen del? Med andra ord vad \u00e4r det som egentligen \u00e4r grejen med och den st\u00f6rsta beh\u00e5llningen av STL?\" \/>\n<meta property=\"og:url\" content=\"https:\/\/lartorget.goteborg.se\/spraklikt\/2018\/06\/06\/grejen-med-stl\/\" \/>\n<meta property=\"og:site_name\" content=\"Spr\u00e5klIKT\" \/>\n<meta property=\"article:published_time\" content=\"2018-06-06T18:57:17+00:00\" \/>\n<meta property=\"article:modified_time\" content=\"2021-03-30T14:52:02+00:00\" \/>\n<meta property=\"og:image\" content=\"https:\/\/lartorget.goteborg.se\/spraklikt\/wp-content\/uploads\/sites\/10\/2018\/05\/Grejen-STL.jpg\" \/>\n\t<meta property=\"og:image:width\" content=\"1080\" \/>\n\t<meta property=\"og:image:height\" content=\"1080\" \/>\n\t<meta property=\"og:image:type\" content=\"image\/jpeg\" \/>\n<meta name=\"author\" content=\"Cecilia Lind\" \/>\n<meta name=\"twitter:card\" content=\"summary_large_image\" \/>\n<meta name=\"twitter:label1\" content=\"Skriven av\" \/>\n\t<meta name=\"twitter:data1\" content=\"Cecilia Lind\" \/>\n\t<meta name=\"twitter:label2\" content=\"Ber\u00e4knad l\u00e4stid\" \/>\n\t<meta name=\"twitter:data2\" content=\"12 minuter\" \/>\n<script type=\"application\/ld+json\" class=\"yoast-schema-graph\">{\"@context\":\"https:\/\/schema.org\",\"@graph\":[{\"@type\":\"Article\",\"@id\":\"https:\/\/lartorget.goteborg.se\/spraklikt\/2018\/06\/06\/grejen-med-stl\/#article\",\"isPartOf\":{\"@id\":\"https:\/\/lartorget.goteborg.se\/spraklikt\/2018\/06\/06\/grejen-med-stl\/\"},\"author\":{\"name\":\"Cecilia Lind\",\"@id\":\"https:\/\/lartorget.goteborg.se\/spraklikt\/#\/schema\/person\/ae12e168cd51488c2a7bb0f31ef95c70\"},\"headline\":\"Grejen med STL?\",\"datePublished\":\"2018-06-06T18:57:17+00:00\",\"dateModified\":\"2021-03-30T14:52:02+00:00\",\"mainEntityOfPage\":{\"@id\":\"https:\/\/lartorget.goteborg.se\/spraklikt\/2018\/06\/06\/grejen-med-stl\/\"},\"wordCount\":2941,\"commentCount\":1,\"image\":{\"@id\":\"https:\/\/lartorget.goteborg.se\/spraklikt\/2018\/06\/06\/grejen-med-stl\/#primaryimage\"},\"thumbnailUrl\":\"https:\/\/lartorget.goteborg.se\/spraklikt\/wp-content\/uploads\/sites\/10\/2018\/05\/Grejen-STL.jpg\",\"keywords\":[\"engelska\",\"STL Skriva sig till l\u00e4rande\"],\"articleSection\":[\"\u00c4mnes\u00f6vergripande undervisning\",\"Blandat\",\"Centrum\",\"Grundskola\",\"Grundskola 7-9\",\"Programmering\",\"Skriva sig till l\u00e4rande (STL)\",\"Spr\u00e5kutveckling\",\"Svenska\",\"Svenska som andraspr\u00e5k\"],\"inLanguage\":\"sv-SE\",\"potentialAction\":[{\"@type\":\"CommentAction\",\"name\":\"Comment\",\"target\":[\"https:\/\/lartorget.goteborg.se\/spraklikt\/2018\/06\/06\/grejen-med-stl\/#respond\"]}]},{\"@type\":\"WebPage\",\"@id\":\"https:\/\/lartorget.goteborg.se\/spraklikt\/2018\/06\/06\/grejen-med-stl\/\",\"url\":\"https:\/\/lartorget.goteborg.se\/spraklikt\/2018\/06\/06\/grejen-med-stl\/\",\"name\":\"Grejen med STL? - Spr\u00e5klIKT\",\"isPartOf\":{\"@id\":\"https:\/\/lartorget.goteborg.se\/spraklikt\/#website\"},\"primaryImageOfPage\":{\"@id\":\"https:\/\/lartorget.goteborg.se\/spraklikt\/2018\/06\/06\/grejen-med-stl\/#primaryimage\"},\"image\":{\"@id\":\"https:\/\/lartorget.goteborg.se\/spraklikt\/2018\/06\/06\/grejen-med-stl\/#primaryimage\"},\"thumbnailUrl\":\"https:\/\/lartorget.goteborg.se\/spraklikt\/wp-content\/uploads\/sites\/10\/2018\/05\/Grejen-STL.jpg\",\"datePublished\":\"2018-06-06T18:57:17+00:00\",\"dateModified\":\"2021-03-30T14:52:02+00:00\",\"author\":{\"@id\":\"https:\/\/lartorget.goteborg.se\/spraklikt\/#\/schema\/person\/ae12e168cd51488c2a7bb0f31ef95c70\"},\"breadcrumb\":{\"@id\":\"https:\/\/lartorget.goteborg.se\/spraklikt\/2018\/06\/06\/grejen-med-stl\/#breadcrumb\"},\"inLanguage\":\"sv-SE\",\"potentialAction\":[{\"@type\":\"ReadAction\",\"target\":[\"https:\/\/lartorget.goteborg.se\/spraklikt\/2018\/06\/06\/grejen-med-stl\/\"]}]},{\"@type\":\"ImageObject\",\"inLanguage\":\"sv-SE\",\"@id\":\"https:\/\/lartorget.goteborg.se\/spraklikt\/2018\/06\/06\/grejen-med-stl\/#primaryimage\",\"url\":\"https:\/\/lartorget.goteborg.se\/spraklikt\/wp-content\/uploads\/sites\/10\/2018\/05\/Grejen-STL.jpg\",\"contentUrl\":\"https:\/\/lartorget.goteborg.se\/spraklikt\/wp-content\/uploads\/sites\/10\/2018\/05\/Grejen-STL.jpg\",\"width\":1080,\"height\":1080},{\"@type\":\"BreadcrumbList\",\"@id\":\"https:\/\/lartorget.goteborg.se\/spraklikt\/2018\/06\/06\/grejen-med-stl\/#breadcrumb\",\"itemListElement\":[{\"@type\":\"ListItem\",\"position\":1,\"name\":\"Home\",\"item\":\"https:\/\/lartorget.goteborg.se\/spraklikt\/\"},{\"@type\":\"ListItem\",\"position\":2,\"name\":\"Grejen med STL?\"}]},{\"@type\":\"WebSite\",\"@id\":\"https:\/\/lartorget.goteborg.se\/spraklikt\/#website\",\"url\":\"https:\/\/lartorget.goteborg.se\/spraklikt\/\",\"name\":\"Spr\u00e5klIKT\",\"description\":\"En till Pedagogen Gbg-webbplatser webbplats\",\"potentialAction\":[{\"@type\":\"SearchAction\",\"target\":{\"@type\":\"EntryPoint\",\"urlTemplate\":\"https:\/\/lartorget.goteborg.se\/spraklikt\/?s={search_term_string}\"},\"query-input\":{\"@type\":\"PropertyValueSpecification\",\"valueRequired\":true,\"valueName\":\"search_term_string\"}}],\"inLanguage\":\"sv-SE\"},{\"@type\":\"Person\",\"@id\":\"https:\/\/lartorget.goteborg.se\/spraklikt\/#\/schema\/person\/ae12e168cd51488c2a7bb0f31ef95c70\",\"name\":\"Cecilia Lind\",\"image\":{\"@type\":\"ImageObject\",\"inLanguage\":\"sv-SE\",\"@id\":\"https:\/\/lartorget.goteborg.se\/spraklikt\/wp-content\/uploads\/sites\/10\/2018\/09\/AnnaAnna_LandalaGS_1128_web-150x150.jpg4c6d73b50514792bcd4ac7910ca63bf0\",\"url\":\"https:\/\/lartorget.goteborg.se\/spraklikt\/wp-content\/uploads\/sites\/10\/2018\/09\/AnnaAnna_LandalaGS_1128_web-150x150.jpg\",\"contentUrl\":\"https:\/\/lartorget.goteborg.se\/spraklikt\/wp-content\/uploads\/sites\/10\/2018\/09\/AnnaAnna_LandalaGS_1128_web-150x150.jpg\",\"caption\":\"Cecilia Lind\"},\"url\":\"https:\/\/lartorget.goteborg.se\/spraklikt\/author\/cecilia\/\"}]}<\/script>\n<!-- \/ Yoast SEO plugin. -->","yoast_head_json":{"title":"Grejen med STL? - Spr\u00e5klIKT","robots":{"index":"index","follow":"follow","max-snippet":"max-snippet:-1","max-image-preview":"max-image-preview:large","max-video-preview":"max-video-preview:-1"},"canonical":"https:\/\/lartorget.goteborg.se\/spraklikt\/2018\/06\/06\/grejen-med-stl\/","og_locale":"sv_SE","og_type":"article","og_title":"Grejen med STL? - Spr\u00e5klIKT","og_description":"Den 16 maj 2018 var det dags att knyta ihop s\u00e4cken och bege mig upp till Stockholm f\u00f6r diplomering och det sista tillf\u00e4llet av utbildningen i Skriva sig till l\u00e4rande, STL Blended. I tankarna och som slutuppgift skulle vi deltagare reflektera \u00f6ver vad utbildningen genererat f\u00f6r egen del. Vad har STL-modellen gett; har det f\u00f6r\u00e4ndrat min undervisning? Vilken utveckling har skett f\u00f6r elevernas del och f\u00f6r egen del? Med andra ord vad \u00e4r det som egentligen \u00e4r grejen med och den st\u00f6rsta beh\u00e5llningen av STL?","og_url":"https:\/\/lartorget.goteborg.se\/spraklikt\/2018\/06\/06\/grejen-med-stl\/","og_site_name":"Spr\u00e5klIKT","article_published_time":"2018-06-06T18:57:17+00:00","article_modified_time":"2021-03-30T14:52:02+00:00","og_image":[{"width":1080,"height":1080,"url":"https:\/\/lartorget.goteborg.se\/spraklikt\/wp-content\/uploads\/sites\/10\/2018\/05\/Grejen-STL.jpg","type":"image\/jpeg"}],"author":"Cecilia Lind","twitter_card":"summary_large_image","twitter_misc":{"Skriven av":"Cecilia Lind","Ber\u00e4knad l\u00e4stid":"12 minuter"},"schema":{"@context":"https:\/\/schema.org","@graph":[{"@type":"Article","@id":"https:\/\/lartorget.goteborg.se\/spraklikt\/2018\/06\/06\/grejen-med-stl\/#article","isPartOf":{"@id":"https:\/\/lartorget.goteborg.se\/spraklikt\/2018\/06\/06\/grejen-med-stl\/"},"author":{"name":"Cecilia Lind","@id":"https:\/\/lartorget.goteborg.se\/spraklikt\/#\/schema\/person\/ae12e168cd51488c2a7bb0f31ef95c70"},"headline":"Grejen med STL?","datePublished":"2018-06-06T18:57:17+00:00","dateModified":"2021-03-30T14:52:02+00:00","mainEntityOfPage":{"@id":"https:\/\/lartorget.goteborg.se\/spraklikt\/2018\/06\/06\/grejen-med-stl\/"},"wordCount":2941,"commentCount":1,"image":{"@id":"https:\/\/lartorget.goteborg.se\/spraklikt\/2018\/06\/06\/grejen-med-stl\/#primaryimage"},"thumbnailUrl":"https:\/\/lartorget.goteborg.se\/spraklikt\/wp-content\/uploads\/sites\/10\/2018\/05\/Grejen-STL.jpg","keywords":["engelska","STL Skriva sig till l\u00e4rande"],"articleSection":["\u00c4mnes\u00f6vergripande undervisning","Blandat","Centrum","Grundskola","Grundskola 7-9","Programmering","Skriva sig till l\u00e4rande (STL)","Spr\u00e5kutveckling","Svenska","Svenska som andraspr\u00e5k"],"inLanguage":"sv-SE","potentialAction":[{"@type":"CommentAction","name":"Comment","target":["https:\/\/lartorget.goteborg.se\/spraklikt\/2018\/06\/06\/grejen-med-stl\/#respond"]}]},{"@type":"WebPage","@id":"https:\/\/lartorget.goteborg.se\/spraklikt\/2018\/06\/06\/grejen-med-stl\/","url":"https:\/\/lartorget.goteborg.se\/spraklikt\/2018\/06\/06\/grejen-med-stl\/","name":"Grejen med STL? - Spr\u00e5klIKT","isPartOf":{"@id":"https:\/\/lartorget.goteborg.se\/spraklikt\/#website"},"primaryImageOfPage":{"@id":"https:\/\/lartorget.goteborg.se\/spraklikt\/2018\/06\/06\/grejen-med-stl\/#primaryimage"},"image":{"@id":"https:\/\/lartorget.goteborg.se\/spraklikt\/2018\/06\/06\/grejen-med-stl\/#primaryimage"},"thumbnailUrl":"https:\/\/lartorget.goteborg.se\/spraklikt\/wp-content\/uploads\/sites\/10\/2018\/05\/Grejen-STL.jpg","datePublished":"2018-06-06T18:57:17+00:00","dateModified":"2021-03-30T14:52:02+00:00","author":{"@id":"https:\/\/lartorget.goteborg.se\/spraklikt\/#\/schema\/person\/ae12e168cd51488c2a7bb0f31ef95c70"},"breadcrumb":{"@id":"https:\/\/lartorget.goteborg.se\/spraklikt\/2018\/06\/06\/grejen-med-stl\/#breadcrumb"},"inLanguage":"sv-SE","potentialAction":[{"@type":"ReadAction","target":["https:\/\/lartorget.goteborg.se\/spraklikt\/2018\/06\/06\/grejen-med-stl\/"]}]},{"@type":"ImageObject","inLanguage":"sv-SE","@id":"https:\/\/lartorget.goteborg.se\/spraklikt\/2018\/06\/06\/grejen-med-stl\/#primaryimage","url":"https:\/\/lartorget.goteborg.se\/spraklikt\/wp-content\/uploads\/sites\/10\/2018\/05\/Grejen-STL.jpg","contentUrl":"https:\/\/lartorget.goteborg.se\/spraklikt\/wp-content\/uploads\/sites\/10\/2018\/05\/Grejen-STL.jpg","width":1080,"height":1080},{"@type":"BreadcrumbList","@id":"https:\/\/lartorget.goteborg.se\/spraklikt\/2018\/06\/06\/grejen-med-stl\/#breadcrumb","itemListElement":[{"@type":"ListItem","position":1,"name":"Home","item":"https:\/\/lartorget.goteborg.se\/spraklikt\/"},{"@type":"ListItem","position":2,"name":"Grejen med STL?"}]},{"@type":"WebSite","@id":"https:\/\/lartorget.goteborg.se\/spraklikt\/#website","url":"https:\/\/lartorget.goteborg.se\/spraklikt\/","name":"Spr\u00e5klIKT","description":"En till Pedagogen Gbg-webbplatser webbplats","potentialAction":[{"@type":"SearchAction","target":{"@type":"EntryPoint","urlTemplate":"https:\/\/lartorget.goteborg.se\/spraklikt\/?s={search_term_string}"},"query-input":{"@type":"PropertyValueSpecification","valueRequired":true,"valueName":"search_term_string"}}],"inLanguage":"sv-SE"},{"@type":"Person","@id":"https:\/\/lartorget.goteborg.se\/spraklikt\/#\/schema\/person\/ae12e168cd51488c2a7bb0f31ef95c70","name":"Cecilia Lind","image":{"@type":"ImageObject","inLanguage":"sv-SE","@id":"https:\/\/lartorget.goteborg.se\/spraklikt\/wp-content\/uploads\/sites\/10\/2018\/09\/AnnaAnna_LandalaGS_1128_web-150x150.jpg4c6d73b50514792bcd4ac7910ca63bf0","url":"https:\/\/lartorget.goteborg.se\/spraklikt\/wp-content\/uploads\/sites\/10\/2018\/09\/AnnaAnna_LandalaGS_1128_web-150x150.jpg","contentUrl":"https:\/\/lartorget.goteborg.se\/spraklikt\/wp-content\/uploads\/sites\/10\/2018\/09\/AnnaAnna_LandalaGS_1128_web-150x150.jpg","caption":"Cecilia Lind"},"url":"https:\/\/lartorget.goteborg.se\/spraklikt\/author\/cecilia\/"}]}},"_links":{"self":[{"href":"https:\/\/lartorget.goteborg.se\/spraklikt\/wp-json\/wp\/v2\/posts\/779","targetHints":{"allow":["GET"]}}],"collection":[{"href":"https:\/\/lartorget.goteborg.se\/spraklikt\/wp-json\/wp\/v2\/posts"}],"about":[{"href":"https:\/\/lartorget.goteborg.se\/spraklikt\/wp-json\/wp\/v2\/types\/post"}],"author":[{"embeddable":true,"href":"https:\/\/lartorget.goteborg.se\/spraklikt\/wp-json\/wp\/v2\/users\/25"}],"replies":[{"embeddable":true,"href":"https:\/\/lartorget.goteborg.se\/spraklikt\/wp-json\/wp\/v2\/comments?post=779"}],"version-history":[{"count":76,"href":"https:\/\/lartorget.goteborg.se\/spraklikt\/wp-json\/wp\/v2\/posts\/779\/revisions"}],"predecessor-version":[{"id":1517,"href":"https:\/\/lartorget.goteborg.se\/spraklikt\/wp-json\/wp\/v2\/posts\/779\/revisions\/1517"}],"wp:featuredmedia":[{"embeddable":true,"href":"https:\/\/lartorget.goteborg.se\/spraklikt\/wp-json\/wp\/v2\/media\/851"}],"wp:attachment":[{"href":"https:\/\/lartorget.goteborg.se\/spraklikt\/wp-json\/wp\/v2\/media?parent=779"}],"wp:term":[{"taxonomy":"category","embeddable":true,"href":"https:\/\/lartorget.goteborg.se\/spraklikt\/wp-json\/wp\/v2\/categories?post=779"},{"taxonomy":"author","embeddable":true,"href":"https:\/\/lartorget.goteborg.se\/spraklikt\/wp-json\/wp\/v2\/coauthors?post=779"}],"curies":[{"name":"wp","href":"https:\/\/api.w.org\/{rel}","templated":true}]}}