
{"id":684,"date":"2018-04-04T11:49:16","date_gmt":"2018-04-04T09:49:16","guid":{"rendered":"https:\/\/lartorget.goteborg.se\/spraklikt\/?p=684"},"modified":"2021-05-25T11:55:21","modified_gmt":"2021-05-25T09:55:21","slug":"vidga-kallkritiken","status":"publish","type":"post","link":"https:\/\/lartorget.goteborg.se\/spraklikt\/2018\/04\/04\/vidga-kallkritiken\/","title":{"rendered":"Vidga k\u00e4llkritiken!"},"content":{"rendered":"<p>K\u00e4llkritik p\u00e5 n\u00e4tet \u00e4r n\u00e5got som\u00a0f\u00f6rst\u00e4rks i och med den nya l\u00e4roplanen som tr\u00e4der i kraft den 1 juli 2018. Det digitala samh\u00e4llet st\u00e4ller h\u00f6gre krav p\u00e5 oss l\u00e4sare att f\u00f6rh\u00e5lla oss kritiska till texter.\u00a0\u00a0I kursplanen f\u00f6r svenska kan vi l\u00e4sa att undervisningen ska behandla &#8221;hur man sovrar i en stor informationsm\u00e4ngd och pr\u00f6var k\u00e4llors tillf\u00f6rlitlighet med ett\u00a0k\u00e4llkritiskt f\u00f6rh\u00e5llningss\u00e4tt&#8221; och i samh\u00e4llskunskap kan vi l\u00e4sa att undervisningen ska behandla \u201dhur man urskiljer budskap, avs\u00e4ndare och syfte, s\u00e5 v\u00e4l i digitala som i andra medier, med ett k\u00e4llkritiskt f\u00f6rh\u00e5llningss\u00e4tt\u201d.<\/p>\n<p>Ordet f\u00f6rh\u00e5llningss\u00e4tt talar f\u00f6r att k\u00e4llkritiken och de kritiska fr\u00e5gorna om vems maktperspektiv som representeras i texter beh\u00f6ver vidgas, lyftas fram och f\u00e5 st\u00f6rre utrymme i undervisningen. Det r\u00e4cker inte bara att kunna avg\u00f6ra k\u00e4llors trov\u00e4rdighet med hj\u00e4lp av traditionella checklistor f\u00f6r webben, utan l\u00e4saren beh\u00f6ver inta en mer aktiv roll. V\u00e5ra elever beh\u00f6ver utveckla en djupare l\u00e4sf\u00f6rst\u00e5else som\u00a0st\u00e4ller relationen mellan makt och spr\u00e5k i fokus. Gunilla Molloy (2017) menar att det inte heller r\u00e4cker att undervisa i l\u00e4sstrategier f\u00f6r att f\u00f6rst\u00e5, tolka och analysera texter fr\u00e5n olika medier utan vi beh\u00f6ver \u00e4ven urskilja texters budskap, tema\u00a0och motiv samt deras syften, avs\u00e4ndare och sammanhang.\u00a0\u00a0Det \u00e4r h\u00e4r Critical Literacy kommer in i bilden; ett kritiskt textarbete som ligger i linje med att integrera kunskapsuppdraget med de\u00a0demokrati- eller v\u00e4rdegrunds- och identitetsuppdrag\u00a0som vi enligt l\u00e4roplanen har.<\/p>\n<p><strong>Vad \u00e4r d\u00e5 Critical Literacy?\u00a0<\/strong>Inom den engelskspr\u00e5kiga v\u00e4rlden \u00e4r Critical Literacy ben\u00e4mningen p\u00e5 det f\u00f6rh\u00e5llningss\u00e4tt som har sina\u00a0r\u00f6tter i den brasilianske pedagogen Paulo Freires (1921-1977)\u00a0 tankar och arbete om <strong>Reading the word and the World <\/strong>(att l\u00e4sa ordet och v\u00e4rlden). K\u00e4rt\u00a0barn har m\u00e5nga namn, och p\u00e5 svenska anv\u00e4nds och \u00f6vers\u00e4tts Critical Literacy lite olika: kritiskt litteracitet, vidgad k\u00e4llkritik, spr\u00e5k- och kunskapsperspektiv eller kritiskt textarbete.\u00a0 <strong>Critical literacy<\/strong> syftar p\u00e5 det kritiska spr\u00e5k och kunskapsperspektivet eller f\u00f6rh\u00e5llningss\u00e4ttet som ligger till grund f\u00f6r det kritiska textarbetet medan <strong>Doing Critical Literacy<\/strong>\u00a0(Janks, 2014) handlar mer om\u00a0 hur vi l\u00e4gger upp undervisningen och de kritiska textaktiviteterna vi &#8221;g\u00f6r&#8221; utifr\u00e5n f\u00f6rh\u00e5llningss\u00e4ttet.<\/p>\n<p>B\u00e4rande tankar inom f\u00f6rh\u00e5llningss\u00e4ttet och f\u00f6r det kritiska textarbetet \u00e4r att se och uppt\u00e4cka inb\u00e4ddade v\u00e4rderingar och maktstrukturer i texter. F\u00f6r v\u00e5ra elever inneb\u00e4r det att de f\u00e5r verktyg f\u00f6r att f\u00f6rst\u00e5 sig sj\u00e4lva, v\u00e4rlden vi lever i och att de f\u00e5r tr\u00e4na p\u00e5 att g\u00f6ra sina r\u00f6ster h\u00f6rda f\u00f6r att kunna p\u00e5verka och f\u00f6r\u00e4ndra. Genom att kritiskt unders\u00f6ka v\u00e4rderingar som r\u00e5der inom texter utvecklar de en medvetenhet om bland annat positionering d.v.s. utifr\u00e5n vilken synvinkel de l\u00e4ser texter och vilka v\u00e4rderingar de sj\u00e4lva g\u00e5r runt och b\u00e4r p\u00e5. F\u00f6r att kunna se samband mellan spr\u00e5k och makt och f\u00f6rst\u00e5 hur saker och ting h\u00e4nger ihop kr\u00e4vs grundl\u00e4ggande kunskaper som omv\u00e4rldskunskap och k\u00e4nnedom om nutid och historisk bakgrund. Den sydafrikanska forskaren Hilary Janks betonar i\u00a0<em>Doing Critical Literacy<\/em>\u00a0(2014) fasen av omdesign och vikten av att k\u00e4nna till och att kunna hantera digitala verktyg.\u00a0 Det handlar om att l\u00e4ra sig skriva och omskriva v\u00e4rlden; att forma och att omforma.<span style=\"text-align: center;\">\u00a0<\/span><\/p>\n<p><strong>Hilary Janks ramverk;\u00a0Centrala begrepp inom\u00a0\u00a0Critical Literacy\/kritiskt textarbete:<\/strong><\/p>\n<p><img loading=\"lazy\" decoding=\"async\" class=\"size-medium wp-image-765 alignright\" src=\"https:\/\/lartorget.goteborg.se\/spraklikt\/wp-content\/uploads\/sites\/10\/2018\/03\/Redesign-297x300.jpg\" alt=\"\" width=\"297\" height=\"300\" srcset=\"https:\/\/lartorget.goteborg.se\/spraklikt\/wp-content\/uploads\/sites\/10\/2018\/03\/Redesign-297x300.jpg 297w, https:\/\/lartorget.goteborg.se\/spraklikt\/wp-content\/uploads\/sites\/10\/2018\/03\/Redesign-360x364.jpg 360w, https:\/\/lartorget.goteborg.se\/spraklikt\/wp-content\/uploads\/sites\/10\/2018\/03\/Redesign-531x537.jpg 531w, https:\/\/lartorget.goteborg.se\/spraklikt\/wp-content\/uploads\/sites\/10\/2018\/03\/Redesign-350x354.jpg 350w, https:\/\/lartorget.goteborg.se\/spraklikt\/wp-content\/uploads\/sites\/10\/2018\/03\/Redesign-260x263.jpg 260w, https:\/\/lartorget.goteborg.se\/spraklikt\/wp-content\/uploads\/sites\/10\/2018\/03\/Redesign-50x50.jpg 50w, https:\/\/lartorget.goteborg.se\/spraklikt\/wp-content\/uploads\/sites\/10\/2018\/03\/Redesign-32x32.jpg 32w, https:\/\/lartorget.goteborg.se\/spraklikt\/wp-content\/uploads\/sites\/10\/2018\/03\/Redesign-64x64.jpg 64w, https:\/\/lartorget.goteborg.se\/spraklikt\/wp-content\/uploads\/sites\/10\/2018\/03\/Redesign-96x96.jpg 96w, https:\/\/lartorget.goteborg.se\/spraklikt\/wp-content\/uploads\/sites\/10\/2018\/03\/Redesign-128x128.jpg 128w, https:\/\/lartorget.goteborg.se\/spraklikt\/wp-content\/uploads\/sites\/10\/2018\/03\/Redesign.jpg 725w\" sizes=\"auto, (max-width: 297px) 100vw, 297px\" \/><\/p>\n<ul>\n<li><span style=\"font-weight: 400;\"><strong>Power<\/strong> -Makt &#8211; identifiera maktperspektiv i spr\u00e5k, bilder och\u00a0 texter<\/span><\/li>\n<li style=\"font-weight: 400;\"><span style=\"font-weight: 400;\"><strong>Access<\/strong> &#8211; Tillg\u00e5ng &#8211; till spr\u00e5k, text och kunskap<\/span><\/li>\n<li style=\"font-weight: 400;\"><span style=\"font-weight: 400;\"><strong>Diversity<\/strong> &#8211; M\u00e5ngfald &#8211; av text utifr\u00e5n olika perspektiv<\/span><\/li>\n<li style=\"font-weight: 400;\"><strong>Design\/<\/strong><span style=\"font-weight: 400;\"><strong>Redesign<\/strong> &#8211; Forma och skapa \/Omforma eller omskapa.<\/span><\/li>\n<\/ul>\n<p>&nbsp;<\/p>\n<p>Lisa Molin, doktorand vid institutionen f\u00f6r till\u00e4mpad\u00a0IT vid G\u00f6teborgs universitet samt lektor vid Center f\u00f6r Skolutveckling i G\u00f6teborgs stad har genom sina studier sett att en stor tillg\u00e5ng till olika texter och perspektiv samt m\u00f6jligheter f\u00f6r eleverna att samtala och sj\u00e4lva designa och omdesigna texter, \u00e4r v\u00e4sentliga delar\u00a0 f\u00f6r att utveckla ett kritiskt f\u00f6rh\u00e5llningss\u00e4tt till texter. Dessutom har hon \u00e4ven observerat att digitala teknologier underl\u00e4ttar och skapar m\u00f6jligheter f\u00f6r st\u00f6rre variation i det arbetet.<\/p>\n<p>En tanke som sl\u00e5r mig \u00e4r att vi l\u00e4rare faktiskt \u00e4gnar oss \u00e5t en form av design; en design av v\u00e5r undervisning, n\u00e4r vi arrangerar, planerar och g\u00f6r v\u00e5rt urval av texter och arbetss\u00e4tt. N\u00e4r vi planerar f\u00f6r kritiskt textarbete\u00a0 beh\u00f6ver vi t\u00e4nka p\u00e5:<\/p>\n<ul>\n<li><span style=\"font-weight: 400;\">Vems r\u00f6st blir h\u00f6rd och vems \u00e4r tyst? (makt) <\/span><\/li>\n<li><span style=\"font-weight: 400;\">Vilka f\u00e5r synas och vilka tycks vara viktiga? (m\u00e5ngfald) <\/span><\/li>\n<li><span style=\"font-weight: 400;\">Hur ger jag mina elever tillg\u00e5ng till olika texter och var finns igenk\u00e4nningen? (tillg\u00e5ng) <\/span><\/li>\n<li><span style=\"font-weight: 400;\">Hur kan texten omskapas f\u00f6r att andra r\u00f6ster ska bli h\u00f6rda? (skapa\/omskapa) <\/span><\/li>\n<\/ul>\n<p>Vid kritiskt textarbete handlar det om en vidgad syn p\u00e5 texter. \u00a0Vi \u00e4r omgivna av ett aldrig sinande fl\u00f6de av\u00a0digitala och multimodala texter\u00a0med olika syften. Digital text med sin ofta multimodala karakt\u00e4r (ord, bild, ljud i samverkan) \u00e4r visuellt lockande, snabb och inbjudande men \u00e4ven mer kr\u00e4vande f\u00f6r en l\u00e4sare utifr\u00e5n ett kritiskt perspektiv. Texterna kan vara alla sorts texttyper som v\u00e5ra elever m\u00f6ter i skolan och i sin vardag; sk\u00f6nlitteratur, tidningsartiklar, l\u00f6psedlar, l\u00e4robokstexter, filmer, bilder, poddar, reklam, blogginl\u00e4gg och andra inl\u00e4gg i sociala medier. Alla texter \u00e4r skapade av n\u00e5gon och representerar olika s\u00e4tt att se p\u00e5 v\u00e4rlden genom skribenten eller avs\u00e4ndaren som kan vara allt ifr\u00e5n f\u00f6rfattare, filmare, reklammakare till du och jag.<\/p>\n<p>Texter positionerar oss l\u00e4sare vilket betyder att vi p\u00e5verkas att l\u00e4sa utifr\u00e5n ett visst perspektiv.\u00a0Texter som l\u00e4mpar sig att anv\u00e4nda vid kritiskt textarbete beh\u00f6ver inneh\u00e5lla aspekter som g\u00e5r att samtala om utifr\u00e5n\u00a0vems r\u00f6st som talar eller representeras i texten. Jag har skapat ett <a href=\"https:\/\/docs.google.com\/document\/d\/1FByUbv6n8awRjGKeU0AMMfIekSGLcc4jf2zkZ9EYJjU\/edit?usp=sharing\">Google dokument<\/a>\u00a0utifr\u00e5n Janks nyckelfr\u00e5gor och \u00e4ven gjort ett Google formul\u00e4r som du hittar h\u00e4r:\u00a0<a href=\"https:\/\/docs.google.com\/forms\/d\/e\/1FAIpQLSfTooLAXCwtrFBDIc0IZJGkjZXIblny8Y17oY2GofFX-0kQLA\/viewform?usp=sf_link\" target=\"_blank\" rel=\"noopener\">Fr\u00e5gor vid kritiskt textarbete <\/a>\u00a0Google formul\u00e4r \u00e4r ett snabbt och smidigt s\u00e4tt att samla in\u00a0 elevernas tankar och reflektioner p\u00e5.<\/p>\n<p><strong>Exempel p\u00e5 kritiskt textarbete<\/strong><\/p>\n<p>I ett av mina tidigare blogginl\u00e4gg:\u00a0<a href=\"https:\/\/lartorget.goteborg.se\/spraklikt\/2017\/05\/11\/vems-rost-hors\/\"><em>Vems r\u00f6st h\u00f6rs<\/em>\u00a0<\/a>skriver jag om hur man kan anv\u00e4nda den norska serien Skam och\u00a0<a href=\"https:\/\/www.ted.com\/talks\/chimamanda_adichie_the_danger_of_a_single_story?language=sv\">Faran med en enda ber\u00e4ttelse<\/a>\u00a0av\u00a0Chimamanda Ngozi Adichie.<\/p>\n<p>Som en ing\u00e5ng till kritiskt textarbete och f\u00f6r att synligg\u00f6ra hur man som l\u00e4sare positionerar sig har jag valt ut ett exempel fr\u00e5n Janks bok Doing Critical Literacy (2014) Hon f\u00f6resl\u00e5r i boken en text som heter &#8221;The Blind men and the Elephant&#8221;.\u00a0 Texten anv\u00e4nds som en metafor f\u00f6r att exemplifiera att hur man l\u00e4ser en text beror p\u00e5 vilken position eller synvinkel man st\u00e5r i relation till texten och inneh\u00e5llet. Ist\u00e4llet\u00a0 f\u00f6r skriven text har jag valt att anv\u00e4nda f\u00f6ljande youtube-klipp:<\/p>\n<p><iframe loading=\"lazy\" title=\"The Blind Men and the Elephant\" width=\"500\" height=\"281\" src=\"https:\/\/www.youtube.com\/embed\/Vn9BUfUCL4I?feature=oembed\"  allow=\"accelerometer; autoplay; clipboard-write; encrypted-media; gyroscope; picture-in-picture; web-share\" referrerpolicy=\"strict-origin-when-cross-origin\" allowfullscreen><\/iframe><\/p>\n<p><strong>Ekokammaren<\/strong><\/p>\n<p>F\u00f6r att genomsk\u00e5da falska nyheter och synligg\u00f6ra spr\u00e5k och makt utifr\u00e5n olika perspektiv vill jag verkligen rekommendera\u00a0<a href=\"http:\/\/ekokammaren.se\/\">Ekokammaren,\u00a0<\/a>som \u00e4r ett kostnadsfritt verktyg skapat av Martin T\u00f6rnros. N\u00e4r man skriver in ett s\u00f6kord h\u00e4mtas information automatiskt in fr\u00e5n ett antal olika nyhetsk\u00e4llors Facebooksidor som sedan kategoriseras i kolumner efter politisk inriktning i f\u00e4rger av r\u00f6tt, gr\u00f6nt, bl\u00e5tt och gult. p\u00e5 vilka. Beroende p\u00e5 vilka sidor en anv\u00e4ndare gillar kan fl\u00f6det se annorlunda ut, vilket naturligtvis p\u00e5verkar ens v\u00e4rldsbild.\u00a0 Det brukar kallas f\u00f6r en filterbubbla. Som en kritisk textaktivitet kan man arbeta med att j\u00e4mf\u00f6ra texters r\u00f6ster och l\u00e4sa om en och samma h\u00e4ndelse utifr\u00e5n olika perspektiv och fr\u00e5gor som: Vems r\u00f6st \u00e4r det som h\u00f6rs, respektive inte h\u00f6rs?\u00a0\u00a0Hur skiljer sig ord och begrepp mellan de olika kategorierna?<\/p>\n<p><strong>L\u00e4sloggar <\/strong><\/p>\n<p>I\u00a0Gunilla Molloys bok \u201cSvensk\u00e4mnet roll &#8211; Om didaktik, demokrati och critical literacy\u201d (2017) f\u00e5r vi konkreta exempel, lektionsf\u00f6rslag och metodtips p\u00e5 hur man kan arbeta med skolans v\u00e4rdegrundsfr\u00e5gor inom ramen f\u00f6r ett kritiskt textarbete.\u00a0 Molloy f\u00f6resl\u00e5r samtal och arbete med l\u00e4sloggar; dialogloggar och demokratiloggar. Spr\u00e5k, l\u00e4rande och identitetsutveckling \u00e4r n\u00e4ra f\u00f6rknippade. Dialoglogg g\u00e5r ut p\u00e5 att\u00a0eleverna skriver ner sina tankar och reflektioner f\u00f6r att sedan byta med en annan elev. Eleverna kommenterar varandras tankar\/texter i syfte att skapa en dialog mellan olika tankar och reflektioner.\u00a0Demokratilogg kallas loggen n\u00e4r fler elever involveras i att m\u00f6ta och kommentera varandras\u00a0texter\/tankar och reflektioner. Elever beh\u00f6ver skriva mer \u00e4n f\u00f6r bara l\u00e4raren och f\u00e5 \u00e5terkoppling fr\u00e5n flera. Synliga texter och \u00e5terkoppling p\u00e5 varandras texter \u00f6ppnar upp f\u00f6r m\u00f6jligheter som att byta perspektiv, f\u00e5 nya insikter och att l\u00e5na spr\u00e5kliga uttryck fr\u00e5n varandra. Undervisningsprocessen pendlar mellan individuellt t\u00e4nkande och skrivande, mellan parsamtal och helklassundervisning. Text m\u00f6ter text;\u00a0 \u00e5sikter m\u00f6ter \u00e5sikter. Den muntliga processen vid gruppdiskussionen kan vara sv\u00e5r att f\u00f6lja men n\u00e4r elevtexterna finns kvar att l\u00e4sa kan man f\u00f6lja hur \u00e5sikterna g\u00e5tt i en l\u00e4s- och skrivaktivitet. F\u00f6r att alla ska f\u00e5 tillg\u00e5ng till den kunskap som v\u00e4xer fram kan l\u00e4raren efter ett kort tanke- och skrivpass lyfta och fr\u00e5ga specifikt vilka nya tankar som v\u00e4cktes.<\/p>\n<div style=\"width: 307px\" class=\"wp-caption alignleft\"><img loading=\"lazy\" decoding=\"async\" class=\"\" src=\"https:\/\/upload.wikimedia.org\/wikipedia\/commons\/c\/cc\/Nordisk_sommarkv%C3%A4ll_%281889-1900%29%2C_m%C3%A5lning_av_Richard_Bergh.jpg\" alt=\"https:\/\/upload.wikimedia.org\/wikipedia\/commons\/c\/cc\/Nordisk_sommarkv%C3%A4ll_%281889-1900%29%2C_m%C3%A5lning_av_Richard_Bergh.jpg\" width=\"297\" height=\"226\" \/><p class=\"wp-caption-text\">Nordisk sommarkv\u00e4ll av Richard Bergh. K\u00e4lla: <a href=\"https:\/\/sv.wikipedia.org\/wiki\/Fil:Nordisk_sommarkv%C3%A4ll_(1889-1900),_m%C3%A5lning_av_Richard_Bergh.jpg\">Wikipedia<\/a><\/p><\/div>\n<p>&nbsp;<\/p>\n<p>Ett exempel ur Molloys bok och som jag \u00e4ven tagit del av n\u00e4r hon f\u00f6rel\u00e4st \u00e4r att hon anv\u00e4nder Richard Berghs bild <em>Nordisk sommarkv\u00e4ll<\/em>. Eleverna f\u00e5r\u00a0 tr\u00e4da in i bilden och genom dialogskrivande fylla bilden med eget inneh\u00e5ll och v\u00e4rderingar. Bilden visar vid f\u00f6rsta \u00f6gonkastet inget speciellt maktf\u00f6rh\u00e5llande, men vad h\u00e4nder om man s\u00e4tter saxen i bilden, omformar och v\u00e4nder p\u00e5 personerna, eller kanske byta ut n\u00e5gon person? D\u00e5 blir dialogen en helt annan.<\/p>\n<p>&nbsp;<\/p>\n<p>&nbsp;<\/p>\n<p style=\"text-align: center;\"><strong>March for our lives &#8211; ett exempel p\u00e5 kritiskt textarbete inom ramen f\u00f6r engelska (och svenska) \u00e5k 9<\/strong><\/p>\n<p>Eftermiddagen den 14 februari 2018 intr\u00e4ffade den fruktansv\u00e4rda masskjutningen vid en skola; Marjory Stoneman Douglas High School i Parkland, Florida. Vid d\u00e5det d\u00f6dades 17 personer och 15 skadades. I klassrummet l\u00e4ste vi och samtalade om h\u00e4ndelsen. Eleverna fick ta del av olika texter med representation av olika r\u00f6ster och perspektiv p\u00e5 h\u00e4ndelsen. Som n\u00e4sta steg i fasen b\u00f6rjade det unders\u00f6kande arbetet\u00a0 f\u00f6r att ta reda p\u00e5 mer bakgrundsfakta och insamlandet av texter med argument f\u00f6r- och emot vapenkontroll f\u00f6r att eleverna p\u00e5 egen hand senare skulle kunna ta st\u00e4llning och skriva argumenterande texter &#8221;<strong>for- and- against essays&#8221;<\/strong> under temat <strong>gun control.<\/strong><\/p>\n<p>Det som h\u00e4nder i verkligheten, med ungdomar som g\u00f6r sina r\u00f6ster h\u00f6rda p\u00e5 ett enast\u00e5ende kraftfullt s\u00e4tt \u00e4r s\u00e4rskilt intressant att f\u00f6lja och ta del av och blev till en n\u00e4stintill n\u00f6dv\u00e4ndig uppf\u00f6ljning med fokus p\u00e5 vad ett kritiskt f\u00f6rh\u00e5llningss\u00e4tt kan leda till. N\u00e4mligen att unga m\u00e4nniskor s\u00e4ger &#8221;no more&#8221;, &#8221;enough&#8221; och g\u00e5r i spetsen f\u00f6r att sj\u00e4lva omskapa verkligheten, i verkligheten.<\/p>\n<p>Till uppf\u00f6ljningen hade jag valt ut tre texter, en artikel och tv\u00e5 tal, av ungdomar vid the March for our lives:<\/p>\n<ol>\n<li>Artikeln\u00a0<a href=\"https:\/\/midcenturymodernmag.com\/these-magic-kids-1aefbbeb81cd\">These magic kids<\/a>\u00a0l\u00e4ste jag h\u00f6gt f\u00f6r eleverna, men d\u00e5 det \u00e4r en n\u00e5got avancerad text s\u00e5 st\u00f6ttade jag samtidigt med ord och uttryck.<\/li>\n<li><a href=\"https:\/\/edition.cnn.com\/2018\/03\/24\/us\/naomi-wadler-march-for-our-lives-black-girls-trnd\/index.html\" target=\"_blank\" rel=\"noopener\">Naomi Wadlers tal<\/a><\/li>\n<li>Emma Gonzales tal:<\/li>\n<\/ol>\n<p><iframe loading=\"lazy\" title=\"&#039;Six minutes and twenty seconds&#039;: Emma Gonzalez delivers speech at Washington march\" width=\"500\" height=\"281\" src=\"https:\/\/www.youtube.com\/embed\/QgrZsOfEnGo?feature=oembed\"  allow=\"accelerometer; autoplay; clipboard-write; encrypted-media; gyroscope; picture-in-picture; web-share\" referrerpolicy=\"strict-origin-when-cross-origin\" allowfullscreen><\/iframe><\/p>\n<p>Eftersamtal\u00a0 i sm\u00e5grupper f\u00f6ljde, varp\u00e5 en kort \u00e5terkoppling i helklass.\u00a0 Ibland passar jag p\u00e5 att samarbeta \u00e4mnes\u00f6vergripande inom mina \u00e4mnen engelska och svenska f\u00f6r att f\u00e5 ihop mer tid och skapa helhet. Som n\u00e4sta steg fick eleverna forts\u00e4tta med f\u00f6rdjupat kritiskt textarbete inom ramen f\u00f6r svenskan.\u00a0 De fick p\u00e5 egen hand v\u00e4lja en av de tre texterna ovan och skriva in sina reflektioner utifr\u00e5n &#8221;Fr\u00e5gor vid kritiskt textarbete&#8221; i det Google formul\u00e4r jag skapat. N\u00e4r de var klara med sina reflektioner s\u00e5 l\u00e4ste vi gemensamt och anonymiserat\u00a0 vad som skrivits under varje fr\u00e5gest\u00e4llning. Jag visade\u00a0\u00e4ven\u00a0exempel p\u00e5 fejkade bilder av Emma Gonzales som \u00e4r i omlopp. Du hittar bilder bland annat\u00a0<a href=\"https:\/\/www.washingtonpost.com\/news\/the-intersect\/wp\/2018\/03\/25\/a-fake-photo-of-emma-gonzalez-went-viral-on-the-far-right-where-parkland-teens-are-villains\/?utm_term=.a6369d4ddd5a\">h\u00e4r<\/a> och <a href=\"http:\/\/www.pearltrees.com\/ceclin\/critical-literacy\/id15695558#item222452799\">h\u00e4r<\/a>.<\/p>\n<p><strong>H\u00e4r f\u00f6ljer n\u00e5gra exempel p\u00e5 elevernas tankar utifr\u00e5n de kritiska fr\u00e5gest\u00e4llningarna:<\/strong><\/p>\n<blockquote><p>Jag tror att syftet med texten \u00e4r att n\u00e5 fram till \u00e4ldre, vita, medelklass\/rika m\u00e4n som kanske inte f\u00f6rst\u00e5r sig p\u00e5 budskapet med &#8221;March for our Lives&#8221; eller &#8221;Black Lives Matter&#8221; eftersom de lever i en filterbubbla (vilket vi alla g\u00f6r, men det som jag tycker \u00e4r speciellt f\u00f6r dessa m\u00e4n \u00e4r att de har tillg\u00e5ng till all information men v\u00e4ljer att inte lyssna p\u00e5 den). Dessa m\u00e4n \u00e4r de som blir minst diskriminerade i samh\u00e4llet och \u00e4r ocks\u00e5 de som har mest makt i samh\u00e4llet.<\/p>\n<p>Emma anv\u00e4nder sig av tekniken genom att f\u00f6rst rabbla upp namnen p\u00e5 alla som dog under skjutningen och ber\u00e4tta kort om de fina gester de brukade g\u00f6ra i sin vardag, men aldrig mer kommer att g\u00f6ra d\u00e5 de d\u00f6tt. En annan teknik hon anv\u00e4nder sig av \u00e4r att pl\u00f6tsligt vara tyst. Hon anv\u00e4nde sig av tystnaden l\u00e4nge och det gjorde folk f\u00f6rvirrade. N\u00e4r tystnaden sedan avtog f\u00e5r publiken reda p\u00e5 att s\u00e5 l\u00e4nge de var tysta var s\u00e5 l\u00e5ng tid det tog f\u00f6r g\u00e4rningsmannen att d\u00f6da alla. Denna teknik tror jag \u00f6ppnade \u00f6gonen p\u00e5 de flesta lyssnande och gav dem en djupare insikt om vad som h\u00e4nde.<\/p>\n<p>Studenternas, de ungas, barnens r\u00f6st h\u00f6rs. De som faktiskt var d\u00e4r och d\u00e4rf\u00f6r vill g\u00f6ra s\u00e5 att skjutningarna inte forts\u00e4tter. Det som inte h\u00f6rs \u00e4r de som \u00e4r f\u00f6r att folket ska f\u00e5 ha vapen p\u00e5 gatan, de som gjorde situationen (antagligen omedvetet) m\u00f6jlig.<\/p>\n<p>Budskapet \u00e4r det att dagens ungdomar inte skall l\u00e5ta sig tystas oavsett oddsen samt att man skall h\u00f6gljutt k\u00e4mpa f\u00f6r sin sak och sina medm\u00e4nniskor \u00e4ven att barn inte borde lyssna p\u00e5 de pessimistiska id\u00e9er de matas med var dag.<\/p>\n<p>Alla, men till st\u00f6rre del vuxna. Han pratar om &#8221;my age-contemporaries&#8221; vilket betyder folk i hans \u00e5lder (vuxna). Han ber\u00e4ttar f\u00f6r vuxna om hur barn \u00e4r smartare och mognare \u00e4n de tror och att de l\u00e4r sig av de vuxnas misstag.<\/p>\n<p>Han anv\u00e4nder sig av m\u00e5nga annorlunda ord och uttryck. M\u00e5nga som \u00e4r v\u00e4ldigt klockrena och passar perfekt in i texten, de ger en helt annan bild och hj\u00e4lper till att f\u00f6rst\u00e5. Det \u00e4r v\u00e4ldigt starka ord som upprepas flera g\u00e5nger under texten, ord som s\u00e4tter sig p\u00e5 hj\u00e4rnan som man kommer ih\u00e5g och vill uttrycka sj\u00e4lv.<\/p><\/blockquote>\n<p><strong>G\u00f6r om &#8211; g\u00f6r r\u00e4tt!<\/strong> \u00d6vningar i att \u00e4ndra om p\u00e5 spr\u00e5ket i p\u00e5 tidningsrubriker, nyheter, tweets m.m. P\u00e5 engelska kallas detta f\u00f6r UnDo- \/ UnHate news, Untweet eller There, fixed it for you! En svensk artikel ur Expressen\u00a0 visar h\u00e4r hur man kan vilja r\u00e4tta till rubriker f\u00f6r att \u00e4ndra p\u00e5 perspektiven:\u00a0<a href=\"https:\/\/www.expressen.se\/omtalat\/nyheter\/linn-24-om-lokaltidningens-rubrik-den-kravde-en-liten-makeover\/\" target=\"_blank\" rel=\"noopener\">Linn, 24, om lokaltidningens rubrik: &#8221;Den kr\u00e4vde en liten makeover&#8221;<\/a><\/p>\n<p>&nbsp;<\/p>\n<p><img loading=\"lazy\" decoding=\"async\" class=\"aligncenter wp-image-767 size-full\" src=\"https:\/\/lartorget.goteborg.se\/spraklikt\/wp-content\/uploads\/sites\/10\/2018\/03\/Undo-tweets.jpg\" alt=\"\" width=\"782\" height=\"424\" srcset=\"https:\/\/lartorget.goteborg.se\/spraklikt\/wp-content\/uploads\/sites\/10\/2018\/03\/Undo-tweets.jpg 782w, https:\/\/lartorget.goteborg.se\/spraklikt\/wp-content\/uploads\/sites\/10\/2018\/03\/Undo-tweets-360x195.jpg 360w, https:\/\/lartorget.goteborg.se\/spraklikt\/wp-content\/uploads\/sites\/10\/2018\/03\/Undo-tweets-531x288.jpg 531w, https:\/\/lartorget.goteborg.se\/spraklikt\/wp-content\/uploads\/sites\/10\/2018\/03\/Undo-tweets-350x190.jpg 350w, https:\/\/lartorget.goteborg.se\/spraklikt\/wp-content\/uploads\/sites\/10\/2018\/03\/Undo-tweets-260x141.jpg 260w, https:\/\/lartorget.goteborg.se\/spraklikt\/wp-content\/uploads\/sites\/10\/2018\/03\/Undo-tweets-300x163.jpg 300w, https:\/\/lartorget.goteborg.se\/spraklikt\/wp-content\/uploads\/sites\/10\/2018\/03\/Undo-tweets-768x416.jpg 768w\" sizes=\"auto, (max-width: 782px) 100vw, 782px\" \/><\/p>\n<p>S\u00e5 h\u00e4r, sist men inte minst, delar jag med mig av en <a href=\"https:\/\/padlet.com\/cecilia_lind1\/37jvmteg5zg8\">Padlet<\/a>\u00a0som jag skapat f\u00f6r att samla ihop anv\u00e4ndbara resurser inom k\u00e4llkritik.\u00a0 F\u00f6rhoppningsvis kan du inspireras, h\u00e4mta uppslag, l\u00e4ra dig mer och hitta m\u00e5nga f\u00e4rdiga lektionsuppl\u00e4gg till att arbeta med k\u00e4llkritik i ditt klassrum. Klicka p\u00e5 bilden f\u00f6r att komma direkt till samlingen:<\/p>\n<div id=\"attachment_743\" style=\"width: 1346px\" class=\"wp-caption aligncenter\"><a href=\"https:\/\/padlet.com\/cecilia_lind1\/37jvmteg5zg8\"><img loading=\"lazy\" decoding=\"async\" aria-describedby=\"caption-attachment-743\" class=\"wp-image-743 size-full\" src=\"https:\/\/lartorget.goteborg.se\/spraklikt\/wp-content\/uploads\/sites\/10\/2018\/03\/Padletbild.jpg\" alt=\"\" width=\"1336\" height=\"585\" srcset=\"https:\/\/lartorget.goteborg.se\/spraklikt\/wp-content\/uploads\/sites\/10\/2018\/03\/Padletbild.jpg 1336w, https:\/\/lartorget.goteborg.se\/spraklikt\/wp-content\/uploads\/sites\/10\/2018\/03\/Padletbild-360x158.jpg 360w, https:\/\/lartorget.goteborg.se\/spraklikt\/wp-content\/uploads\/sites\/10\/2018\/03\/Padletbild-1084x475.jpg 1084w, https:\/\/lartorget.goteborg.se\/spraklikt\/wp-content\/uploads\/sites\/10\/2018\/03\/Padletbild-531x233.jpg 531w, https:\/\/lartorget.goteborg.se\/spraklikt\/wp-content\/uploads\/sites\/10\/2018\/03\/Padletbild-350x153.jpg 350w, https:\/\/lartorget.goteborg.se\/spraklikt\/wp-content\/uploads\/sites\/10\/2018\/03\/Padletbild-260x114.jpg 260w, https:\/\/lartorget.goteborg.se\/spraklikt\/wp-content\/uploads\/sites\/10\/2018\/03\/Padletbild-300x131.jpg 300w, https:\/\/lartorget.goteborg.se\/spraklikt\/wp-content\/uploads\/sites\/10\/2018\/03\/Padletbild-768x336.jpg 768w, https:\/\/lartorget.goteborg.se\/spraklikt\/wp-content\/uploads\/sites\/10\/2018\/03\/Padletbild-1024x448.jpg 1024w\" sizes=\"auto, (max-width: 1336px) 100vw, 1336px\" \/><\/a><p id=\"caption-attachment-743\" class=\"wp-caption-text\">Padlet K\u00e4llkritik av Cecilia Lind<\/p><\/div>\n<p>&nbsp;<\/p>\n<p><strong>Referenser och om du vill l\u00e4sa mer om Critical Literacy\/ kritiskt textarbete :<\/strong><\/p>\n<p>Janks, Hilary med Dixon, Kerryn, Ferreira, Ana, Granville, Stella &amp; Newfield, Denise<br \/>\n(Red.), (2014). Doing critical literacy: texts and activities for students and teachers. New York: Routledge.<\/p>\n<p>Lgr11. L\u00e4roplan f\u00f6r grundskolan, f\u00f6rskoleklassen och fritidshemmet 2011. (2011). Stockholm: Skolverket.<\/p>\n<p>Molloy, Gunilla (2017). <em>Svensk\u00e4mnet roll &#8211; Om didaktik, demokrati och critical literacy<\/em>. Lund: Studentlitteratur.<\/p>\n<p>Molin, L. (2016) Literacypraktiker i det digitaliserade klassrummet. G\u00f6teborg: Institutionen f\u00f6r till\u00e4mpad informationsteknologi. Chalmers tekniska h\u00f6gskola och G\u00f6teborgs universitet. Tillg\u00e4nglig:\u00a0<a href=\"https:\/\/gupea.ub.gu.se\/bitstream\/2077\/49965\/1\/gupea_2077_49965_1.pdf\">https:\/\/gupea.ub.gu.se\/bitstream\/2077\/49965\/1\/gupea_2077_49965_1.pdf<\/a><\/p>\n<p><a href=\"https:\/\/larportalen.skolverket.se\/#\/modul\/5-las-skriv\/Grundskola\/023_kritiskt-textarbete\" target=\"_blank\" rel=\"noopener\">Skolverkets l\u00e4rportal: Kritiskt textarbete<\/a><\/p>\n<p><a href=\"https:\/\/www.voister.se\/artikel\/2018\/01\/lisa-molin-kallkritiker\/\" target=\"_blank\" rel=\"noopener\">https:\/\/www.voister.se\/artikel\/2018\/01\/lisa-molin-kallkritiker\/<\/a><\/p>\n<p><a href=\"http:\/\/hilaryjanks.co.za\/index.php\/home\/publications-2\/\" target=\"_blank\" rel=\"noopener\">Website of Prof. Hilary Janks<\/a><\/p>\n","protected":false},"excerpt":{"rendered":"<p>Vi l\u00e4rare beh\u00f6ver vara medvetna om v\u00e5ra val av texter och hur de p\u00e5verkar v\u00e5ra elever. Eleverna beh\u00f6ver f\u00e5 med sig att alla texter vill n\u00e5gonting med oss som l\u00e4ser. Den som skrivit en text har en avsikt med sin text och vill p\u00e5verka oss l\u00e4sare till att f\u00f6rst\u00e5 v\u00e4rlden p\u00e5 ett visst s\u00e4tt, vare sig det \u00e4r implicit eller explicit. Eleverna beh\u00f6ver rikt med tillf\u00e4llen att utmanas i sina fr\u00e5gest\u00e4llningar f\u00f6r att ifr\u00e5gas\u00e4tta v\u00e4rlden omkring dem och kopplat till detta \u00e4ven kreativt f\u00e5 tr\u00e4na p\u00e5 att skapa och omskapa text. F\u00f6rst d\u00e5 \u00f6ppnar sig m\u00f6jligheter att f\u00f6rest\u00e4lla sig hur v\u00e4rlden skulle kunna vara annorlunda och \u00e4ven att agera d\u00e4refter.<\/p>\n","protected":false},"author":25,"featured_media":756,"comment_status":"open","ping_status":"open","sticky":false,"template":"","format":"standard","meta":{"_acf_changed":false,"footnotes":""},"categories":[175,294,14,123,96,185,188,30,101,60],"coauthors":[105],"class_list":["post-684","post","type-post","status-publish","format-standard","has-post-thumbnail","hentry","category-demokrati","category-grundskola","category-grundskola-7-9","category-kallkritik","category-medie-informationskunnighet-mik","category-normkritik","category-programmering","category-sprakutveckling","category-svenska","category-svenska-som-andrasprak"],"acf":[],"yoast_head":"<!-- This site is optimized with the Yoast SEO plugin v27.5 - https:\/\/yoast.com\/product\/yoast-seo-wordpress\/ -->\n<title>Vidga k\u00e4llkritiken! - Spr\u00e5klIKT<\/title>\n<meta name=\"robots\" content=\"index, follow, max-snippet:-1, max-image-preview:large, max-video-preview:-1\" \/>\n<link rel=\"canonical\" href=\"https:\/\/lartorget.goteborg.se\/spraklikt\/2018\/04\/04\/vidga-kallkritiken\/\" \/>\n<meta property=\"og:locale\" content=\"sv_SE\" \/>\n<meta property=\"og:type\" content=\"article\" \/>\n<meta property=\"og:title\" content=\"Vidga k\u00e4llkritiken! - Spr\u00e5klIKT\" \/>\n<meta property=\"og:description\" content=\"Vi l\u00e4rare beh\u00f6ver vara medvetna om v\u00e5ra val av texter och hur de p\u00e5verkar v\u00e5ra elever. Eleverna beh\u00f6ver f\u00e5 med sig att alla texter vill n\u00e5gonting med oss som l\u00e4ser. Den som skrivit en text har en avsikt med sin text och vill p\u00e5verka oss l\u00e4sare till att f\u00f6rst\u00e5 v\u00e4rlden p\u00e5 ett visst s\u00e4tt, vare sig det \u00e4r implicit eller explicit. Eleverna beh\u00f6ver rikt med tillf\u00e4llen att utmanas i sina fr\u00e5gest\u00e4llningar f\u00f6r att ifr\u00e5gas\u00e4tta v\u00e4rlden omkring dem och kopplat till detta \u00e4ven kreativt f\u00e5 tr\u00e4na p\u00e5 att skapa och omskapa text. F\u00f6rst d\u00e5 \u00f6ppnar sig m\u00f6jligheter att f\u00f6rest\u00e4lla sig hur v\u00e4rlden skulle kunna vara annorlunda och \u00e4ven att agera d\u00e4refter.\" \/>\n<meta property=\"og:url\" content=\"https:\/\/lartorget.goteborg.se\/spraklikt\/2018\/04\/04\/vidga-kallkritiken\/\" \/>\n<meta property=\"og:site_name\" content=\"Spr\u00e5klIKT\" \/>\n<meta property=\"article:published_time\" content=\"2018-04-04T09:49:16+00:00\" \/>\n<meta property=\"article:modified_time\" content=\"2021-05-25T09:55:21+00:00\" \/>\n<meta property=\"og:image\" content=\"https:\/\/lartorget.goteborg.se\/spraklikt\/wp-content\/uploads\/sites\/10\/2018\/03\/Reading-the-word-and-the-world.jpg\" \/>\n\t<meta property=\"og:image:width\" content=\"843\" \/>\n\t<meta property=\"og:image:height\" content=\"463\" \/>\n\t<meta property=\"og:image:type\" content=\"image\/jpeg\" \/>\n<meta name=\"author\" content=\"Cecilia Lind\" \/>\n<meta name=\"twitter:card\" content=\"summary_large_image\" \/>\n<meta name=\"twitter:label1\" content=\"Skriven av\" \/>\n\t<meta name=\"twitter:data1\" content=\"Cecilia Lind\" \/>\n\t<meta name=\"twitter:label2\" content=\"Ber\u00e4knad l\u00e4stid\" \/>\n\t<meta name=\"twitter:data2\" content=\"15 minuter\" \/>\n<script type=\"application\/ld+json\" class=\"yoast-schema-graph\">{\"@context\":\"https:\\\/\\\/schema.org\",\"@graph\":[{\"@type\":\"Article\",\"@id\":\"https:\\\/\\\/lartorget.goteborg.se\\\/spraklikt\\\/2018\\\/04\\\/04\\\/vidga-kallkritiken\\\/#article\",\"isPartOf\":{\"@id\":\"https:\\\/\\\/lartorget.goteborg.se\\\/spraklikt\\\/2018\\\/04\\\/04\\\/vidga-kallkritiken\\\/\"},\"author\":{\"name\":\"Cecilia Lind\",\"@id\":\"https:\\\/\\\/lartorget.goteborg.se\\\/spraklikt\\\/#\\\/schema\\\/person\\\/ae12e168cd51488c2a7bb0f31ef95c70\"},\"headline\":\"Vidga k\u00e4llkritiken!\",\"datePublished\":\"2018-04-04T09:49:16+00:00\",\"dateModified\":\"2021-05-25T09:55:21+00:00\",\"mainEntityOfPage\":{\"@id\":\"https:\\\/\\\/lartorget.goteborg.se\\\/spraklikt\\\/2018\\\/04\\\/04\\\/vidga-kallkritiken\\\/\"},\"wordCount\":2925,\"commentCount\":0,\"image\":{\"@id\":\"https:\\\/\\\/lartorget.goteborg.se\\\/spraklikt\\\/2018\\\/04\\\/04\\\/vidga-kallkritiken\\\/#primaryimage\"},\"thumbnailUrl\":\"https:\\\/\\\/lartorget.goteborg.se\\\/spraklikt\\\/wp-content\\\/uploads\\\/sites\\\/10\\\/2018\\\/03\\\/Reading-the-word-and-the-world.jpg\",\"keywords\":[\"Critical Literacy\",\"engelska\",\"K\u00e4llkritik\",\"Kritiskt textarbete\",\"Spr\u00e5k- och kunskapsperspektiv\"],\"articleSection\":[\"Demokrati\",\"Grundskola\",\"Grundskola 7-9\",\"K\u00e4llkritik\",\"Medie- &amp; informationskunnighet (MIK)\",\"Normkritik\",\"Programmering\",\"Spr\u00e5kutveckling\",\"Svenska\",\"Svenska som andraspr\u00e5k\"],\"inLanguage\":\"sv-SE\",\"potentialAction\":[{\"@type\":\"CommentAction\",\"name\":\"Comment\",\"target\":[\"https:\\\/\\\/lartorget.goteborg.se\\\/spraklikt\\\/2018\\\/04\\\/04\\\/vidga-kallkritiken\\\/#respond\"]}]},{\"@type\":\"WebPage\",\"@id\":\"https:\\\/\\\/lartorget.goteborg.se\\\/spraklikt\\\/2018\\\/04\\\/04\\\/vidga-kallkritiken\\\/\",\"url\":\"https:\\\/\\\/lartorget.goteborg.se\\\/spraklikt\\\/2018\\\/04\\\/04\\\/vidga-kallkritiken\\\/\",\"name\":\"Vidga k\u00e4llkritiken! - Spr\u00e5klIKT\",\"isPartOf\":{\"@id\":\"https:\\\/\\\/lartorget.goteborg.se\\\/spraklikt\\\/#website\"},\"primaryImageOfPage\":{\"@id\":\"https:\\\/\\\/lartorget.goteborg.se\\\/spraklikt\\\/2018\\\/04\\\/04\\\/vidga-kallkritiken\\\/#primaryimage\"},\"image\":{\"@id\":\"https:\\\/\\\/lartorget.goteborg.se\\\/spraklikt\\\/2018\\\/04\\\/04\\\/vidga-kallkritiken\\\/#primaryimage\"},\"thumbnailUrl\":\"https:\\\/\\\/lartorget.goteborg.se\\\/spraklikt\\\/wp-content\\\/uploads\\\/sites\\\/10\\\/2018\\\/03\\\/Reading-the-word-and-the-world.jpg\",\"datePublished\":\"2018-04-04T09:49:16+00:00\",\"dateModified\":\"2021-05-25T09:55:21+00:00\",\"author\":{\"@id\":\"https:\\\/\\\/lartorget.goteborg.se\\\/spraklikt\\\/#\\\/schema\\\/person\\\/ae12e168cd51488c2a7bb0f31ef95c70\"},\"breadcrumb\":{\"@id\":\"https:\\\/\\\/lartorget.goteborg.se\\\/spraklikt\\\/2018\\\/04\\\/04\\\/vidga-kallkritiken\\\/#breadcrumb\"},\"inLanguage\":\"sv-SE\",\"potentialAction\":[{\"@type\":\"ReadAction\",\"target\":[\"https:\\\/\\\/lartorget.goteborg.se\\\/spraklikt\\\/2018\\\/04\\\/04\\\/vidga-kallkritiken\\\/\"]}]},{\"@type\":\"ImageObject\",\"inLanguage\":\"sv-SE\",\"@id\":\"https:\\\/\\\/lartorget.goteborg.se\\\/spraklikt\\\/2018\\\/04\\\/04\\\/vidga-kallkritiken\\\/#primaryimage\",\"url\":\"https:\\\/\\\/lartorget.goteborg.se\\\/spraklikt\\\/wp-content\\\/uploads\\\/sites\\\/10\\\/2018\\\/03\\\/Reading-the-word-and-the-world.jpg\",\"contentUrl\":\"https:\\\/\\\/lartorget.goteborg.se\\\/spraklikt\\\/wp-content\\\/uploads\\\/sites\\\/10\\\/2018\\\/03\\\/Reading-the-word-and-the-world.jpg\",\"width\":843,\"height\":463},{\"@type\":\"BreadcrumbList\",\"@id\":\"https:\\\/\\\/lartorget.goteborg.se\\\/spraklikt\\\/2018\\\/04\\\/04\\\/vidga-kallkritiken\\\/#breadcrumb\",\"itemListElement\":[{\"@type\":\"ListItem\",\"position\":1,\"name\":\"Home\",\"item\":\"https:\\\/\\\/lartorget.goteborg.se\\\/spraklikt\\\/\"},{\"@type\":\"ListItem\",\"position\":2,\"name\":\"Vidga k\u00e4llkritiken!\"}]},{\"@type\":\"WebSite\",\"@id\":\"https:\\\/\\\/lartorget.goteborg.se\\\/spraklikt\\\/#website\",\"url\":\"https:\\\/\\\/lartorget.goteborg.se\\\/spraklikt\\\/\",\"name\":\"Spr\u00e5klIKT\",\"description\":\"En till Pedagogen Gbg-webbplatser webbplats\",\"potentialAction\":[{\"@type\":\"SearchAction\",\"target\":{\"@type\":\"EntryPoint\",\"urlTemplate\":\"https:\\\/\\\/lartorget.goteborg.se\\\/spraklikt\\\/?s={search_term_string}\"},\"query-input\":{\"@type\":\"PropertyValueSpecification\",\"valueRequired\":true,\"valueName\":\"search_term_string\"}}],\"inLanguage\":\"sv-SE\"},{\"@type\":\"Person\",\"@id\":\"https:\\\/\\\/lartorget.goteborg.se\\\/spraklikt\\\/#\\\/schema\\\/person\\\/ae12e168cd51488c2a7bb0f31ef95c70\",\"name\":\"Cecilia Lind\",\"image\":{\"@type\":\"ImageObject\",\"inLanguage\":\"sv-SE\",\"@id\":\"https:\\\/\\\/lartorget.goteborg.se\\\/spraklikt\\\/wp-content\\\/uploads\\\/sites\\\/10\\\/2018\\\/09\\\/AnnaAnna_LandalaGS_1128_web-150x150.jpg4c6d73b50514792bcd4ac7910ca63bf0\",\"url\":\"https:\\\/\\\/lartorget.goteborg.se\\\/spraklikt\\\/wp-content\\\/uploads\\\/sites\\\/10\\\/2018\\\/09\\\/AnnaAnna_LandalaGS_1128_web-150x150.jpg\",\"contentUrl\":\"https:\\\/\\\/lartorget.goteborg.se\\\/spraklikt\\\/wp-content\\\/uploads\\\/sites\\\/10\\\/2018\\\/09\\\/AnnaAnna_LandalaGS_1128_web-150x150.jpg\",\"caption\":\"Cecilia Lind\"},\"url\":\"https:\\\/\\\/lartorget.goteborg.se\\\/spraklikt\\\/author\\\/cecilia\\\/\"}]}<\/script>\n<!-- \/ Yoast SEO plugin. -->","yoast_head_json":{"title":"Vidga k\u00e4llkritiken! - Spr\u00e5klIKT","robots":{"index":"index","follow":"follow","max-snippet":"max-snippet:-1","max-image-preview":"max-image-preview:large","max-video-preview":"max-video-preview:-1"},"canonical":"https:\/\/lartorget.goteborg.se\/spraklikt\/2018\/04\/04\/vidga-kallkritiken\/","og_locale":"sv_SE","og_type":"article","og_title":"Vidga k\u00e4llkritiken! - Spr\u00e5klIKT","og_description":"Vi l\u00e4rare beh\u00f6ver vara medvetna om v\u00e5ra val av texter och hur de p\u00e5verkar v\u00e5ra elever. Eleverna beh\u00f6ver f\u00e5 med sig att alla texter vill n\u00e5gonting med oss som l\u00e4ser. Den som skrivit en text har en avsikt med sin text och vill p\u00e5verka oss l\u00e4sare till att f\u00f6rst\u00e5 v\u00e4rlden p\u00e5 ett visst s\u00e4tt, vare sig det \u00e4r implicit eller explicit. Eleverna beh\u00f6ver rikt med tillf\u00e4llen att utmanas i sina fr\u00e5gest\u00e4llningar f\u00f6r att ifr\u00e5gas\u00e4tta v\u00e4rlden omkring dem och kopplat till detta \u00e4ven kreativt f\u00e5 tr\u00e4na p\u00e5 att skapa och omskapa text. F\u00f6rst d\u00e5 \u00f6ppnar sig m\u00f6jligheter att f\u00f6rest\u00e4lla sig hur v\u00e4rlden skulle kunna vara annorlunda och \u00e4ven att agera d\u00e4refter.","og_url":"https:\/\/lartorget.goteborg.se\/spraklikt\/2018\/04\/04\/vidga-kallkritiken\/","og_site_name":"Spr\u00e5klIKT","article_published_time":"2018-04-04T09:49:16+00:00","article_modified_time":"2021-05-25T09:55:21+00:00","og_image":[{"width":843,"height":463,"url":"https:\/\/lartorget.goteborg.se\/spraklikt\/wp-content\/uploads\/sites\/10\/2018\/03\/Reading-the-word-and-the-world.jpg","type":"image\/jpeg"}],"author":"Cecilia Lind","twitter_card":"summary_large_image","twitter_misc":{"Skriven av":"Cecilia Lind","Ber\u00e4knad l\u00e4stid":"15 minuter"},"schema":{"@context":"https:\/\/schema.org","@graph":[{"@type":"Article","@id":"https:\/\/lartorget.goteborg.se\/spraklikt\/2018\/04\/04\/vidga-kallkritiken\/#article","isPartOf":{"@id":"https:\/\/lartorget.goteborg.se\/spraklikt\/2018\/04\/04\/vidga-kallkritiken\/"},"author":{"name":"Cecilia Lind","@id":"https:\/\/lartorget.goteborg.se\/spraklikt\/#\/schema\/person\/ae12e168cd51488c2a7bb0f31ef95c70"},"headline":"Vidga k\u00e4llkritiken!","datePublished":"2018-04-04T09:49:16+00:00","dateModified":"2021-05-25T09:55:21+00:00","mainEntityOfPage":{"@id":"https:\/\/lartorget.goteborg.se\/spraklikt\/2018\/04\/04\/vidga-kallkritiken\/"},"wordCount":2925,"commentCount":0,"image":{"@id":"https:\/\/lartorget.goteborg.se\/spraklikt\/2018\/04\/04\/vidga-kallkritiken\/#primaryimage"},"thumbnailUrl":"https:\/\/lartorget.goteborg.se\/spraklikt\/wp-content\/uploads\/sites\/10\/2018\/03\/Reading-the-word-and-the-world.jpg","keywords":["Critical Literacy","engelska","K\u00e4llkritik","Kritiskt textarbete","Spr\u00e5k- och kunskapsperspektiv"],"articleSection":["Demokrati","Grundskola","Grundskola 7-9","K\u00e4llkritik","Medie- &amp; informationskunnighet (MIK)","Normkritik","Programmering","Spr\u00e5kutveckling","Svenska","Svenska som andraspr\u00e5k"],"inLanguage":"sv-SE","potentialAction":[{"@type":"CommentAction","name":"Comment","target":["https:\/\/lartorget.goteborg.se\/spraklikt\/2018\/04\/04\/vidga-kallkritiken\/#respond"]}]},{"@type":"WebPage","@id":"https:\/\/lartorget.goteborg.se\/spraklikt\/2018\/04\/04\/vidga-kallkritiken\/","url":"https:\/\/lartorget.goteborg.se\/spraklikt\/2018\/04\/04\/vidga-kallkritiken\/","name":"Vidga k\u00e4llkritiken! - Spr\u00e5klIKT","isPartOf":{"@id":"https:\/\/lartorget.goteborg.se\/spraklikt\/#website"},"primaryImageOfPage":{"@id":"https:\/\/lartorget.goteborg.se\/spraklikt\/2018\/04\/04\/vidga-kallkritiken\/#primaryimage"},"image":{"@id":"https:\/\/lartorget.goteborg.se\/spraklikt\/2018\/04\/04\/vidga-kallkritiken\/#primaryimage"},"thumbnailUrl":"https:\/\/lartorget.goteborg.se\/spraklikt\/wp-content\/uploads\/sites\/10\/2018\/03\/Reading-the-word-and-the-world.jpg","datePublished":"2018-04-04T09:49:16+00:00","dateModified":"2021-05-25T09:55:21+00:00","author":{"@id":"https:\/\/lartorget.goteborg.se\/spraklikt\/#\/schema\/person\/ae12e168cd51488c2a7bb0f31ef95c70"},"breadcrumb":{"@id":"https:\/\/lartorget.goteborg.se\/spraklikt\/2018\/04\/04\/vidga-kallkritiken\/#breadcrumb"},"inLanguage":"sv-SE","potentialAction":[{"@type":"ReadAction","target":["https:\/\/lartorget.goteborg.se\/spraklikt\/2018\/04\/04\/vidga-kallkritiken\/"]}]},{"@type":"ImageObject","inLanguage":"sv-SE","@id":"https:\/\/lartorget.goteborg.se\/spraklikt\/2018\/04\/04\/vidga-kallkritiken\/#primaryimage","url":"https:\/\/lartorget.goteborg.se\/spraklikt\/wp-content\/uploads\/sites\/10\/2018\/03\/Reading-the-word-and-the-world.jpg","contentUrl":"https:\/\/lartorget.goteborg.se\/spraklikt\/wp-content\/uploads\/sites\/10\/2018\/03\/Reading-the-word-and-the-world.jpg","width":843,"height":463},{"@type":"BreadcrumbList","@id":"https:\/\/lartorget.goteborg.se\/spraklikt\/2018\/04\/04\/vidga-kallkritiken\/#breadcrumb","itemListElement":[{"@type":"ListItem","position":1,"name":"Home","item":"https:\/\/lartorget.goteborg.se\/spraklikt\/"},{"@type":"ListItem","position":2,"name":"Vidga k\u00e4llkritiken!"}]},{"@type":"WebSite","@id":"https:\/\/lartorget.goteborg.se\/spraklikt\/#website","url":"https:\/\/lartorget.goteborg.se\/spraklikt\/","name":"Spr\u00e5klIKT","description":"En till Pedagogen Gbg-webbplatser webbplats","potentialAction":[{"@type":"SearchAction","target":{"@type":"EntryPoint","urlTemplate":"https:\/\/lartorget.goteborg.se\/spraklikt\/?s={search_term_string}"},"query-input":{"@type":"PropertyValueSpecification","valueRequired":true,"valueName":"search_term_string"}}],"inLanguage":"sv-SE"},{"@type":"Person","@id":"https:\/\/lartorget.goteborg.se\/spraklikt\/#\/schema\/person\/ae12e168cd51488c2a7bb0f31ef95c70","name":"Cecilia Lind","image":{"@type":"ImageObject","inLanguage":"sv-SE","@id":"https:\/\/lartorget.goteborg.se\/spraklikt\/wp-content\/uploads\/sites\/10\/2018\/09\/AnnaAnna_LandalaGS_1128_web-150x150.jpg4c6d73b50514792bcd4ac7910ca63bf0","url":"https:\/\/lartorget.goteborg.se\/spraklikt\/wp-content\/uploads\/sites\/10\/2018\/09\/AnnaAnna_LandalaGS_1128_web-150x150.jpg","contentUrl":"https:\/\/lartorget.goteborg.se\/spraklikt\/wp-content\/uploads\/sites\/10\/2018\/09\/AnnaAnna_LandalaGS_1128_web-150x150.jpg","caption":"Cecilia Lind"},"url":"https:\/\/lartorget.goteborg.se\/spraklikt\/author\/cecilia\/"}]}},"_links":{"self":[{"href":"https:\/\/lartorget.goteborg.se\/spraklikt\/wp-json\/wp\/v2\/posts\/684","targetHints":{"allow":["GET"]}}],"collection":[{"href":"https:\/\/lartorget.goteborg.se\/spraklikt\/wp-json\/wp\/v2\/posts"}],"about":[{"href":"https:\/\/lartorget.goteborg.se\/spraklikt\/wp-json\/wp\/v2\/types\/post"}],"author":[{"embeddable":true,"href":"https:\/\/lartorget.goteborg.se\/spraklikt\/wp-json\/wp\/v2\/users\/25"}],"replies":[{"embeddable":true,"href":"https:\/\/lartorget.goteborg.se\/spraklikt\/wp-json\/wp\/v2\/comments?post=684"}],"version-history":[{"count":89,"href":"https:\/\/lartorget.goteborg.se\/spraklikt\/wp-json\/wp\/v2\/posts\/684\/revisions"}],"predecessor-version":[{"id":1597,"href":"https:\/\/lartorget.goteborg.se\/spraklikt\/wp-json\/wp\/v2\/posts\/684\/revisions\/1597"}],"wp:featuredmedia":[{"embeddable":true,"href":"https:\/\/lartorget.goteborg.se\/spraklikt\/wp-json\/wp\/v2\/media\/756"}],"wp:attachment":[{"href":"https:\/\/lartorget.goteborg.se\/spraklikt\/wp-json\/wp\/v2\/media?parent=684"}],"wp:term":[{"taxonomy":"category","embeddable":true,"href":"https:\/\/lartorget.goteborg.se\/spraklikt\/wp-json\/wp\/v2\/categories?post=684"},{"taxonomy":"author","embeddable":true,"href":"https:\/\/lartorget.goteborg.se\/spraklikt\/wp-json\/wp\/v2\/coauthors?post=684"}],"curies":[{"name":"wp","href":"https:\/\/api.w.org\/{rel}","templated":true}]}}