
{"id":5,"date":"2017-03-18T22:45:52","date_gmt":"2017-03-18T21:45:52","guid":{"rendered":"https:\/\/lartorget.goteborg.se\/\/spraklikt\/?p=5"},"modified":"2017-03-28T16:35:10","modified_gmt":"2017-03-28T14:35:10","slug":"laslyft-i-centrum","status":"publish","type":"post","link":"https:\/\/lartorget.goteborg.se\/spraklikt\/2017\/03\/18\/laslyft-i-centrum\/","title":{"rendered":"L\u00e4slyft i Centrum"},"content":{"rendered":"<p>Omgivna av b\u00f6cker samlas vi, elva deltagare och jag, inne p\u00e5 Johannebergsskolans skolbibliotek och med oss har vi varsin kopp f\u00e4rskbryggt kaffe, latte eller te. En stund stannar vi kvar i den sociala fasen och pratar av oss lite om hur dagen har varit. Snart \u00e4r kl 14.30 och d\u00e5 infinner sig ett annat fokus. Tillsammans har vi kommit \u00f6verens om f\u00f6ruts\u00e4ttningarna. Vi sl\u00e4pper allt annat som pockar p\u00e5 uppm\u00e4rksamhet f\u00f6r att tv\u00e5 timmar fram\u00f6ver dyka ner i teorin och fokusera p\u00e5 det kunskapande m\u00f6tet.<\/p>\n<p>Till idag har min grupp l\u00e4st och sett teoriavsnittet <a href=\"https:\/\/lasochskrivportalen.skolverket.se\/webcenter\/larportal\/api\/document\/path\/laslyftet\/Material\/Moduler\/3-Grundskola\/000_Samtal-om-text\/Del_03\/material\/Flik\/Del_03_MomentA\/Artiklar\/M0_gr_03A_01_lasloggen.docx\">Del 3 \u201cL\u00e4sloggen &#8211; ett tankeredskap\u201d<\/a> av och med Gunilla Molloy, ur <a href=\"https:\/\/lasochskrivportalen.skolverket.se\/#\/moduler\/3-Grundskola\/000_Samtal-om-text\">modulen Samtal om text<\/a>. L\u00e4sloggen \u00e4r ett redskap vid l\u00e4sning och tolkning av sakprosa eller sk\u00f6nlitter\u00e4ra texter f\u00f6r att f\u00f6lja elevens tankeutveckling s\u00e5v\u00e4l som spr\u00e5k-, l\u00e4s- och skrivutveckling. I l\u00e4sloggen skriver eleven ner sina reflektioner. N\u00e4r l\u00e4sloggen anv\u00e4nds vid pararbete och eleverna kommenterar varandras l\u00e4sloggar kallas den dialoglogg. D\u00e5 l\u00e4sloggen ist\u00e4llet involverar tre eller fler elever kallas den demokratilogg. Molloy utvidgar Vygotskijs begrepp om proximal utvecklingszon till att \u00e4ven omfatta gruppniv\u00e5; en kollektiv utvecklingszon.<\/p>\n<p>F\u00f6rst reflekterar l\u00e4rarna enskilt kring l\u00e4sloggar i undervisningen, f\u00f6r att sedan samtala parvis om sina reflektioner. D\u00e4refter sammanstr\u00e5lar de och skriver ner eller visualiserar sina parvisa reflektioner.<\/p>\n<p>Modellen vi anv\u00e4nder \u00e4r EPA-modellen (Eget &#8211; Par- Alla). Som ett sista led resonerar l\u00e4rarna sig fram och f\u00f6rs\u00f6ker finna och se olika m\u00f6nster och lyfta det viktigaste fr\u00e5n dagens samtal. Dessa punkter (m\u00f6nster och fr\u00e5gest\u00e4llningar) vaskade l\u00e4rarna fram efter dagens samtal:<\/p>\n<ul>\n<li>Tid, prioritering,organisering?<\/li>\n<li>De olika l\u00e4sloggarna och dess syfte: L\u00e4slogg\/ Dialoglogg\/ Demokratilogg<\/li>\n<li>Vilka texter?<\/li>\n<li>Ska vi styra?<\/li>\n<li>Demokrati &#8211; alla ska kunna uttrycka sig och vara delaktiga!<\/li>\n<li>Skrift &#8211; bild &#8211; tal?<\/li>\n<li>Begr\u00e4nsningar och m\u00f6jligheter f\u00f6r elever som inte \u00e4r s\u00e5 l\u00e4s- och skrivstarka?<\/li>\n<\/ul>\n<p>L\u00e4slyftet \u00e4r en del av det spr\u00e5k-, l\u00e4s och skrivutvecklingsarbete som p\u00e5g\u00e5r i Centrum och vi \u00e4r inne p\u00e5 det andra \u00e5ret. I \u00e5r, liksom f\u00f6rra \u00e5ret, \u00e4r vi tv\u00e5 handledare, Monica Sternel\u00f6v och jag, som ansvarar f\u00f6r var sin grupp pedagoger. F\u00f6rra terminen arbetade v\u00e5ra grupper med modulerna <a href=\"https:\/\/larportalen.skolverket.se\/#\/modul\/1-las-skriv\/Grundskola\/000_Samtal-om-text\">Samtal om text <\/a>respektive <a href=\"https:\/\/lasochskrivportalen.skolverket.se\/#\/moduler\/3-Grundskola\/002_Lasa-o-skriva\">L\u00e4sa och skriva i alla \u00e4mnen \u00e5k 1-3<\/a> och i \u00e5r tar vi oss an <a href=\"https:\/\/lasochskrivportalen.skolverket.se\/#\/moduler\/3-Grundskola\/004_framja_elevers_larande_SO\">Fr\u00e4mja elevers l\u00e4rande i SO<\/a> respektive Samtal om text. Modulerna har valts ut i samr\u00e5d med pedagogerna efter relevans och \u00f6nskem\u00e5l.<\/p>\n<p>Arbetet med L\u00e4slyftet i Centrum gynnas av att vi redan har en struktur f\u00f6r l\u00e4rande organisation, d\u00e4r torsdagseftermiddagarna f\u00f6r alla pedagoger \u00e4r vigda f\u00f6r skolutveckling. Vi har d\u00e5 olika slags l\u00e4rgrupper som L\u00e4slyft men \u00e4ven andra l\u00e4rgrupper som Bed\u00f6mning f\u00f6r l\u00e4rande (BFL) och Reading to Learn (R2L).<\/p>\n<p>Det finns s\u00e5v\u00e4l f\u00f6rdelar som nackdelar med att vi l\u00e4rare i stadsdelen organiseras i tv\u00e4rgrupper och inte lokala arbets- eller \u00e4mneslag n\u00e4r det kommer till dessa l\u00e4rgrupper. Bland f\u00f6rdelarna kan n\u00e4mnas ett rikt utbud av inneh\u00e5ll och st\u00f6rre valm\u00f6jlighet samt att det knyter samman och skapar en samarbetsyta mellan l\u00e4rare fr\u00e5n olika skolor i stadsdelen. I arbetet med L\u00e4slyftet f\u00f6rs\u00f6ker vi ist\u00e4llet h\u00e5lla samman deltagare och skapa grupper fr\u00e5n h\u00f6gst tv\u00e5 skolor f\u00f6r att det bland annat ska underl\u00e4tta planering och gynna samarbete \u00e4ven mellan L\u00e4slyftstr\u00e4ffarna.<\/p>\n<p>Vad \u00e4r d\u00e5 sj\u00e4lva \u201clyftet\u201d med l\u00e4slyftet? Det v\u00e4rdeskapande \u00e4r att utifr\u00e5n teoretiska perspektiv se med nya \u00f6gon p\u00e5 det vi g\u00f6r i klassrummet, identifiera allt det fantastiskt bra som redan g\u00f6rs, att l\u00e4gga till nya verktyg till en redan befintlig repertoar, och l\u00e5ta tidigare erfarenheter m\u00f6ta nytt med hj\u00e4lp av ett gemensamt metaspr\u00e5k.<\/p>\n<p>Teoridelen \u00e4r en sj\u00e4lvklar del men det \u00e4r i det kollegiala l\u00e4randet d\u00e4r l\u00e4rare genom strukturerat samarbete reflekterar \u00f6ver sin undervisning som det lyfter. De kontinuerliga tr\u00e4ffarna f\u00e5r oss att bli medvetna om vad och varf\u00f6r vi g\u00f6r det vi g\u00f6r. L\u00e4rarna har \u00e4ven testat att filma och spela in n\u00e4r de genomf\u00f6r sina aktiviteter. Genom samtalen delas tips och inspiration och egna id\u00e9er v\u00e4cks men det verkliga lyftet ligger inte i delandet av f\u00e4rdiga lektionsf\u00f6rslag utan i det kollegiala samtalen som f\u00f6rs.<\/p>\n<p>I handledarens roll ing\u00e5r bland annat att ha kunskaper inom \u00e4mnet, om olika samtalsmodeller och gruppdynamik, liksom att organisera, planera, leda samtal och st\u00e4lla fr\u00e5gor. Just att st\u00e4lla utmanande fr\u00e5gor och skapa f\u00f6ruts\u00e4ttning f\u00f6r det \u201cgoda\u201d samtalet \u00e4r det mest utmanande.<\/p>\n<p>Fr\u00e5gorna beh\u00f6ver vara \u00f6ppna som till exempel: Ber\u00e4tta mer\u2026!? Hur t\u00e4nkte du i den situationen? Vad hindrar dig\u2026? Vad blir n\u00e4sta steg? Hur vet du\u2026? Hur kunde du gjort ist\u00e4llet? Vad skulle du vilja g\u00f6ra annorlunda n\u00e4sta g\u00e5ng? etc. Det \u00e4r sedan inte alltid i sj\u00e4lva svaren som svaren ligger utan snarare i att fr\u00e5gor, dilemman och reflektioner kring den egna undervisningen uppst\u00e5r och diskuteras.<\/p>\n<p>F\u00f6rhoppningen \u00e4r att L\u00e4slyftet inte ses som en isolerad h\u00e4ndelse eller ett avslutat projekt utan att spr\u00e5kutvecklingsresan bara har b\u00f6rjat. \u00d6ver tid \u00f6kar m\u00f6jligheten till verklig f\u00f6r\u00e4ndring och arbetet skapar v\u00e4rde. L\u00e4slyftsmodulerna kommer fortsatt finnas tillg\u00e4ngliga men flyttas och genomg\u00e5r ett namnbyte till \u201cUtveckla spr\u00e5k-, l\u00e4s- och skrivundervisningen (L\u00e4slyftet)\u201d. Fr\u00e5n och med v.11 2017 inf\u00f6rlivas L\u00e4slyftsmodulerna i ett nationellt skolutvecklingsprogram under rubriken \u201cKunskaper och v\u00e4rden\u201d p\u00e5 L\u00e4rportalen.<\/p>\n<p>L\u00e4slyftet rundas av f\u00f6r den h\u00e4r torsdagen. L\u00e4rarna har entusiastiskt ber\u00e4ttat om vad de planerar att genomf\u00f6ra till n\u00e4sta g\u00e5ng. Det verkar finnas variation mellan vilken sorts l\u00e4slogg som ska pr\u00f6vas och p\u00e5 vilket s\u00e4tt den kommer att anv\u00e4ndas. N\u00e4r vi m\u00f6ts n\u00e4sta tillf\u00e4lle blir det sp\u00e4nnande att h\u00f6ra hur de upplevt genomf\u00f6randet, vad som g\u00e5tt bra eller mindre bra och vad l\u00e4sloggen eventuellt kan skapa f\u00f6r merv\u00e4rde i undervisningen fram\u00f6ver.<\/p>\n<p>Avslutningsvis l\u00e5ter jag n\u00e5gra citat fr\u00e5n utv\u00e4rderingen av f\u00f6rra terminens L\u00e4slyft tala f\u00f6r sig sj\u00e4lva:<\/p>\n<blockquote><p>Vi har blivit p\u00e5minda om hur viktiga alla v\u00e5ra l\u00e4s- och skrivutvecklande aktiviteter i skolan \u00e4r, allra mest f\u00f6r elever som inte har med sig ett rikt spr\u00e5k fr\u00e5n b\u00f6rjan och som inte \u00e4r vana vid l\u00e4sning i hemmet.<\/p>\n<p>Vi upplever att v\u00e5ra ettor har skrivit mer och utmanats mer tack vare uppgifterna i l\u00e4slyftet \u00e4n v\u00e5ra tidigare ettor.<\/p>\n<p>Jag upplevde att jag lade in moment i undervisningen som jag &#8221;gl\u00f6mt bort&#8221;. Jag fick en bra syn p\u00e5 vad jag inte har med i undervisningen t.ex. l\u00e4sning i par, som jag inte anv\u00e4nt mig av s\u00e5 mycket innan. D\u00e5 upplevde jag att eleverna utvecklades genom att anv\u00e4nda olika arbetsformer.<\/p>\n<p>Arbeta vidare med dialogisk h\u00f6gl\u00e4sning samt hinderschema och karakt\u00e4rsschema. Utg\u00e5 mer fr\u00e5n elevernas v\u00e4rld.<\/p>\n<p>Det har varit roligt och utvecklande med olika typer av samtalsmodeller, tycker jag. Det har ocks\u00e5 varit v\u00e4ldigt bra, och viktigt, att v\u00e5r handledare har haft h\u00f6ga f\u00f6rv\u00e4ntningar p\u00e5 oss hela tiden, \u00e4ven n\u00e4r gruppen som helhet varit lite tr\u00f6tt.<\/p>\n<p>Vi beh\u00f6ver f\u00e5 resonera om tankar och id\u00e9er, h\u00f6ra andras \u00e5sikter och ge varandra feedback. Jag t\u00e4nker att utveckling sker b\u00e4st i samspel med andra. Det \u00e4r ocks\u00e5 nyttigt att beh\u00f6va s\u00e4tta ord p\u00e5 det man t\u00e4nker och vara tvungen att f\u00f6rklara tydligare ibland.<\/p>\n<p>L\u00e4raryrkets skattkista! \ud83d\ude42 S\u00e5 givande att dela med sig av goda exempel samt sl\u00e4ppa prestigen kring det som \u00e4r utmanande\/sv\u00e5rt &#8211; st\u00f6tta varandra d\u00e4r! Forskning visar ju ocks\u00e5 vikten av gemensam kompetensutveckling (samt samtal, reflektion osv) f\u00f6r att alla elever ska n\u00e5 m\u00e5len samt utveckla\/h\u00f6ja elevernas kunskap.<\/p><\/blockquote>\n","protected":false},"excerpt":{"rendered":"<p>Det \u00e4r torsdag och klockan b\u00f6rjar n\u00e4rma sig 14.30 d\u00e5 det \u00e5terigen \u00e4r dags f\u00f6r L\u00e4slyft och kollegiala samtal. <\/p>\n","protected":false},"author":25,"featured_media":9,"comment_status":"open","ping_status":"open","sticky":false,"template":"","format":"standard","meta":{"_acf_changed":false,"footnotes":""},"categories":[75,294,38,39,14,90,30],"coauthors":[105],"class_list":["post-5","post","type-post","status-publish","format-standard","has-post-thumbnail","hentry","category-centrum","category-grundskola","category-grundskola-1-3","category-grundskola-4-6","category-grundskola-7-9","category-kollegialt-larande","category-sprakutveckling"],"acf":[],"yoast_head":"<!-- This site is optimized with the Yoast SEO plugin v27.5 - https:\/\/yoast.com\/product\/yoast-seo-wordpress\/ -->\n<title>L\u00e4slyft i Centrum - Spr\u00e5klIKT<\/title>\n<meta name=\"robots\" content=\"index, follow, max-snippet:-1, max-image-preview:large, max-video-preview:-1\" \/>\n<link rel=\"canonical\" href=\"https:\/\/lartorget.goteborg.se\/spraklikt\/2017\/03\/18\/laslyft-i-centrum\/\" \/>\n<meta property=\"og:locale\" content=\"sv_SE\" \/>\n<meta property=\"og:type\" content=\"article\" \/>\n<meta property=\"og:title\" content=\"L\u00e4slyft i Centrum - Spr\u00e5klIKT\" \/>\n<meta property=\"og:description\" content=\"Det \u00e4r torsdag och klockan b\u00f6rjar n\u00e4rma sig 14.30 d\u00e5 det \u00e5terigen \u00e4r dags f\u00f6r L\u00e4slyft och kollegiala samtal.\" \/>\n<meta property=\"og:url\" content=\"https:\/\/lartorget.goteborg.se\/spraklikt\/2017\/03\/18\/laslyft-i-centrum\/\" \/>\n<meta property=\"og:site_name\" content=\"Spr\u00e5klIKT\" \/>\n<meta property=\"article:published_time\" content=\"2017-03-18T21:45:52+00:00\" \/>\n<meta property=\"article:modified_time\" content=\"2017-03-28T14:35:10+00:00\" \/>\n<meta property=\"og:image\" content=\"https:\/\/lartorget.goteborg.se\/spraklikt\/wp-content\/uploads\/sites\/10\/2017\/03\/L\u00e4rsamtal.jpg\" \/>\n\t<meta property=\"og:image:width\" content=\"424\" \/>\n\t<meta property=\"og:image:height\" content=\"264\" \/>\n\t<meta property=\"og:image:type\" content=\"image\/jpeg\" \/>\n<meta name=\"author\" content=\"Cecilia Lind\" \/>\n<meta name=\"twitter:card\" content=\"summary_large_image\" \/>\n<meta name=\"twitter:label1\" content=\"Skriven av\" \/>\n\t<meta name=\"twitter:data1\" content=\"Cecilia Lind\" \/>\n\t<meta name=\"twitter:label2\" content=\"Ber\u00e4knad l\u00e4stid\" \/>\n\t<meta name=\"twitter:data2\" content=\"7 minuter\" \/>\n<script type=\"application\/ld+json\" class=\"yoast-schema-graph\">{\"@context\":\"https:\\\/\\\/schema.org\",\"@graph\":[{\"@type\":\"Article\",\"@id\":\"https:\\\/\\\/lartorget.goteborg.se\\\/spraklikt\\\/2017\\\/03\\\/18\\\/laslyft-i-centrum\\\/#article\",\"isPartOf\":{\"@id\":\"https:\\\/\\\/lartorget.goteborg.se\\\/spraklikt\\\/2017\\\/03\\\/18\\\/laslyft-i-centrum\\\/\"},\"author\":{\"name\":\"Cecilia Lind\",\"@id\":\"https:\\\/\\\/lartorget.goteborg.se\\\/spraklikt\\\/#\\\/schema\\\/person\\\/ae12e168cd51488c2a7bb0f31ef95c70\"},\"headline\":\"L\u00e4slyft i Centrum\",\"datePublished\":\"2017-03-18T21:45:52+00:00\",\"dateModified\":\"2017-03-28T14:35:10+00:00\",\"mainEntityOfPage\":{\"@id\":\"https:\\\/\\\/lartorget.goteborg.se\\\/spraklikt\\\/2017\\\/03\\\/18\\\/laslyft-i-centrum\\\/\"},\"wordCount\":1415,\"commentCount\":0,\"image\":{\"@id\":\"https:\\\/\\\/lartorget.goteborg.se\\\/spraklikt\\\/2017\\\/03\\\/18\\\/laslyft-i-centrum\\\/#primaryimage\"},\"thumbnailUrl\":\"https:\\\/\\\/lartorget.goteborg.se\\\/spraklikt\\\/wp-content\\\/uploads\\\/sites\\\/10\\\/2017\\\/03\\\/L\u00e4rsamtal.jpg\",\"articleSection\":[\"Centrum\",\"Grundskola\",\"Grundskola 1-3\",\"Grundskola 4-6\",\"Grundskola 7-9\",\"Kollegialt l\u00e4rande\",\"Spr\u00e5kutveckling\"],\"inLanguage\":\"sv-SE\",\"potentialAction\":[{\"@type\":\"CommentAction\",\"name\":\"Comment\",\"target\":[\"https:\\\/\\\/lartorget.goteborg.se\\\/spraklikt\\\/2017\\\/03\\\/18\\\/laslyft-i-centrum\\\/#respond\"]}]},{\"@type\":\"WebPage\",\"@id\":\"https:\\\/\\\/lartorget.goteborg.se\\\/spraklikt\\\/2017\\\/03\\\/18\\\/laslyft-i-centrum\\\/\",\"url\":\"https:\\\/\\\/lartorget.goteborg.se\\\/spraklikt\\\/2017\\\/03\\\/18\\\/laslyft-i-centrum\\\/\",\"name\":\"L\u00e4slyft i Centrum - Spr\u00e5klIKT\",\"isPartOf\":{\"@id\":\"https:\\\/\\\/lartorget.goteborg.se\\\/spraklikt\\\/#website\"},\"primaryImageOfPage\":{\"@id\":\"https:\\\/\\\/lartorget.goteborg.se\\\/spraklikt\\\/2017\\\/03\\\/18\\\/laslyft-i-centrum\\\/#primaryimage\"},\"image\":{\"@id\":\"https:\\\/\\\/lartorget.goteborg.se\\\/spraklikt\\\/2017\\\/03\\\/18\\\/laslyft-i-centrum\\\/#primaryimage\"},\"thumbnailUrl\":\"https:\\\/\\\/lartorget.goteborg.se\\\/spraklikt\\\/wp-content\\\/uploads\\\/sites\\\/10\\\/2017\\\/03\\\/L\u00e4rsamtal.jpg\",\"datePublished\":\"2017-03-18T21:45:52+00:00\",\"dateModified\":\"2017-03-28T14:35:10+00:00\",\"author\":{\"@id\":\"https:\\\/\\\/lartorget.goteborg.se\\\/spraklikt\\\/#\\\/schema\\\/person\\\/ae12e168cd51488c2a7bb0f31ef95c70\"},\"breadcrumb\":{\"@id\":\"https:\\\/\\\/lartorget.goteborg.se\\\/spraklikt\\\/2017\\\/03\\\/18\\\/laslyft-i-centrum\\\/#breadcrumb\"},\"inLanguage\":\"sv-SE\",\"potentialAction\":[{\"@type\":\"ReadAction\",\"target\":[\"https:\\\/\\\/lartorget.goteborg.se\\\/spraklikt\\\/2017\\\/03\\\/18\\\/laslyft-i-centrum\\\/\"]}]},{\"@type\":\"ImageObject\",\"inLanguage\":\"sv-SE\",\"@id\":\"https:\\\/\\\/lartorget.goteborg.se\\\/spraklikt\\\/2017\\\/03\\\/18\\\/laslyft-i-centrum\\\/#primaryimage\",\"url\":\"https:\\\/\\\/lartorget.goteborg.se\\\/spraklikt\\\/wp-content\\\/uploads\\\/sites\\\/10\\\/2017\\\/03\\\/L\u00e4rsamtal.jpg\",\"contentUrl\":\"https:\\\/\\\/lartorget.goteborg.se\\\/spraklikt\\\/wp-content\\\/uploads\\\/sites\\\/10\\\/2017\\\/03\\\/L\u00e4rsamtal.jpg\",\"width\":424,\"height\":264,\"caption\":\"Foto: Cecilia Lind\"},{\"@type\":\"BreadcrumbList\",\"@id\":\"https:\\\/\\\/lartorget.goteborg.se\\\/spraklikt\\\/2017\\\/03\\\/18\\\/laslyft-i-centrum\\\/#breadcrumb\",\"itemListElement\":[{\"@type\":\"ListItem\",\"position\":1,\"name\":\"Home\",\"item\":\"https:\\\/\\\/lartorget.goteborg.se\\\/spraklikt\\\/\"},{\"@type\":\"ListItem\",\"position\":2,\"name\":\"L\u00e4slyft i Centrum\"}]},{\"@type\":\"WebSite\",\"@id\":\"https:\\\/\\\/lartorget.goteborg.se\\\/spraklikt\\\/#website\",\"url\":\"https:\\\/\\\/lartorget.goteborg.se\\\/spraklikt\\\/\",\"name\":\"Spr\u00e5klIKT\",\"description\":\"En till Pedagogen Gbg-webbplatser webbplats\",\"potentialAction\":[{\"@type\":\"SearchAction\",\"target\":{\"@type\":\"EntryPoint\",\"urlTemplate\":\"https:\\\/\\\/lartorget.goteborg.se\\\/spraklikt\\\/?s={search_term_string}\"},\"query-input\":{\"@type\":\"PropertyValueSpecification\",\"valueRequired\":true,\"valueName\":\"search_term_string\"}}],\"inLanguage\":\"sv-SE\"},{\"@type\":\"Person\",\"@id\":\"https:\\\/\\\/lartorget.goteborg.se\\\/spraklikt\\\/#\\\/schema\\\/person\\\/ae12e168cd51488c2a7bb0f31ef95c70\",\"name\":\"Cecilia Lind\",\"image\":{\"@type\":\"ImageObject\",\"inLanguage\":\"sv-SE\",\"@id\":\"https:\\\/\\\/lartorget.goteborg.se\\\/spraklikt\\\/wp-content\\\/uploads\\\/sites\\\/10\\\/2018\\\/09\\\/AnnaAnna_LandalaGS_1128_web-150x150.jpg4c6d73b50514792bcd4ac7910ca63bf0\",\"url\":\"https:\\\/\\\/lartorget.goteborg.se\\\/spraklikt\\\/wp-content\\\/uploads\\\/sites\\\/10\\\/2018\\\/09\\\/AnnaAnna_LandalaGS_1128_web-150x150.jpg\",\"contentUrl\":\"https:\\\/\\\/lartorget.goteborg.se\\\/spraklikt\\\/wp-content\\\/uploads\\\/sites\\\/10\\\/2018\\\/09\\\/AnnaAnna_LandalaGS_1128_web-150x150.jpg\",\"caption\":\"Cecilia Lind\"},\"url\":\"https:\\\/\\\/lartorget.goteborg.se\\\/spraklikt\\\/author\\\/cecilia\\\/\"}]}<\/script>\n<!-- \/ Yoast SEO plugin. -->","yoast_head_json":{"title":"L\u00e4slyft i Centrum - Spr\u00e5klIKT","robots":{"index":"index","follow":"follow","max-snippet":"max-snippet:-1","max-image-preview":"max-image-preview:large","max-video-preview":"max-video-preview:-1"},"canonical":"https:\/\/lartorget.goteborg.se\/spraklikt\/2017\/03\/18\/laslyft-i-centrum\/","og_locale":"sv_SE","og_type":"article","og_title":"L\u00e4slyft i Centrum - Spr\u00e5klIKT","og_description":"Det \u00e4r torsdag och klockan b\u00f6rjar n\u00e4rma sig 14.30 d\u00e5 det \u00e5terigen \u00e4r dags f\u00f6r L\u00e4slyft och kollegiala samtal.","og_url":"https:\/\/lartorget.goteborg.se\/spraklikt\/2017\/03\/18\/laslyft-i-centrum\/","og_site_name":"Spr\u00e5klIKT","article_published_time":"2017-03-18T21:45:52+00:00","article_modified_time":"2017-03-28T14:35:10+00:00","og_image":[{"width":424,"height":264,"url":"https:\/\/lartorget.goteborg.se\/spraklikt\/wp-content\/uploads\/sites\/10\/2017\/03\/L\u00e4rsamtal.jpg","type":"image\/jpeg"}],"author":"Cecilia Lind","twitter_card":"summary_large_image","twitter_misc":{"Skriven av":"Cecilia Lind","Ber\u00e4knad l\u00e4stid":"7 minuter"},"schema":{"@context":"https:\/\/schema.org","@graph":[{"@type":"Article","@id":"https:\/\/lartorget.goteborg.se\/spraklikt\/2017\/03\/18\/laslyft-i-centrum\/#article","isPartOf":{"@id":"https:\/\/lartorget.goteborg.se\/spraklikt\/2017\/03\/18\/laslyft-i-centrum\/"},"author":{"name":"Cecilia Lind","@id":"https:\/\/lartorget.goteborg.se\/spraklikt\/#\/schema\/person\/ae12e168cd51488c2a7bb0f31ef95c70"},"headline":"L\u00e4slyft i Centrum","datePublished":"2017-03-18T21:45:52+00:00","dateModified":"2017-03-28T14:35:10+00:00","mainEntityOfPage":{"@id":"https:\/\/lartorget.goteborg.se\/spraklikt\/2017\/03\/18\/laslyft-i-centrum\/"},"wordCount":1415,"commentCount":0,"image":{"@id":"https:\/\/lartorget.goteborg.se\/spraklikt\/2017\/03\/18\/laslyft-i-centrum\/#primaryimage"},"thumbnailUrl":"https:\/\/lartorget.goteborg.se\/spraklikt\/wp-content\/uploads\/sites\/10\/2017\/03\/L\u00e4rsamtal.jpg","articleSection":["Centrum","Grundskola","Grundskola 1-3","Grundskola 4-6","Grundskola 7-9","Kollegialt l\u00e4rande","Spr\u00e5kutveckling"],"inLanguage":"sv-SE","potentialAction":[{"@type":"CommentAction","name":"Comment","target":["https:\/\/lartorget.goteborg.se\/spraklikt\/2017\/03\/18\/laslyft-i-centrum\/#respond"]}]},{"@type":"WebPage","@id":"https:\/\/lartorget.goteborg.se\/spraklikt\/2017\/03\/18\/laslyft-i-centrum\/","url":"https:\/\/lartorget.goteborg.se\/spraklikt\/2017\/03\/18\/laslyft-i-centrum\/","name":"L\u00e4slyft i Centrum - Spr\u00e5klIKT","isPartOf":{"@id":"https:\/\/lartorget.goteborg.se\/spraklikt\/#website"},"primaryImageOfPage":{"@id":"https:\/\/lartorget.goteborg.se\/spraklikt\/2017\/03\/18\/laslyft-i-centrum\/#primaryimage"},"image":{"@id":"https:\/\/lartorget.goteborg.se\/spraklikt\/2017\/03\/18\/laslyft-i-centrum\/#primaryimage"},"thumbnailUrl":"https:\/\/lartorget.goteborg.se\/spraklikt\/wp-content\/uploads\/sites\/10\/2017\/03\/L\u00e4rsamtal.jpg","datePublished":"2017-03-18T21:45:52+00:00","dateModified":"2017-03-28T14:35:10+00:00","author":{"@id":"https:\/\/lartorget.goteborg.se\/spraklikt\/#\/schema\/person\/ae12e168cd51488c2a7bb0f31ef95c70"},"breadcrumb":{"@id":"https:\/\/lartorget.goteborg.se\/spraklikt\/2017\/03\/18\/laslyft-i-centrum\/#breadcrumb"},"inLanguage":"sv-SE","potentialAction":[{"@type":"ReadAction","target":["https:\/\/lartorget.goteborg.se\/spraklikt\/2017\/03\/18\/laslyft-i-centrum\/"]}]},{"@type":"ImageObject","inLanguage":"sv-SE","@id":"https:\/\/lartorget.goteborg.se\/spraklikt\/2017\/03\/18\/laslyft-i-centrum\/#primaryimage","url":"https:\/\/lartorget.goteborg.se\/spraklikt\/wp-content\/uploads\/sites\/10\/2017\/03\/L\u00e4rsamtal.jpg","contentUrl":"https:\/\/lartorget.goteborg.se\/spraklikt\/wp-content\/uploads\/sites\/10\/2017\/03\/L\u00e4rsamtal.jpg","width":424,"height":264,"caption":"Foto: Cecilia Lind"},{"@type":"BreadcrumbList","@id":"https:\/\/lartorget.goteborg.se\/spraklikt\/2017\/03\/18\/laslyft-i-centrum\/#breadcrumb","itemListElement":[{"@type":"ListItem","position":1,"name":"Home","item":"https:\/\/lartorget.goteborg.se\/spraklikt\/"},{"@type":"ListItem","position":2,"name":"L\u00e4slyft i Centrum"}]},{"@type":"WebSite","@id":"https:\/\/lartorget.goteborg.se\/spraklikt\/#website","url":"https:\/\/lartorget.goteborg.se\/spraklikt\/","name":"Spr\u00e5klIKT","description":"En till Pedagogen Gbg-webbplatser webbplats","potentialAction":[{"@type":"SearchAction","target":{"@type":"EntryPoint","urlTemplate":"https:\/\/lartorget.goteborg.se\/spraklikt\/?s={search_term_string}"},"query-input":{"@type":"PropertyValueSpecification","valueRequired":true,"valueName":"search_term_string"}}],"inLanguage":"sv-SE"},{"@type":"Person","@id":"https:\/\/lartorget.goteborg.se\/spraklikt\/#\/schema\/person\/ae12e168cd51488c2a7bb0f31ef95c70","name":"Cecilia Lind","image":{"@type":"ImageObject","inLanguage":"sv-SE","@id":"https:\/\/lartorget.goteborg.se\/spraklikt\/wp-content\/uploads\/sites\/10\/2018\/09\/AnnaAnna_LandalaGS_1128_web-150x150.jpg4c6d73b50514792bcd4ac7910ca63bf0","url":"https:\/\/lartorget.goteborg.se\/spraklikt\/wp-content\/uploads\/sites\/10\/2018\/09\/AnnaAnna_LandalaGS_1128_web-150x150.jpg","contentUrl":"https:\/\/lartorget.goteborg.se\/spraklikt\/wp-content\/uploads\/sites\/10\/2018\/09\/AnnaAnna_LandalaGS_1128_web-150x150.jpg","caption":"Cecilia Lind"},"url":"https:\/\/lartorget.goteborg.se\/spraklikt\/author\/cecilia\/"}]}},"_links":{"self":[{"href":"https:\/\/lartorget.goteborg.se\/spraklikt\/wp-json\/wp\/v2\/posts\/5","targetHints":{"allow":["GET"]}}],"collection":[{"href":"https:\/\/lartorget.goteborg.se\/spraklikt\/wp-json\/wp\/v2\/posts"}],"about":[{"href":"https:\/\/lartorget.goteborg.se\/spraklikt\/wp-json\/wp\/v2\/types\/post"}],"author":[{"embeddable":true,"href":"https:\/\/lartorget.goteborg.se\/spraklikt\/wp-json\/wp\/v2\/users\/25"}],"replies":[{"embeddable":true,"href":"https:\/\/lartorget.goteborg.se\/spraklikt\/wp-json\/wp\/v2\/comments?post=5"}],"version-history":[{"count":20,"href":"https:\/\/lartorget.goteborg.se\/spraklikt\/wp-json\/wp\/v2\/posts\/5\/revisions"}],"predecessor-version":[{"id":62,"href":"https:\/\/lartorget.goteborg.se\/spraklikt\/wp-json\/wp\/v2\/posts\/5\/revisions\/62"}],"wp:featuredmedia":[{"embeddable":true,"href":"https:\/\/lartorget.goteborg.se\/spraklikt\/wp-json\/wp\/v2\/media\/9"}],"wp:attachment":[{"href":"https:\/\/lartorget.goteborg.se\/spraklikt\/wp-json\/wp\/v2\/media?parent=5"}],"wp:term":[{"taxonomy":"category","embeddable":true,"href":"https:\/\/lartorget.goteborg.se\/spraklikt\/wp-json\/wp\/v2\/categories?post=5"},{"taxonomy":"author","embeddable":true,"href":"https:\/\/lartorget.goteborg.se\/spraklikt\/wp-json\/wp\/v2\/coauthors?post=5"}],"curies":[{"name":"wp","href":"https:\/\/api.w.org\/{rel}","templated":true}]}}