
{"id":130,"date":"2017-06-01T15:05:46","date_gmt":"2017-06-01T13:05:46","guid":{"rendered":"https:\/\/lartorget.goteborg.se\/\/spraklikt\/?p=130"},"modified":"2018-05-07T23:22:33","modified_gmt":"2018-05-07T21:22:33","slug":"jalla-las-och-skrivutmaningar-samt-boksamtal","status":"publish","type":"post","link":"https:\/\/lartorget.goteborg.se\/spraklikt\/2017\/06\/01\/jalla-las-och-skrivutmaningar-samt-boksamtal\/","title":{"rendered":"Jalla &#8211; l\u00e4s- och skrivutmaningar samt boksamtal!"},"content":{"rendered":"<p>Mina elever i \u00e5k 8 har den h\u00e4r v\u00e5ren haft i\u00a0uppdrag att utmana sig sj\u00e4lva som l\u00e4sare. Jag brukar genomf\u00f6ra <a href=\"https:\/\/drive.google.com\/file\/d\/0B6eNNPwNNx4NNEt5d3ZFdUdhYVU\/view?usp=sharing\">l\u00e4sintervjuer<\/a> med mina elever f\u00f6r att kunna st\u00f6tta dem i deras l\u00e4sning. Tidigare har jag skapat eller anv\u00e4nt mig av egenh\u00e4ndigt skapade bokpratsfr\u00e5gor att enas kring i gemensamt samtal trots olika b\u00f6cker, men nu \u00a0beh\u00f6vs det knappast l\u00e4ngre. Det finns numera en smidig app\u00a0sedan den 24 april som heter <a href=\"https:\/\/itunes.apple.com\/se\/app\/boksamtal\/id1163620187?mt=8\">Boksamtal<\/a>. Stort tack till V\u00e5rbyskolans elever som skapat appen! H\u00e4r kan du l\u00e4sa mer om <a href=\"http:\/\/www.forfattarskolan.com\/boksamtal.html\">projektet<\/a> bakom.<\/p>\n<p>Inf\u00f6r boksamtalen pratade vi\u00a0om syfte och hur boksamtalen kan bli s\u00e5 meningsfulla som m\u00f6jligt.<\/p>\n<p><img loading=\"lazy\" decoding=\"async\" class=\"alignright size-medium wp-image-136\" src=\"https:\/\/lartorget.goteborg.se\/\/spraklikt\/wp-content\/uploads\/sites\/10\/2017\/05\/Boksamtal-225x300.jpeg\" alt=\"Boksamtal\" width=\"225\" height=\"300\" srcset=\"https:\/\/lartorget.goteborg.se\/spraklikt\/wp-content\/uploads\/sites\/10\/2017\/05\/Boksamtal-225x300.jpeg 225w, https:\/\/lartorget.goteborg.se\/spraklikt\/wp-content\/uploads\/sites\/10\/2017\/05\/Boksamtal-360x480.jpeg 360w, https:\/\/lartorget.goteborg.se\/spraklikt\/wp-content\/uploads\/sites\/10\/2017\/05\/Boksamtal-1084x1445.jpeg 1084w, https:\/\/lartorget.goteborg.se\/spraklikt\/wp-content\/uploads\/sites\/10\/2017\/05\/Boksamtal-531x708.jpeg 531w, https:\/\/lartorget.goteborg.se\/spraklikt\/wp-content\/uploads\/sites\/10\/2017\/05\/Boksamtal-350x467.jpeg 350w, https:\/\/lartorget.goteborg.se\/spraklikt\/wp-content\/uploads\/sites\/10\/2017\/05\/Boksamtal-260x347.jpeg 260w, https:\/\/lartorget.goteborg.se\/spraklikt\/wp-content\/uploads\/sites\/10\/2017\/05\/Boksamtal-768x1024.jpeg 768w\" sizes=\"auto, (max-width: 225px) 100vw, 225px\" \/><\/p>\n<ul>\n<li>V\u00e5ra samtal k\u00e4nnetecknas av\u00a0igenk\u00e4nning och nya perspektiv<\/li>\n<li>Det meningsfulla samtalet \u00e4r eftert\u00e4nksamt och f\u00f6rdjupande<\/li>\n<li>Vi lyssnar intresserat och st\u00e4ller fr\u00e5gor som uppmanar till att ber\u00e4tta mer<\/li>\n<\/ul>\n<p>Appen gillas av b\u00e5de elever och mig. S\u00e5 smidigt och l\u00e4tt att f\u00e5 till \u00e4kta engagerande\u00a0samtal. Eleverna laddade ner appen och d\u00e4refter samtalade de tv\u00e5 och tv\u00e5. Jag cirkulerade runt och lyssnade p\u00e5 elevernas fantastiskt f\u00f6rdjupande boksamtal. S\u00e5v\u00e4l mina elever och jag kan intyga att det \u00e4r ett som utlovat suver\u00e4nt verktyg. Som avrundning, eller exit note, skapade jag en fr\u00e5ga i Google Classroom, en smidig funktion f\u00f6r att snabbt samla in elevernas tankar och reflektioner. Eleverna fick sj\u00e4lva v\u00e4lja ut en meningsfull fr\u00e5ga utifr\u00e5n Boksamtalsappen och sina parsamtal som de skriftligen reflekterade \u00f6ver och delade med sig av till mig.<\/p>\n<p><strong>Jalla &#8211; raka v\u00e4gen! B<\/strong><\/p>\n<p><img loading=\"lazy\" decoding=\"async\" class=\"alignright size-medium wp-image-139\" src=\"https:\/\/lartorget.goteborg.se\/\/spraklikt\/wp-content\/uploads\/sites\/10\/2017\/05\/Fil-000-2-225x300.jpeg\" alt=\"Fil 000 (2)\" width=\"225\" height=\"300\" srcset=\"https:\/\/lartorget.goteborg.se\/spraklikt\/wp-content\/uploads\/sites\/10\/2017\/05\/Fil-000-2-225x300.jpeg 225w, https:\/\/lartorget.goteborg.se\/spraklikt\/wp-content\/uploads\/sites\/10\/2017\/05\/Fil-000-2-360x480.jpeg 360w, https:\/\/lartorget.goteborg.se\/spraklikt\/wp-content\/uploads\/sites\/10\/2017\/05\/Fil-000-2-1084x1445.jpeg 1084w, https:\/\/lartorget.goteborg.se\/spraklikt\/wp-content\/uploads\/sites\/10\/2017\/05\/Fil-000-2-531x708.jpeg 531w, https:\/\/lartorget.goteborg.se\/spraklikt\/wp-content\/uploads\/sites\/10\/2017\/05\/Fil-000-2-350x467.jpeg 350w, https:\/\/lartorget.goteborg.se\/spraklikt\/wp-content\/uploads\/sites\/10\/2017\/05\/Fil-000-2-260x347.jpeg 260w, https:\/\/lartorget.goteborg.se\/spraklikt\/wp-content\/uploads\/sites\/10\/2017\/05\/Fil-000-2-768x1024.jpeg 768w\" sizes=\"auto, (max-width: 225px) 100vw, 225px\" \/>Jag blev lite nyfiken p\u00e5\u00a0ett cirkulationsexemplar av Jalla &#8211; raka v\u00e4gen! B, som kom till skolan. Det \u00e4r ett nytt genrepedagogiskt och st\u00f6ttande arbetsmaterial f\u00f6r svenska som andraspr\u00e5k \u00e5k 7-9; f\u00f6rfattad av Terese Andersson och Tiia Ojala. Smakprov hittas h\u00e4r: <a href=\"http:\/\/www.smakprov.se\/smakprov.php?isbn=9789140693518&amp;l=gleerups\">Jalla &#8211; raka v\u00e4gen<\/a>.<\/p>\n<p>Det som lockade mig med arbetsmaterialet var\u00a0att den bygger p\u00e5 cirkelmodellen, utg\u00e5r fr\u00e5n texttyper, erbjuder\u00a0rikligt med st\u00f6dstrukturer och skrivmallar, och att fokus ligger p\u00e5 kommunikativ spr\u00e5kutveckling, samt att texterna verkade elevn\u00e4ra, autentiska och engagerande.<\/p>\n<p>Jag plockade in en aktivitet fr\u00e5n\u00a0kapitlet \u00a0&#8221;Att arbeta med att h\u00e5lla tal&#8221; eftersom det passade in i det p\u00e5g\u00e5ende retorikarbetet som vi arbetar med i undervisningen svenska\/svenska som andraspr\u00e5k \u00e5k 8. Vi l\u00e4ste och lyssnade samtidigt till Timbuktus tacktal. Texten \u00e5terfinns \u00e4ven <a href=\"http:\/\/www.svenskatal.se\/20131204-jason-diakite-timbuktu-tal-i-riksdagen-under-fem-i-tolv-rorelsens-manifestation\/\">h\u00e4r<\/a>\u00a0och videoklippet finns h\u00e4r:<\/p>\n<p>https:\/\/www.youtube.com\/watch?v=5cC5Jt857jY<\/p>\n<p class=\"font_8\"><img loading=\"lazy\" decoding=\"async\" class=\"alignright size-medium wp-image-141\" src=\"https:\/\/lartorget.goteborg.se\/\/spraklikt\/wp-content\/uploads\/sites\/10\/2017\/05\/Fil-001-1-300x225.jpeg\" alt=\"Fil 001 (1)\" width=\"300\" height=\"225\" srcset=\"https:\/\/lartorget.goteborg.se\/spraklikt\/wp-content\/uploads\/sites\/10\/2017\/05\/Fil-001-1-300x225.jpeg 300w, https:\/\/lartorget.goteborg.se\/spraklikt\/wp-content\/uploads\/sites\/10\/2017\/05\/Fil-001-1-360x270.jpeg 360w, https:\/\/lartorget.goteborg.se\/spraklikt\/wp-content\/uploads\/sites\/10\/2017\/05\/Fil-001-1-1084x813.jpeg 1084w, https:\/\/lartorget.goteborg.se\/spraklikt\/wp-content\/uploads\/sites\/10\/2017\/05\/Fil-001-1-531x398.jpeg 531w, https:\/\/lartorget.goteborg.se\/spraklikt\/wp-content\/uploads\/sites\/10\/2017\/05\/Fil-001-1-350x263.jpeg 350w, https:\/\/lartorget.goteborg.se\/spraklikt\/wp-content\/uploads\/sites\/10\/2017\/05\/Fil-001-1-260x195.jpeg 260w, https:\/\/lartorget.goteborg.se\/spraklikt\/wp-content\/uploads\/sites\/10\/2017\/05\/Fil-001-1-768x576.jpeg 768w, https:\/\/lartorget.goteborg.se\/spraklikt\/wp-content\/uploads\/sites\/10\/2017\/05\/Fil-001-1-1024x768.jpeg 1024w\" sizes=\"auto, (max-width: 300px) 100vw, 300px\" \/><\/p>\n<p class=\"font_8\">Vi utgick fr\u00e5n fr\u00e5gorna i l\u00e4romedlet till att samtala och f\u00f6rst\u00e5 texten (se bilden till h\u00f6ger). N\u00e5gra av orden ur talet beh\u00f6vde f\u00f6rklaras n\u00e4rmre:\u00a0 doktrin, diskreditera, merit, ber\u00e4ttiga, yttring.<\/p>\n<p class=\"font_8\">Arbetsmaterialet ger bra med struktur och efter att ha f\u00f6ljt st\u00f6ttningsmallarna i boken kunde alla utifr\u00e5n sin niv\u00e5 skapa egna tacktal enligt m\u00f6nstret f\u00f6r att h\u00e5lla tacktal. I boken ges bland annat f\u00f6ljande f\u00f6rslag:<\/p>\n<blockquote>\n<p class=\"font_8\"><em>Tacka en familjemedlem f\u00f6r allt hen har gjort f\u00f6r dig. Ge tre argument, allts\u00e5 tre exempel p\u00e5 vad hen har gjort f\u00f6r dig som du \u00e4r tacksam f\u00f6r.<\/em><\/p>\n<\/blockquote>\n<p class=\"font_8\">Flera valde att skriva tacktal till sin mamma inf\u00f6r mors dag, andra skrev tacktal t.ex. till favoritf\u00f6rfattare, artister och fotbollsspelare. Talen \u00f6vades och redovisades i sm\u00e5grupper. Jag gillar hur snabbt eleverna genom st\u00f6dstruktur gick fr\u00e5n att l\u00e4sa &#8211; hitta fram till h\u00e5lla-tal-receptet \u00a0och hitta texttypens m\u00f6nster till att starta sin egna kreativa process. Eleverna verkade stolta \u00f6ver sina tal. Jag tror definitivt att den h\u00e4r boken och uppl\u00e4gget passar bra som avstamp b\u00e5de i undervisning inom svenska och svenska som andraspr\u00e5k.<\/p>\n<p class=\"font_8\">S\u00e5 h\u00e4r de sista sk\u00e4lvande lektionerna innan terminen \u00e4r slut\u00a0kanske ni som jag vill passa\u00a0p\u00e5 att uppmuntra eleverna till att h\u00e5lla i och h\u00e5lla ut med l\u00e4sande och skrivande \u00e4ven under sommarlovet. T\u00e4vlingsmomenten kan nog verka lite lockande dessutom.<\/p>\n<p class=\"font_8\"><a href=\"https:\/\/www.xn--jagharlst-12a.se\/\"><strong>Jag har l\u00e4st<\/strong><\/a><\/p>\n<p class=\"font_8\">F\u00f6r att motivera mina elever i \u00e5k 8 att forts\u00e4tta att utmana sig sj\u00e4lva som l\u00e4sare \u00e4ven under sommarlovet kommer jag att anv\u00e4nda mig av\u00a0sidan <a href=\"https:\/\/www.xn--jagharlst-12a.se\/\">&#8221;Jag har l\u00e4st&#8221;<\/a>. Via den l\u00e4nken kan eleverna l\u00e4gga upp enkla bokrecensioner och ber\u00e4tta vad de l\u00e4st och jag f\u00e5r p\u00e5 s\u00e5 s\u00e4tt f\u00e5r jag ta del av\u00a0digitala \u201dvykort\u201d under sommaren. Alla skolor som anv\u00e4nder sidan deltar automatiskt i en t\u00e4vling om att vinna b\u00f6cker till klassen. De skolklasser som l\u00e4st flest b\u00f6cker under sommaren och skickat in sina bidrag \u00a0\u00e4r med och t\u00e4vlar om presentkort till klassen till att k\u00f6pa b\u00f6cker f\u00f6r. F\u00f6rstapriset \u00e4r p\u00e5 3000 kr. Jag har h\u00f6rt mig\u00a0f\u00f6r och satsningen inkluderar inte bara elever i de l\u00e4gre \u00e5rskurserna utan \u00e4ven \u00e4ldre elever. Information som eleven fyller i p\u00e5 <a href=\"http:\/\/Www.jagharlast.se\">www.jagharl\u00e4st.se<\/a> skickas automatiskt b\u00e5de till LegiLexi och till l\u00e4raren.\u00a0P\u00e5 sidan hittas ytterligare informationsmaterial och forskningsartiklar. Ansvarig f\u00f6r t\u00e4vlingen \u00e4r den icke vinstdrivande stiftelsen <a href=\"http:\/\/www.legilexi.org\">LegiLexi Stiftelse<\/a>\u00a0och t\u00e4vlingsperioden p\u00e5g\u00e5r fr\u00e5n 1\/6-till 15\/8 2017.<\/p>\n<p><a href=\"http:\/\/novellix.se\/novelltavling\/\"><strong>Novellix novellt\u00e4vling<\/strong><\/a><\/p>\n<p>Novellix anordnar en novellt\u00e4vling som \u00e4r \u00f6ppen f\u00f6r alla som \u00e4nnu inte fyllt eller fyller 26 \u00e5r under 2017. Temat \u00e4r\u00a0Kaos:\u00a0<em>Oreda. Ovisshet. Komplexitet. Kaos i v\u00e4rlden och kaos i hj\u00e4rnan. Inom naturvetenskapen \u00e4r kaos inte liktydigt med oordning utan ben\u00e4mningen p\u00e5 fenomen d\u00e4r en liten f\u00f6r\u00e4ndring f\u00f6rst\u00e4rks med tidens lopp, n\u00e5got som \u00e4ven kallas fj\u00e4rilseffekten. Vad v\u00e4cker ordet kaos f\u00f6r associationer hos dig? Skriv en novell fritt utifr\u00e5n temat.\u00a0<\/em>Bidrag kan skickas in mellan\u00a0den\u00a0<strong>16 maj till<\/strong>\u00a0<strong>30 juni. Novellen ska vara p\u00e5 mellan 20 000 och 30 000 tecken, inklusive blanksteg. Spara novellen som ett .doc, d\u00f6p filen med ditt namn och novellens titel och skicka den till:\u00a0novelltavling@novellix.se\u00a0(red. t\u00e4vlingen \u00e4r avslutad)<\/strong><\/p>\n<p>F\u00f6r \u00e5k 8\u00a0finns \u00e4ven <a href=\"http:\/\/www.clioonline.se\/index.php?id=711\">lilla novellt\u00e4vlingen<\/a>, ett samarbete mellan Novellix och Bonnier Education, d\u00e4r bidraget skickas till: lillanovelltavlingen@novellix.se. Temat f\u00f6r den novellen \u00e4r f\u00f6r\u00e4ndring:\u00a0f\u00f6r\u00e4ndring i v\u00e4rlden, f\u00f6r\u00e4ndring i livet, f\u00f6r\u00e4ndring i familjen. K\u00e4nslor som \u00e4ndras och relationer som f\u00f6r\u00e4ndras. F\u00f6r\u00e4ndringens tid \u00e4r nu. Novellen\u00a0ska vara 5 000\u20138 000 tecken l\u00e5ng, inklusive blanksteg, och den som t\u00e4vlar m\u00e5ste g\u00e5 i \u00e5ttonde klass. Texten sparas som ett .doc, d\u00f6p filen med namn och novellens titel.<\/p>\n<p>&#8221;N\u00e5v\u00e4l&#8221; &#8211; det var det hele f\u00f6r den h\u00e4r g\u00e5ngen.<\/p>\n<p>\/Cecilia<\/p>\n","protected":false},"excerpt":{"rendered":"<p>I det h\u00e4r inl\u00e4gget vill jag lyfta n\u00e5gra nyheter och tips av varierat slag inom spr\u00e5k, -l\u00e4s- och skrivutveckling. Det f\u00f6rsta \u00e4r en nyutgiven app f\u00f6r boksamtal som r\u00e4tt och sl\u00e4tt heter &#8221;Boksamtal&#8221;, det andra \u00e4r ett nytt l\u00e4romedel i svenska som andraspr\u00e5k &#8221;Jalla &#8211; raka v\u00e4gen! B&#8221;, det tredje \u00e4r en sommarlovsutmaning som heter &#8221;Jag har l\u00e4st&#8221; och det fj\u00e4rde och sista \u00e4r en novellt\u00e4vling som Novellix anordnar.<\/p>\n","protected":false},"author":25,"featured_media":136,"comment_status":"open","ping_status":"open","sticky":false,"template":"","format":"standard","meta":{"_acf_changed":false,"footnotes":""},"categories":[75,294,14,30,101,60],"coauthors":[105],"class_list":["post-130","post","type-post","status-publish","format-standard","has-post-thumbnail","hentry","category-centrum","category-grundskola","category-grundskola-7-9","category-sprakutveckling","category-svenska","category-svenska-som-andrasprak"],"acf":[],"yoast_head":"<!-- This site is optimized with the Yoast SEO plugin v27.5 - https:\/\/yoast.com\/product\/yoast-seo-wordpress\/ -->\n<title>Jalla - l\u00e4s- och skrivutmaningar samt boksamtal! - Spr\u00e5klIKT<\/title>\n<meta name=\"robots\" content=\"index, follow, max-snippet:-1, max-image-preview:large, max-video-preview:-1\" \/>\n<link rel=\"canonical\" href=\"https:\/\/lartorget.goteborg.se\/spraklikt\/2017\/06\/01\/jalla-las-och-skrivutmaningar-samt-boksamtal\/\" \/>\n<meta property=\"og:locale\" content=\"sv_SE\" \/>\n<meta property=\"og:type\" content=\"article\" \/>\n<meta property=\"og:title\" content=\"Jalla - l\u00e4s- och skrivutmaningar samt boksamtal! - Spr\u00e5klIKT\" \/>\n<meta property=\"og:description\" content=\"I det h\u00e4r inl\u00e4gget vill jag lyfta n\u00e5gra nyheter och tips av varierat slag inom spr\u00e5k, -l\u00e4s- och skrivutveckling. Det f\u00f6rsta \u00e4r en nyutgiven app f\u00f6r boksamtal som r\u00e4tt och sl\u00e4tt heter &quot;Boksamtal&quot;, det andra \u00e4r ett nytt l\u00e4romedel i svenska som andraspr\u00e5k &quot;Jalla - raka v\u00e4gen! B&quot;, det tredje \u00e4r en sommarlovsutmaning som heter &quot;Jag har l\u00e4st&quot; och det fj\u00e4rde och sista \u00e4r en novellt\u00e4vling som Novellix anordnar.\" \/>\n<meta property=\"og:url\" content=\"https:\/\/lartorget.goteborg.se\/spraklikt\/2017\/06\/01\/jalla-las-och-skrivutmaningar-samt-boksamtal\/\" \/>\n<meta property=\"og:site_name\" content=\"Spr\u00e5klIKT\" \/>\n<meta property=\"article:published_time\" content=\"2017-06-01T13:05:46+00:00\" \/>\n<meta property=\"article:modified_time\" content=\"2018-05-07T21:22:33+00:00\" \/>\n<meta property=\"og:image\" content=\"https:\/\/lartorget.goteborg.se\/spraklikt\/wp-content\/uploads\/sites\/10\/2017\/05\/Boksamtal.jpeg\" \/>\n\t<meta property=\"og:image:width\" content=\"3024\" \/>\n\t<meta property=\"og:image:height\" content=\"4032\" \/>\n\t<meta property=\"og:image:type\" content=\"image\/jpeg\" \/>\n<meta name=\"author\" content=\"Cecilia Lind\" \/>\n<meta name=\"twitter:card\" content=\"summary_large_image\" \/>\n<meta name=\"twitter:label1\" content=\"Skriven av\" \/>\n\t<meta name=\"twitter:data1\" content=\"Cecilia Lind\" \/>\n\t<meta name=\"twitter:label2\" content=\"Ber\u00e4knad l\u00e4stid\" \/>\n\t<meta name=\"twitter:data2\" content=\"6 minuter\" \/>\n<script type=\"application\/ld+json\" class=\"yoast-schema-graph\">{\"@context\":\"https:\\\/\\\/schema.org\",\"@graph\":[{\"@type\":\"Article\",\"@id\":\"https:\\\/\\\/lartorget.goteborg.se\\\/spraklikt\\\/2017\\\/06\\\/01\\\/jalla-las-och-skrivutmaningar-samt-boksamtal\\\/#article\",\"isPartOf\":{\"@id\":\"https:\\\/\\\/lartorget.goteborg.se\\\/spraklikt\\\/2017\\\/06\\\/01\\\/jalla-las-och-skrivutmaningar-samt-boksamtal\\\/\"},\"author\":{\"name\":\"Cecilia Lind\",\"@id\":\"https:\\\/\\\/lartorget.goteborg.se\\\/spraklikt\\\/#\\\/schema\\\/person\\\/ae12e168cd51488c2a7bb0f31ef95c70\"},\"headline\":\"Jalla &#8211; l\u00e4s- och skrivutmaningar samt boksamtal!\",\"datePublished\":\"2017-06-01T13:05:46+00:00\",\"dateModified\":\"2018-05-07T21:22:33+00:00\",\"mainEntityOfPage\":{\"@id\":\"https:\\\/\\\/lartorget.goteborg.se\\\/spraklikt\\\/2017\\\/06\\\/01\\\/jalla-las-och-skrivutmaningar-samt-boksamtal\\\/\"},\"wordCount\":1140,\"commentCount\":0,\"image\":{\"@id\":\"https:\\\/\\\/lartorget.goteborg.se\\\/spraklikt\\\/2017\\\/06\\\/01\\\/jalla-las-och-skrivutmaningar-samt-boksamtal\\\/#primaryimage\"},\"thumbnailUrl\":\"https:\\\/\\\/lartorget.goteborg.se\\\/spraklikt\\\/wp-content\\\/uploads\\\/sites\\\/10\\\/2017\\\/05\\\/Boksamtal.jpeg\",\"keywords\":[\"appar\",\"boksamtal\",\"digitalisering\",\"l\u00e4romedel\",\"noveller\",\"retorik\",\"spr\u00e5kutvecklande\",\"svenska\",\"svenska som andraspr\u00e5k\",\"textsamtal\",\"texttyper\",\"utmaningar\"],\"articleSection\":[\"Centrum\",\"Grundskola\",\"Grundskola 7-9\",\"Spr\u00e5kutveckling\",\"Svenska\",\"Svenska som andraspr\u00e5k\"],\"inLanguage\":\"sv-SE\",\"potentialAction\":[{\"@type\":\"CommentAction\",\"name\":\"Comment\",\"target\":[\"https:\\\/\\\/lartorget.goteborg.se\\\/spraklikt\\\/2017\\\/06\\\/01\\\/jalla-las-och-skrivutmaningar-samt-boksamtal\\\/#respond\"]}]},{\"@type\":\"WebPage\",\"@id\":\"https:\\\/\\\/lartorget.goteborg.se\\\/spraklikt\\\/2017\\\/06\\\/01\\\/jalla-las-och-skrivutmaningar-samt-boksamtal\\\/\",\"url\":\"https:\\\/\\\/lartorget.goteborg.se\\\/spraklikt\\\/2017\\\/06\\\/01\\\/jalla-las-och-skrivutmaningar-samt-boksamtal\\\/\",\"name\":\"Jalla - l\u00e4s- och skrivutmaningar samt boksamtal! - Spr\u00e5klIKT\",\"isPartOf\":{\"@id\":\"https:\\\/\\\/lartorget.goteborg.se\\\/spraklikt\\\/#website\"},\"primaryImageOfPage\":{\"@id\":\"https:\\\/\\\/lartorget.goteborg.se\\\/spraklikt\\\/2017\\\/06\\\/01\\\/jalla-las-och-skrivutmaningar-samt-boksamtal\\\/#primaryimage\"},\"image\":{\"@id\":\"https:\\\/\\\/lartorget.goteborg.se\\\/spraklikt\\\/2017\\\/06\\\/01\\\/jalla-las-och-skrivutmaningar-samt-boksamtal\\\/#primaryimage\"},\"thumbnailUrl\":\"https:\\\/\\\/lartorget.goteborg.se\\\/spraklikt\\\/wp-content\\\/uploads\\\/sites\\\/10\\\/2017\\\/05\\\/Boksamtal.jpeg\",\"datePublished\":\"2017-06-01T13:05:46+00:00\",\"dateModified\":\"2018-05-07T21:22:33+00:00\",\"author\":{\"@id\":\"https:\\\/\\\/lartorget.goteborg.se\\\/spraklikt\\\/#\\\/schema\\\/person\\\/ae12e168cd51488c2a7bb0f31ef95c70\"},\"breadcrumb\":{\"@id\":\"https:\\\/\\\/lartorget.goteborg.se\\\/spraklikt\\\/2017\\\/06\\\/01\\\/jalla-las-och-skrivutmaningar-samt-boksamtal\\\/#breadcrumb\"},\"inLanguage\":\"sv-SE\",\"potentialAction\":[{\"@type\":\"ReadAction\",\"target\":[\"https:\\\/\\\/lartorget.goteborg.se\\\/spraklikt\\\/2017\\\/06\\\/01\\\/jalla-las-och-skrivutmaningar-samt-boksamtal\\\/\"]}]},{\"@type\":\"ImageObject\",\"inLanguage\":\"sv-SE\",\"@id\":\"https:\\\/\\\/lartorget.goteborg.se\\\/spraklikt\\\/2017\\\/06\\\/01\\\/jalla-las-och-skrivutmaningar-samt-boksamtal\\\/#primaryimage\",\"url\":\"https:\\\/\\\/lartorget.goteborg.se\\\/spraklikt\\\/wp-content\\\/uploads\\\/sites\\\/10\\\/2017\\\/05\\\/Boksamtal.jpeg\",\"contentUrl\":\"https:\\\/\\\/lartorget.goteborg.se\\\/spraklikt\\\/wp-content\\\/uploads\\\/sites\\\/10\\\/2017\\\/05\\\/Boksamtal.jpeg\",\"width\":3024,\"height\":4032},{\"@type\":\"BreadcrumbList\",\"@id\":\"https:\\\/\\\/lartorget.goteborg.se\\\/spraklikt\\\/2017\\\/06\\\/01\\\/jalla-las-och-skrivutmaningar-samt-boksamtal\\\/#breadcrumb\",\"itemListElement\":[{\"@type\":\"ListItem\",\"position\":1,\"name\":\"Home\",\"item\":\"https:\\\/\\\/lartorget.goteborg.se\\\/spraklikt\\\/\"},{\"@type\":\"ListItem\",\"position\":2,\"name\":\"Jalla &#8211; l\u00e4s- och skrivutmaningar samt boksamtal!\"}]},{\"@type\":\"WebSite\",\"@id\":\"https:\\\/\\\/lartorget.goteborg.se\\\/spraklikt\\\/#website\",\"url\":\"https:\\\/\\\/lartorget.goteborg.se\\\/spraklikt\\\/\",\"name\":\"Spr\u00e5klIKT\",\"description\":\"En till Pedagogen Gbg-webbplatser webbplats\",\"potentialAction\":[{\"@type\":\"SearchAction\",\"target\":{\"@type\":\"EntryPoint\",\"urlTemplate\":\"https:\\\/\\\/lartorget.goteborg.se\\\/spraklikt\\\/?s={search_term_string}\"},\"query-input\":{\"@type\":\"PropertyValueSpecification\",\"valueRequired\":true,\"valueName\":\"search_term_string\"}}],\"inLanguage\":\"sv-SE\"},{\"@type\":\"Person\",\"@id\":\"https:\\\/\\\/lartorget.goteborg.se\\\/spraklikt\\\/#\\\/schema\\\/person\\\/ae12e168cd51488c2a7bb0f31ef95c70\",\"name\":\"Cecilia Lind\",\"image\":{\"@type\":\"ImageObject\",\"inLanguage\":\"sv-SE\",\"@id\":\"https:\\\/\\\/lartorget.goteborg.se\\\/spraklikt\\\/wp-content\\\/uploads\\\/sites\\\/10\\\/2018\\\/09\\\/AnnaAnna_LandalaGS_1128_web-150x150.jpg4c6d73b50514792bcd4ac7910ca63bf0\",\"url\":\"https:\\\/\\\/lartorget.goteborg.se\\\/spraklikt\\\/wp-content\\\/uploads\\\/sites\\\/10\\\/2018\\\/09\\\/AnnaAnna_LandalaGS_1128_web-150x150.jpg\",\"contentUrl\":\"https:\\\/\\\/lartorget.goteborg.se\\\/spraklikt\\\/wp-content\\\/uploads\\\/sites\\\/10\\\/2018\\\/09\\\/AnnaAnna_LandalaGS_1128_web-150x150.jpg\",\"caption\":\"Cecilia Lind\"},\"url\":\"https:\\\/\\\/lartorget.goteborg.se\\\/spraklikt\\\/author\\\/cecilia\\\/\"}]}<\/script>\n<!-- \/ Yoast SEO plugin. -->","yoast_head_json":{"title":"Jalla - l\u00e4s- och skrivutmaningar samt boksamtal! - Spr\u00e5klIKT","robots":{"index":"index","follow":"follow","max-snippet":"max-snippet:-1","max-image-preview":"max-image-preview:large","max-video-preview":"max-video-preview:-1"},"canonical":"https:\/\/lartorget.goteborg.se\/spraklikt\/2017\/06\/01\/jalla-las-och-skrivutmaningar-samt-boksamtal\/","og_locale":"sv_SE","og_type":"article","og_title":"Jalla - l\u00e4s- och skrivutmaningar samt boksamtal! - Spr\u00e5klIKT","og_description":"I det h\u00e4r inl\u00e4gget vill jag lyfta n\u00e5gra nyheter och tips av varierat slag inom spr\u00e5k, -l\u00e4s- och skrivutveckling. Det f\u00f6rsta \u00e4r en nyutgiven app f\u00f6r boksamtal som r\u00e4tt och sl\u00e4tt heter \"Boksamtal\", det andra \u00e4r ett nytt l\u00e4romedel i svenska som andraspr\u00e5k \"Jalla - raka v\u00e4gen! B\", det tredje \u00e4r en sommarlovsutmaning som heter \"Jag har l\u00e4st\" och det fj\u00e4rde och sista \u00e4r en novellt\u00e4vling som Novellix anordnar.","og_url":"https:\/\/lartorget.goteborg.se\/spraklikt\/2017\/06\/01\/jalla-las-och-skrivutmaningar-samt-boksamtal\/","og_site_name":"Spr\u00e5klIKT","article_published_time":"2017-06-01T13:05:46+00:00","article_modified_time":"2018-05-07T21:22:33+00:00","og_image":[{"width":3024,"height":4032,"url":"https:\/\/lartorget.goteborg.se\/spraklikt\/wp-content\/uploads\/sites\/10\/2017\/05\/Boksamtal.jpeg","type":"image\/jpeg"}],"author":"Cecilia Lind","twitter_card":"summary_large_image","twitter_misc":{"Skriven av":"Cecilia Lind","Ber\u00e4knad l\u00e4stid":"6 minuter"},"schema":{"@context":"https:\/\/schema.org","@graph":[{"@type":"Article","@id":"https:\/\/lartorget.goteborg.se\/spraklikt\/2017\/06\/01\/jalla-las-och-skrivutmaningar-samt-boksamtal\/#article","isPartOf":{"@id":"https:\/\/lartorget.goteborg.se\/spraklikt\/2017\/06\/01\/jalla-las-och-skrivutmaningar-samt-boksamtal\/"},"author":{"name":"Cecilia Lind","@id":"https:\/\/lartorget.goteborg.se\/spraklikt\/#\/schema\/person\/ae12e168cd51488c2a7bb0f31ef95c70"},"headline":"Jalla &#8211; l\u00e4s- och skrivutmaningar samt boksamtal!","datePublished":"2017-06-01T13:05:46+00:00","dateModified":"2018-05-07T21:22:33+00:00","mainEntityOfPage":{"@id":"https:\/\/lartorget.goteborg.se\/spraklikt\/2017\/06\/01\/jalla-las-och-skrivutmaningar-samt-boksamtal\/"},"wordCount":1140,"commentCount":0,"image":{"@id":"https:\/\/lartorget.goteborg.se\/spraklikt\/2017\/06\/01\/jalla-las-och-skrivutmaningar-samt-boksamtal\/#primaryimage"},"thumbnailUrl":"https:\/\/lartorget.goteborg.se\/spraklikt\/wp-content\/uploads\/sites\/10\/2017\/05\/Boksamtal.jpeg","keywords":["appar","boksamtal","digitalisering","l\u00e4romedel","noveller","retorik","spr\u00e5kutvecklande","svenska","svenska som andraspr\u00e5k","textsamtal","texttyper","utmaningar"],"articleSection":["Centrum","Grundskola","Grundskola 7-9","Spr\u00e5kutveckling","Svenska","Svenska som andraspr\u00e5k"],"inLanguage":"sv-SE","potentialAction":[{"@type":"CommentAction","name":"Comment","target":["https:\/\/lartorget.goteborg.se\/spraklikt\/2017\/06\/01\/jalla-las-och-skrivutmaningar-samt-boksamtal\/#respond"]}]},{"@type":"WebPage","@id":"https:\/\/lartorget.goteborg.se\/spraklikt\/2017\/06\/01\/jalla-las-och-skrivutmaningar-samt-boksamtal\/","url":"https:\/\/lartorget.goteborg.se\/spraklikt\/2017\/06\/01\/jalla-las-och-skrivutmaningar-samt-boksamtal\/","name":"Jalla - l\u00e4s- och skrivutmaningar samt boksamtal! - Spr\u00e5klIKT","isPartOf":{"@id":"https:\/\/lartorget.goteborg.se\/spraklikt\/#website"},"primaryImageOfPage":{"@id":"https:\/\/lartorget.goteborg.se\/spraklikt\/2017\/06\/01\/jalla-las-och-skrivutmaningar-samt-boksamtal\/#primaryimage"},"image":{"@id":"https:\/\/lartorget.goteborg.se\/spraklikt\/2017\/06\/01\/jalla-las-och-skrivutmaningar-samt-boksamtal\/#primaryimage"},"thumbnailUrl":"https:\/\/lartorget.goteborg.se\/spraklikt\/wp-content\/uploads\/sites\/10\/2017\/05\/Boksamtal.jpeg","datePublished":"2017-06-01T13:05:46+00:00","dateModified":"2018-05-07T21:22:33+00:00","author":{"@id":"https:\/\/lartorget.goteborg.se\/spraklikt\/#\/schema\/person\/ae12e168cd51488c2a7bb0f31ef95c70"},"breadcrumb":{"@id":"https:\/\/lartorget.goteborg.se\/spraklikt\/2017\/06\/01\/jalla-las-och-skrivutmaningar-samt-boksamtal\/#breadcrumb"},"inLanguage":"sv-SE","potentialAction":[{"@type":"ReadAction","target":["https:\/\/lartorget.goteborg.se\/spraklikt\/2017\/06\/01\/jalla-las-och-skrivutmaningar-samt-boksamtal\/"]}]},{"@type":"ImageObject","inLanguage":"sv-SE","@id":"https:\/\/lartorget.goteborg.se\/spraklikt\/2017\/06\/01\/jalla-las-och-skrivutmaningar-samt-boksamtal\/#primaryimage","url":"https:\/\/lartorget.goteborg.se\/spraklikt\/wp-content\/uploads\/sites\/10\/2017\/05\/Boksamtal.jpeg","contentUrl":"https:\/\/lartorget.goteborg.se\/spraklikt\/wp-content\/uploads\/sites\/10\/2017\/05\/Boksamtal.jpeg","width":3024,"height":4032},{"@type":"BreadcrumbList","@id":"https:\/\/lartorget.goteborg.se\/spraklikt\/2017\/06\/01\/jalla-las-och-skrivutmaningar-samt-boksamtal\/#breadcrumb","itemListElement":[{"@type":"ListItem","position":1,"name":"Home","item":"https:\/\/lartorget.goteborg.se\/spraklikt\/"},{"@type":"ListItem","position":2,"name":"Jalla &#8211; l\u00e4s- och skrivutmaningar samt boksamtal!"}]},{"@type":"WebSite","@id":"https:\/\/lartorget.goteborg.se\/spraklikt\/#website","url":"https:\/\/lartorget.goteborg.se\/spraklikt\/","name":"Spr\u00e5klIKT","description":"En till Pedagogen Gbg-webbplatser webbplats","potentialAction":[{"@type":"SearchAction","target":{"@type":"EntryPoint","urlTemplate":"https:\/\/lartorget.goteborg.se\/spraklikt\/?s={search_term_string}"},"query-input":{"@type":"PropertyValueSpecification","valueRequired":true,"valueName":"search_term_string"}}],"inLanguage":"sv-SE"},{"@type":"Person","@id":"https:\/\/lartorget.goteborg.se\/spraklikt\/#\/schema\/person\/ae12e168cd51488c2a7bb0f31ef95c70","name":"Cecilia Lind","image":{"@type":"ImageObject","inLanguage":"sv-SE","@id":"https:\/\/lartorget.goteborg.se\/spraklikt\/wp-content\/uploads\/sites\/10\/2018\/09\/AnnaAnna_LandalaGS_1128_web-150x150.jpg4c6d73b50514792bcd4ac7910ca63bf0","url":"https:\/\/lartorget.goteborg.se\/spraklikt\/wp-content\/uploads\/sites\/10\/2018\/09\/AnnaAnna_LandalaGS_1128_web-150x150.jpg","contentUrl":"https:\/\/lartorget.goteborg.se\/spraklikt\/wp-content\/uploads\/sites\/10\/2018\/09\/AnnaAnna_LandalaGS_1128_web-150x150.jpg","caption":"Cecilia Lind"},"url":"https:\/\/lartorget.goteborg.se\/spraklikt\/author\/cecilia\/"}]}},"_links":{"self":[{"href":"https:\/\/lartorget.goteborg.se\/spraklikt\/wp-json\/wp\/v2\/posts\/130","targetHints":{"allow":["GET"]}}],"collection":[{"href":"https:\/\/lartorget.goteborg.se\/spraklikt\/wp-json\/wp\/v2\/posts"}],"about":[{"href":"https:\/\/lartorget.goteborg.se\/spraklikt\/wp-json\/wp\/v2\/types\/post"}],"author":[{"embeddable":true,"href":"https:\/\/lartorget.goteborg.se\/spraklikt\/wp-json\/wp\/v2\/users\/25"}],"replies":[{"embeddable":true,"href":"https:\/\/lartorget.goteborg.se\/spraklikt\/wp-json\/wp\/v2\/comments?post=130"}],"version-history":[{"count":30,"href":"https:\/\/lartorget.goteborg.se\/spraklikt\/wp-json\/wp\/v2\/posts\/130\/revisions"}],"predecessor-version":[{"id":829,"href":"https:\/\/lartorget.goteborg.se\/spraklikt\/wp-json\/wp\/v2\/posts\/130\/revisions\/829"}],"wp:featuredmedia":[{"embeddable":true,"href":"https:\/\/lartorget.goteborg.se\/spraklikt\/wp-json\/wp\/v2\/media\/136"}],"wp:attachment":[{"href":"https:\/\/lartorget.goteborg.se\/spraklikt\/wp-json\/wp\/v2\/media?parent=130"}],"wp:term":[{"taxonomy":"category","embeddable":true,"href":"https:\/\/lartorget.goteborg.se\/spraklikt\/wp-json\/wp\/v2\/categories?post=130"},{"taxonomy":"author","embeddable":true,"href":"https:\/\/lartorget.goteborg.se\/spraklikt\/wp-json\/wp\/v2\/coauthors?post=130"}],"curies":[{"name":"wp","href":"https:\/\/api.w.org\/{rel}","templated":true}]}}