
{"id":247,"name":"Anna Ahlcrona","url":"","description":"","link":"https:\/\/lartorget.goteborg.se\/r2l\/author\/annaahlcrona\/","slug":"annaahlcrona","avatar_urls":{"24":"\/\/lartorget.goteborg.se\/r2l\/wp-content\/uploads\/sites\/35\/2019\/09\/IMG_9212-50x50.jpg","48":"\/\/lartorget.goteborg.se\/r2l\/wp-content\/uploads\/sites\/35\/2019\/09\/IMG_9212-50x50.jpg","96":"\/\/lartorget.goteborg.se\/r2l\/wp-content\/uploads\/sites\/35\/2019\/09\/IMG_9212-150x150.jpg"},"meta":[],"acf":[],"yoast_head":"<!-- This site is optimized with the Yoast SEO plugin v27.5 - https:\/\/yoast.com\/product\/yoast-seo-wordpress\/ -->\n<title>Anna Ahlcrona, f\u00f6rfattare p\u00e5 \u00c4mnes\u00f6verskridande undervisning med R2L<\/title>\n<meta name=\"robots\" content=\"index, follow, max-snippet:-1, max-image-preview:large, max-video-preview:-1\" \/>\n<link rel=\"canonical\" href=\"https:\/\/lartorget.goteborg.se\/r2l\/author\/annaahlcrona\/\" \/>\n<meta property=\"og:locale\" content=\"sv_SE\" \/>\n<meta property=\"og:type\" content=\"profile\" \/>\n<meta property=\"og:title\" content=\"Anna Ahlcrona, f\u00f6rfattare p\u00e5 \u00c4mnes\u00f6verskridande undervisning med R2L\" \/>\n<meta property=\"og:url\" content=\"https:\/\/lartorget.goteborg.se\/r2l\/author\/annaahlcrona\/\" \/>\n<meta property=\"og:site_name\" content=\"\u00c4mnes\u00f6verskridande undervisning med R2L\" \/>\n<meta property=\"og:image\" content=\"\/\/lartorget.goteborg.se\/r2l\/wp-content\/uploads\/sites\/35\/2019\/09\/IMG_9212.jpg\" \/>\n<meta name=\"twitter:card\" content=\"summary_large_image\" \/>\n<script type=\"application\/ld+json\" class=\"yoast-schema-graph\">{\"@context\":\"https:\\\/\\\/schema.org\",\"@graph\":[{\"@type\":\"ProfilePage\",\"@id\":\"https:\\\/\\\/lartorget.goteborg.se\\\/r2l\\\/author\\\/annaahlcrona\\\/\",\"url\":\"https:\\\/\\\/lartorget.goteborg.se\\\/r2l\\\/author\\\/annaahlcrona\\\/\",\"name\":\"Anna Ahlcrona, f\u00f6rfattare p\u00e5 \u00c4mnes\u00f6verskridande undervisning med R2L\",\"isPartOf\":{\"@id\":\"https:\\\/\\\/lartorget.goteborg.se\\\/r2l\\\/#website\"},\"breadcrumb\":{\"@id\":\"https:\\\/\\\/lartorget.goteborg.se\\\/r2l\\\/author\\\/annaahlcrona\\\/#breadcrumb\"},\"inLanguage\":\"sv-SE\",\"potentialAction\":[{\"@type\":\"ReadAction\",\"target\":[\"https:\\\/\\\/lartorget.goteborg.se\\\/r2l\\\/author\\\/annaahlcrona\\\/\"]}]},{\"@type\":\"BreadcrumbList\",\"@id\":\"https:\\\/\\\/lartorget.goteborg.se\\\/r2l\\\/author\\\/annaahlcrona\\\/#breadcrumb\",\"itemListElement\":[{\"@type\":\"ListItem\",\"position\":1,\"name\":\"Hem\",\"item\":\"https:\\\/\\\/lartorget.goteborg.se\\\/r2l\\\/\"},{\"@type\":\"ListItem\",\"position\":2,\"name\":\"Arkiv f\u00f6r Anna Ahlcrona\"}]},{\"@type\":\"WebSite\",\"@id\":\"https:\\\/\\\/lartorget.goteborg.se\\\/r2l\\\/#website\",\"url\":\"https:\\\/\\\/lartorget.goteborg.se\\\/r2l\\\/\",\"name\":\"\u00c4mnes\u00f6verskridande undervisning med R2L\",\"description\":\"En till Pedagogen Gbg-webbplatser webbplats\",\"potentialAction\":[{\"@type\":\"SearchAction\",\"target\":{\"@type\":\"EntryPoint\",\"urlTemplate\":\"https:\\\/\\\/lartorget.goteborg.se\\\/r2l\\\/?s={search_term_string}\"},\"query-input\":{\"@type\":\"PropertyValueSpecification\",\"valueRequired\":true,\"valueName\":\"search_term_string\"}}],\"inLanguage\":\"sv-SE\"},{\"@type\":\"Person\",\"@id\":\"https:\\\/\\\/lartorget.goteborg.se\\\/r2l\\\/#\\\/schema\\\/person\\\/892bf4cc643bb2eec7b5bc0a70fc9a82\",\"name\":\"Anna Ahlcrona\",\"image\":{\"@type\":\"ImageObject\",\"inLanguage\":\"sv-SE\",\"@id\":\"\\\/\\\/lartorget.goteborg.se\\\/r2l\\\/wp-content\\\/uploads\\\/sites\\\/35\\\/2019\\\/09\\\/IMG_9212-150x150.jpg9bf0b744fdf1dc46d1475e6e6f291955\",\"url\":\"\\\/\\\/lartorget.goteborg.se\\\/r2l\\\/wp-content\\\/uploads\\\/sites\\\/35\\\/2019\\\/09\\\/IMG_9212-150x150.jpg\",\"contentUrl\":\"\\\/\\\/lartorget.goteborg.se\\\/r2l\\\/wp-content\\\/uploads\\\/sites\\\/35\\\/2019\\\/09\\\/IMG_9212-150x150.jpg\",\"caption\":\"Anna Ahlcrona\"},\"mainEntityOfPage\":{\"@id\":\"https:\\\/\\\/lartorget.goteborg.se\\\/r2l\\\/author\\\/annaahlcrona\\\/\"}}]}<\/script>\n<!-- \/ Yoast SEO plugin. -->","yoast_head_json":{"title":"Anna Ahlcrona, f\u00f6rfattare p\u00e5 \u00c4mnes\u00f6verskridande undervisning med R2L","robots":{"index":"index","follow":"follow","max-snippet":"max-snippet:-1","max-image-preview":"max-image-preview:large","max-video-preview":"max-video-preview:-1"},"canonical":"https:\/\/lartorget.goteborg.se\/r2l\/author\/annaahlcrona\/","og_locale":"sv_SE","og_type":"profile","og_title":"Anna Ahlcrona, f\u00f6rfattare p\u00e5 \u00c4mnes\u00f6verskridande undervisning med R2L","og_url":"https:\/\/lartorget.goteborg.se\/r2l\/author\/annaahlcrona\/","og_site_name":"\u00c4mnes\u00f6verskridande undervisning med R2L","og_image":[{"url":"\/\/lartorget.goteborg.se\/r2l\/wp-content\/uploads\/sites\/35\/2019\/09\/IMG_9212.jpg","type":"","width":"","height":""}],"twitter_card":"summary_large_image","schema":{"@context":"https:\/\/schema.org","@graph":[{"@type":"ProfilePage","@id":"https:\/\/lartorget.goteborg.se\/r2l\/author\/annaahlcrona\/","url":"https:\/\/lartorget.goteborg.se\/r2l\/author\/annaahlcrona\/","name":"Anna Ahlcrona, f\u00f6rfattare p\u00e5 \u00c4mnes\u00f6verskridande undervisning med R2L","isPartOf":{"@id":"https:\/\/lartorget.goteborg.se\/r2l\/#website"},"breadcrumb":{"@id":"https:\/\/lartorget.goteborg.se\/r2l\/author\/annaahlcrona\/#breadcrumb"},"inLanguage":"sv-SE","potentialAction":[{"@type":"ReadAction","target":["https:\/\/lartorget.goteborg.se\/r2l\/author\/annaahlcrona\/"]}]},{"@type":"BreadcrumbList","@id":"https:\/\/lartorget.goteborg.se\/r2l\/author\/annaahlcrona\/#breadcrumb","itemListElement":[{"@type":"ListItem","position":1,"name":"Hem","item":"https:\/\/lartorget.goteborg.se\/r2l\/"},{"@type":"ListItem","position":2,"name":"Arkiv f\u00f6r Anna Ahlcrona"}]},{"@type":"WebSite","@id":"https:\/\/lartorget.goteborg.se\/r2l\/#website","url":"https:\/\/lartorget.goteborg.se\/r2l\/","name":"\u00c4mnes\u00f6verskridande undervisning med R2L","description":"En till Pedagogen Gbg-webbplatser webbplats","potentialAction":[{"@type":"SearchAction","target":{"@type":"EntryPoint","urlTemplate":"https:\/\/lartorget.goteborg.se\/r2l\/?s={search_term_string}"},"query-input":{"@type":"PropertyValueSpecification","valueRequired":true,"valueName":"search_term_string"}}],"inLanguage":"sv-SE"},{"@type":"Person","@id":"https:\/\/lartorget.goteborg.se\/r2l\/#\/schema\/person\/892bf4cc643bb2eec7b5bc0a70fc9a82","name":"Anna Ahlcrona","image":{"@type":"ImageObject","inLanguage":"sv-SE","@id":"\/\/lartorget.goteborg.se\/r2l\/wp-content\/uploads\/sites\/35\/2019\/09\/IMG_9212-150x150.jpg9bf0b744fdf1dc46d1475e6e6f291955","url":"\/\/lartorget.goteborg.se\/r2l\/wp-content\/uploads\/sites\/35\/2019\/09\/IMG_9212-150x150.jpg","contentUrl":"\/\/lartorget.goteborg.se\/r2l\/wp-content\/uploads\/sites\/35\/2019\/09\/IMG_9212-150x150.jpg","caption":"Anna Ahlcrona"},"mainEntityOfPage":{"@id":"https:\/\/lartorget.goteborg.se\/r2l\/author\/annaahlcrona\/"}}]}},"_links":{"self":[{"href":"https:\/\/lartorget.goteborg.se\/r2l\/wp-json\/wp\/v2\/users\/247","targetHints":{"allow":["GET"]}}],"collection":[{"href":"https:\/\/lartorget.goteborg.se\/r2l\/wp-json\/wp\/v2\/users"}]}}