
{"id":186,"date":"2022-03-21T09:35:52","date_gmt":"2022-03-21T08:35:52","guid":{"rendered":"https:\/\/lartorget.goteborg.se\/orienteringidigitalkompetens\/?p=186"},"modified":"2022-10-25T13:14:10","modified_gmt":"2022-10-25T11:14:10","slug":"mik-behover-ske-i-samverkan-med-barn-och-elever","status":"publish","type":"post","link":"https:\/\/lartorget.goteborg.se\/orienteringidigitalkompetens\/2022\/03\/21\/mik-behover-ske-i-samverkan-med-barn-och-elever\/","title":{"rendered":"MIK beh\u00f6ver ske i samverkan med barn och elever"},"content":{"rendered":"<p>Maarit f\u00f6rklarar vidare att vuxna \u00e4r d\u00e4r f\u00f6r att st\u00e4lla fr\u00e5gor, ge bakgrund och kontext. Samt att hj\u00e4lpa till att g\u00e5 djupare in i medieanv\u00e4ndningen. Och att det \u00e4r viktigt att pedagogerna i andra \u00e4ndan anv\u00e4nder sig av de unga f\u00f6r att l\u00e4ra sig mer om deras medier.<\/p>\n<p>Maarit Jaakkola \u00e4r mediepedagog, medieforskare och docent i journalistik. Hon har bland annat varit med och skrivit ett kapitel om sociala medier i UNESCO:s uppdaterade ramverk <a href=\"https:\/\/en.unesco.org\/news\/media-and-information-literate-citizens-think-critically-click-wisely\">&#8221;Media and Information Literate Citizens: Think Critically, Click Wisely&#8221;<\/a>, vilket kan anv\u00e4ndas f\u00f6r att f\u00e5 tips i undervisningen.<\/p>\n<p>G\u00e5 vidare h\u00e4r f\u00f6r att lyssna p\u00e5 poddavsnittet: <a href=\"https:\/\/open.spotify.com\/episode\/2rU5IOj338GjXtvsBS83yV?si=_H3PMW96R_uJ7zFJixg8nQ\">https:\/\/open.spotify.com\/episode\/2rU5IOj338GjXtvsBS83yV?si=_H3PMW96R_uJ7zFJixg8nQ<\/a><\/p>\n<h3>Det h\u00e4r poddavsnittet (22.32 min) tar upp f\u00f6ljande:<\/h3>\n<ul>\n<li>Presentation (00.00)<\/li>\n<li>Hur ramlade du in p\u00e5 MIK? (01.20)<\/li>\n<li>Vad \u00e4r MIK egentligen? (04.27)<\/li>\n<li>Vad menas med att MIK \u00e4r ett paraplybegrepp? (07.47)<\/li>\n<li>Vad \u00e4r UNESCO:s syfte med MIK? (10.30)<\/li>\n<li>Kan l\u00e4rare och rektorer ha anv\u00e4ndning f\u00f6r UNESCO:s ramverk? (13.10)<\/li>\n<li>Vad forskas det om inom MIK? (15.41)<\/li>\n<li>Hur h\u00e5ller en sig b\u00e4st uppdaterad om MIK-relaterad forskning? (17.38)<\/li>\n<li>Vad g\u00f6r du b\u00e4st digitalt? Analogt? (19.34)<\/li>\n<\/ul>\n<h3><strong>L\u00e4nkar som n\u00e4mns i poddavsnittet<\/strong><\/h3>\n<ul>\n<li><a href=\"https:\/\/en.unesco.org\/news\/media-and-information-literate-citizens-think-critically-click-wisely\">&#8221;Media and Information Literate Citizens: Think Critically, Click Wisely&#8221;<\/a>, UNESCO<\/li>\n<li><a href=\"https:\/\/lartorget.goteborg.se\/mikologi\/#\">MIKologi, L\u00e4rtorget (Maarits blogg)<\/a><\/li>\n<li><a href=\"https:\/\/nordmedianetwork.org\/find-a-researcher\/\">Hitta en forskare, Nordmedia Network<\/a> (f\u00f6rslag: S\u00f6k p\u00e5 &#8221;Media Literacy&#8221;)<\/li>\n<li><a href=\"https:\/\/nordmedianetwork.org\/akademiskt-forum-for-mik-forskning\/\">Akademiskt forum f\u00f6r MIK-forskning, Nordmedia Network<\/a><\/li>\n<li><a href=\"https:\/\/www.youtube.com\/channel\/UCc_Mhd2wWVcYpR9k8JCF-1g\">Supersnabbkillen<\/a><\/li>\n<\/ul>\n<h3><strong>Om podden \u201cOrientering i digital kompetens\u201d<\/strong><\/h3>\n<p>I den h\u00e4r podden tr\u00e4ffar vi l\u00e4rare, utvecklare och forskare som hj\u00e4lper dig att omv\u00e4rldsbevaka kring digital kompetens. Omv\u00e4rldsbevakningen kan ses i sin helhet i en tankekarta. Kontakta oss g\u00e4rna om du har tips p\u00e5 kompletteringar.<\/p>\n<h3><strong>Kommande avsnitt: Fler avsnitt om medie- och informationskunnighet (MIK)<\/strong><\/h3>\n<p>Vi forts\u00e4tter att kika p\u00e5 olika aspekter av MIK i ytterligare avsnitt. Har du tips p\u00e5 m\u00e4nniskor vi borde intervjua, s\u00e5 h\u00f6r g\u00e4rna av dig.<\/p>\n<p>Om du vill vara s\u00e4ker p\u00e5 att inte missa ett avsnitt kan du prenumera p\u00e5 podden i Spotify.<\/p>\n<h3><strong>Redaktion<\/strong><\/h3>\n<p>Programledare och redakt\u00f6r: Maria Eriksson, kommunikat\u00f6r och utvecklingsledare digitalisering, Center f\u00f6r skolutveckling, e-post: maria.a.eriksson@educ.goteborg.se<\/p>\n<p>Ljudtekniker: Sandra Bunselius<br \/>\nMusik: Kevin Macleod &#8221;Pamgea&#8221;<\/p>\n<p>Redaktionsmedlemmar: Belinda Gyllenstig fr\u00e5n F\u00f6rskolef\u00f6rvaltningen, Pia B\u00f6rjesson och Malin Eriksson fr\u00e5n Grundskolef\u00f6rvaltningen och Jens \u00d6berg fr\u00e5n Utbildningsf\u00f6rvaltningen. Samtliga \u00e4r IKT-utvecklare p\u00e5 avdelningarna f\u00f6r Digitalisering och innovation.<\/p>\n","protected":false},"excerpt":{"rendered":"<p>Forskaren Maarit Jaakola \u00e4r tydlig med att MIK beh\u00f6ver tv\u00e5 parter, de unga och pedagogerna, som m\u00e5ste samverka f\u00f6r att f\u00e5 det att funka. <\/p>\n<p>&#8211; B\u00e5da beh\u00f6vs och har sina roller.  Det \u00e4r en vanlig missuppfattning att de unga redan vet allt men de beh\u00f6ver hj\u00e4lp med att reflektera \u00f6ver vad de g\u00f6r, s\u00e4ger hon.<\/p>\n","protected":false},"author":4,"featured_media":205,"comment_status":"open","ping_status":"open","sticky":false,"template":"","format":"standard","meta":{"_acf_changed":false,"footnotes":""},"categories":[3,31,36,12,22,23,24,28,32,33,34,35,37,46,60,81,86,112],"coauthors":[110],"class_list":["post-186","post","type-post","status-publish","format-standard","has-post-thumbnail","hentry","category-amnesovergripande-undervisning","category-anpassad-grundskola","category-anpassad-gymnasieskola","category-demokrati","category-forskning","category-forskola","category-forskoleklass","category-fritidshem","category-grundskola","category-grundskola-1-3","category-grundskola-4-6","category-grundskola-7-9","category-gymnasium","category-kallkritik","category-medie-informationskunnighet-mik","category-samhallskunskap","category-so-amnen","category-vuxenutbildning"],"acf":[],"yoast_head":"<!-- This site is optimized with the Yoast SEO plugin v27.5 - https:\/\/yoast.com\/product\/yoast-seo-wordpress\/ -->\n<title>MIK beh\u00f6ver ske i samverkan med barn och elever - Orientering i digital kompetens<\/title>\n<meta name=\"robots\" content=\"index, follow, max-snippet:-1, max-image-preview:large, max-video-preview:-1\" \/>\n<link rel=\"canonical\" href=\"https:\/\/lartorget.goteborg.se\/orienteringidigitalkompetens\/2022\/03\/21\/mik-behover-ske-i-samverkan-med-barn-och-elever\/\" \/>\n<meta property=\"og:locale\" content=\"sv_SE\" \/>\n<meta property=\"og:type\" content=\"article\" \/>\n<meta property=\"og:title\" content=\"MIK beh\u00f6ver ske i samverkan med barn och elever - Orientering i digital kompetens\" \/>\n<meta property=\"og:description\" content=\"Forskaren Maarit Jaakola \u00e4r tydlig med att MIK beh\u00f6ver tv\u00e5 parter, de unga och pedagogerna, som m\u00e5ste samverka f\u00f6r att f\u00e5 det att funka.   - B\u00e5da beh\u00f6vs och har sina roller. Det \u00e4r en vanlig missuppfattning att de unga redan vet allt men de beh\u00f6ver hj\u00e4lp med att reflektera \u00f6ver vad de g\u00f6r, s\u00e4ger hon.\" \/>\n<meta property=\"og:url\" content=\"https:\/\/lartorget.goteborg.se\/orienteringidigitalkompetens\/2022\/03\/21\/mik-behover-ske-i-samverkan-med-barn-och-elever\/\" \/>\n<meta property=\"og:site_name\" content=\"Orientering i digital kompetens\" \/>\n<meta property=\"article:published_time\" content=\"2022-03-21T08:35:52+00:00\" \/>\n<meta property=\"article:modified_time\" content=\"2022-10-25T11:14:10+00:00\" \/>\n<meta property=\"og:image\" content=\"https:\/\/lartorget.goteborg.se\/orienteringidigitalkompetens\/wp-content\/uploads\/sites\/36\/2022\/03\/maarit_jaakkola-1.jpg\" \/>\n\t<meta property=\"og:image:width\" content=\"828\" \/>\n\t<meta property=\"og:image:height\" content=\"466\" \/>\n\t<meta property=\"og:image:type\" content=\"image\/jpeg\" \/>\n<meta name=\"author\" content=\"Maria Eriksson\" \/>\n<meta name=\"twitter:card\" content=\"summary_large_image\" \/>\n<meta name=\"twitter:label1\" content=\"Skriven av\" \/>\n\t<meta name=\"twitter:data1\" content=\"Maria Eriksson\" \/>\n\t<meta name=\"twitter:label2\" content=\"Ber\u00e4knad l\u00e4stid\" \/>\n\t<meta name=\"twitter:data2\" content=\"2 minuter\" \/>\n<script type=\"application\/ld+json\" class=\"yoast-schema-graph\">{\"@context\":\"https:\\\/\\\/schema.org\",\"@graph\":[{\"@type\":\"Article\",\"@id\":\"https:\\\/\\\/lartorget.goteborg.se\\\/orienteringidigitalkompetens\\\/2022\\\/03\\\/21\\\/mik-behover-ske-i-samverkan-med-barn-och-elever\\\/#article\",\"isPartOf\":{\"@id\":\"https:\\\/\\\/lartorget.goteborg.se\\\/orienteringidigitalkompetens\\\/2022\\\/03\\\/21\\\/mik-behover-ske-i-samverkan-med-barn-och-elever\\\/\"},\"author\":{\"name\":\"Maria Eriksson\",\"@id\":\"https:\\\/\\\/lartorget.goteborg.se\\\/orienteringidigitalkompetens\\\/#\\\/schema\\\/person\\\/dfaf6ef91c6530c1196e0ee9a7f70206\"},\"headline\":\"MIK beh\u00f6ver ske i samverkan med barn och elever\",\"datePublished\":\"2022-03-21T08:35:52+00:00\",\"dateModified\":\"2022-10-25T11:14:10+00:00\",\"mainEntityOfPage\":{\"@id\":\"https:\\\/\\\/lartorget.goteborg.se\\\/orienteringidigitalkompetens\\\/2022\\\/03\\\/21\\\/mik-behover-ske-i-samverkan-med-barn-och-elever\\\/\"},\"wordCount\":427,\"commentCount\":0,\"image\":{\"@id\":\"https:\\\/\\\/lartorget.goteborg.se\\\/orienteringidigitalkompetens\\\/2022\\\/03\\\/21\\\/mik-behover-ske-i-samverkan-med-barn-och-elever\\\/#primaryimage\"},\"thumbnailUrl\":\"https:\\\/\\\/lartorget.goteborg.se\\\/orienteringidigitalkompetens\\\/wp-content\\\/uploads\\\/sites\\\/36\\\/2022\\\/03\\\/maarit_jaakkola-1.jpg\",\"articleSection\":[\"\u00c4mnes\u00f6vergripande undervisning\",\"Anpassad grundskola\",\"Anpassad gymnasieskola\",\"Demokrati\",\"Forskning\",\"F\u00f6rskola\",\"F\u00f6rskoleklass\",\"Fritidshem\",\"Grundskola\",\"Grundskola 1-3\",\"Grundskola 4-6\",\"Grundskola 7-9\",\"Gymnasium\",\"K\u00e4llkritik\",\"Medie- &amp; informationskunnighet (MIK)\",\"Samh\u00e4llskunskap\",\"SO-\u00e4mnen\",\"Vuxenutbildning\"],\"inLanguage\":\"sv-SE\",\"potentialAction\":[{\"@type\":\"CommentAction\",\"name\":\"Comment\",\"target\":[\"https:\\\/\\\/lartorget.goteborg.se\\\/orienteringidigitalkompetens\\\/2022\\\/03\\\/21\\\/mik-behover-ske-i-samverkan-med-barn-och-elever\\\/#respond\"]}]},{\"@type\":\"WebPage\",\"@id\":\"https:\\\/\\\/lartorget.goteborg.se\\\/orienteringidigitalkompetens\\\/2022\\\/03\\\/21\\\/mik-behover-ske-i-samverkan-med-barn-och-elever\\\/\",\"url\":\"https:\\\/\\\/lartorget.goteborg.se\\\/orienteringidigitalkompetens\\\/2022\\\/03\\\/21\\\/mik-behover-ske-i-samverkan-med-barn-och-elever\\\/\",\"name\":\"MIK beh\u00f6ver ske i samverkan med barn och elever - Orientering i digital kompetens\",\"isPartOf\":{\"@id\":\"https:\\\/\\\/lartorget.goteborg.se\\\/orienteringidigitalkompetens\\\/#website\"},\"primaryImageOfPage\":{\"@id\":\"https:\\\/\\\/lartorget.goteborg.se\\\/orienteringidigitalkompetens\\\/2022\\\/03\\\/21\\\/mik-behover-ske-i-samverkan-med-barn-och-elever\\\/#primaryimage\"},\"image\":{\"@id\":\"https:\\\/\\\/lartorget.goteborg.se\\\/orienteringidigitalkompetens\\\/2022\\\/03\\\/21\\\/mik-behover-ske-i-samverkan-med-barn-och-elever\\\/#primaryimage\"},\"thumbnailUrl\":\"https:\\\/\\\/lartorget.goteborg.se\\\/orienteringidigitalkompetens\\\/wp-content\\\/uploads\\\/sites\\\/36\\\/2022\\\/03\\\/maarit_jaakkola-1.jpg\",\"datePublished\":\"2022-03-21T08:35:52+00:00\",\"dateModified\":\"2022-10-25T11:14:10+00:00\",\"author\":{\"@id\":\"https:\\\/\\\/lartorget.goteborg.se\\\/orienteringidigitalkompetens\\\/#\\\/schema\\\/person\\\/dfaf6ef91c6530c1196e0ee9a7f70206\"},\"breadcrumb\":{\"@id\":\"https:\\\/\\\/lartorget.goteborg.se\\\/orienteringidigitalkompetens\\\/2022\\\/03\\\/21\\\/mik-behover-ske-i-samverkan-med-barn-och-elever\\\/#breadcrumb\"},\"inLanguage\":\"sv-SE\",\"potentialAction\":[{\"@type\":\"ReadAction\",\"target\":[\"https:\\\/\\\/lartorget.goteborg.se\\\/orienteringidigitalkompetens\\\/2022\\\/03\\\/21\\\/mik-behover-ske-i-samverkan-med-barn-och-elever\\\/\"]}]},{\"@type\":\"ImageObject\",\"inLanguage\":\"sv-SE\",\"@id\":\"https:\\\/\\\/lartorget.goteborg.se\\\/orienteringidigitalkompetens\\\/2022\\\/03\\\/21\\\/mik-behover-ske-i-samverkan-med-barn-och-elever\\\/#primaryimage\",\"url\":\"https:\\\/\\\/lartorget.goteborg.se\\\/orienteringidigitalkompetens\\\/wp-content\\\/uploads\\\/sites\\\/36\\\/2022\\\/03\\\/maarit_jaakkola-1.jpg\",\"contentUrl\":\"https:\\\/\\\/lartorget.goteborg.se\\\/orienteringidigitalkompetens\\\/wp-content\\\/uploads\\\/sites\\\/36\\\/2022\\\/03\\\/maarit_jaakkola-1.jpg\",\"width\":828,\"height\":466,\"caption\":\"Maarit vid skrivbord\"},{\"@type\":\"BreadcrumbList\",\"@id\":\"https:\\\/\\\/lartorget.goteborg.se\\\/orienteringidigitalkompetens\\\/2022\\\/03\\\/21\\\/mik-behover-ske-i-samverkan-med-barn-och-elever\\\/#breadcrumb\",\"itemListElement\":[{\"@type\":\"ListItem\",\"position\":1,\"name\":\"Hem\",\"item\":\"https:\\\/\\\/lartorget.goteborg.se\\\/orienteringidigitalkompetens\\\/\"},{\"@type\":\"ListItem\",\"position\":2,\"name\":\"MIK beh\u00f6ver ske i samverkan med barn och elever\"}]},{\"@type\":\"WebSite\",\"@id\":\"https:\\\/\\\/lartorget.goteborg.se\\\/orienteringidigitalkompetens\\\/#website\",\"url\":\"https:\\\/\\\/lartorget.goteborg.se\\\/orienteringidigitalkompetens\\\/\",\"name\":\"Orientering i digital kompetens\",\"description\":\"En till Pedagogen Gbg-webbplatser webbplats\",\"potentialAction\":[{\"@type\":\"SearchAction\",\"target\":{\"@type\":\"EntryPoint\",\"urlTemplate\":\"https:\\\/\\\/lartorget.goteborg.se\\\/orienteringidigitalkompetens\\\/?s={search_term_string}\"},\"query-input\":{\"@type\":\"PropertyValueSpecification\",\"valueRequired\":true,\"valueName\":\"search_term_string\"}}],\"inLanguage\":\"sv-SE\"},{\"@type\":\"Person\",\"@id\":\"https:\\\/\\\/lartorget.goteborg.se\\\/orienteringidigitalkompetens\\\/#\\\/schema\\\/person\\\/dfaf6ef91c6530c1196e0ee9a7f70206\",\"name\":\"Maria Eriksson\",\"image\":{\"@type\":\"ImageObject\",\"inLanguage\":\"sv-SE\",\"@id\":\"\\\/\\\/secure.gravatar.com\\\/avatar\\\/bf2a2d8bbbcad1cd14d75e09e543d64a68692d184efc057f0921c59a5ac2f88b?s=96&d=mm&r=g40637b9d525d549e2bdce4c9d1f40d7b\",\"url\":\"\\\/\\\/secure.gravatar.com\\\/avatar\\\/bf2a2d8bbbcad1cd14d75e09e543d64a68692d184efc057f0921c59a5ac2f88b?s=96&d=mm&r=g\",\"contentUrl\":\"\\\/\\\/secure.gravatar.com\\\/avatar\\\/bf2a2d8bbbcad1cd14d75e09e543d64a68692d184efc057f0921c59a5ac2f88b?s=96&d=mm&r=g\",\"caption\":\"Maria Eriksson\"},\"url\":\"https:\\\/\\\/lartorget.goteborg.se\\\/orienteringidigitalkompetens\\\/author\\\/maria-e\\\/\"}]}<\/script>\n<!-- \/ Yoast SEO plugin. -->","yoast_head_json":{"title":"MIK beh\u00f6ver ske i samverkan med barn och elever - Orientering i digital kompetens","robots":{"index":"index","follow":"follow","max-snippet":"max-snippet:-1","max-image-preview":"max-image-preview:large","max-video-preview":"max-video-preview:-1"},"canonical":"https:\/\/lartorget.goteborg.se\/orienteringidigitalkompetens\/2022\/03\/21\/mik-behover-ske-i-samverkan-med-barn-och-elever\/","og_locale":"sv_SE","og_type":"article","og_title":"MIK beh\u00f6ver ske i samverkan med barn och elever - Orientering i digital kompetens","og_description":"Forskaren Maarit Jaakola \u00e4r tydlig med att MIK beh\u00f6ver tv\u00e5 parter, de unga och pedagogerna, som m\u00e5ste samverka f\u00f6r att f\u00e5 det att funka.   - B\u00e5da beh\u00f6vs och har sina roller. Det \u00e4r en vanlig missuppfattning att de unga redan vet allt men de beh\u00f6ver hj\u00e4lp med att reflektera \u00f6ver vad de g\u00f6r, s\u00e4ger hon.","og_url":"https:\/\/lartorget.goteborg.se\/orienteringidigitalkompetens\/2022\/03\/21\/mik-behover-ske-i-samverkan-med-barn-och-elever\/","og_site_name":"Orientering i digital kompetens","article_published_time":"2022-03-21T08:35:52+00:00","article_modified_time":"2022-10-25T11:14:10+00:00","og_image":[{"width":828,"height":466,"url":"https:\/\/lartorget.goteborg.se\/orienteringidigitalkompetens\/wp-content\/uploads\/sites\/36\/2022\/03\/maarit_jaakkola-1.jpg","type":"image\/jpeg"}],"author":"Maria Eriksson","twitter_card":"summary_large_image","twitter_misc":{"Skriven av":"Maria Eriksson","Ber\u00e4knad l\u00e4stid":"2 minuter"},"schema":{"@context":"https:\/\/schema.org","@graph":[{"@type":"Article","@id":"https:\/\/lartorget.goteborg.se\/orienteringidigitalkompetens\/2022\/03\/21\/mik-behover-ske-i-samverkan-med-barn-och-elever\/#article","isPartOf":{"@id":"https:\/\/lartorget.goteborg.se\/orienteringidigitalkompetens\/2022\/03\/21\/mik-behover-ske-i-samverkan-med-barn-och-elever\/"},"author":{"name":"Maria Eriksson","@id":"https:\/\/lartorget.goteborg.se\/orienteringidigitalkompetens\/#\/schema\/person\/dfaf6ef91c6530c1196e0ee9a7f70206"},"headline":"MIK beh\u00f6ver ske i samverkan med barn och elever","datePublished":"2022-03-21T08:35:52+00:00","dateModified":"2022-10-25T11:14:10+00:00","mainEntityOfPage":{"@id":"https:\/\/lartorget.goteborg.se\/orienteringidigitalkompetens\/2022\/03\/21\/mik-behover-ske-i-samverkan-med-barn-och-elever\/"},"wordCount":427,"commentCount":0,"image":{"@id":"https:\/\/lartorget.goteborg.se\/orienteringidigitalkompetens\/2022\/03\/21\/mik-behover-ske-i-samverkan-med-barn-och-elever\/#primaryimage"},"thumbnailUrl":"https:\/\/lartorget.goteborg.se\/orienteringidigitalkompetens\/wp-content\/uploads\/sites\/36\/2022\/03\/maarit_jaakkola-1.jpg","articleSection":["\u00c4mnes\u00f6vergripande undervisning","Anpassad grundskola","Anpassad gymnasieskola","Demokrati","Forskning","F\u00f6rskola","F\u00f6rskoleklass","Fritidshem","Grundskola","Grundskola 1-3","Grundskola 4-6","Grundskola 7-9","Gymnasium","K\u00e4llkritik","Medie- &amp; informationskunnighet (MIK)","Samh\u00e4llskunskap","SO-\u00e4mnen","Vuxenutbildning"],"inLanguage":"sv-SE","potentialAction":[{"@type":"CommentAction","name":"Comment","target":["https:\/\/lartorget.goteborg.se\/orienteringidigitalkompetens\/2022\/03\/21\/mik-behover-ske-i-samverkan-med-barn-och-elever\/#respond"]}]},{"@type":"WebPage","@id":"https:\/\/lartorget.goteborg.se\/orienteringidigitalkompetens\/2022\/03\/21\/mik-behover-ske-i-samverkan-med-barn-och-elever\/","url":"https:\/\/lartorget.goteborg.se\/orienteringidigitalkompetens\/2022\/03\/21\/mik-behover-ske-i-samverkan-med-barn-och-elever\/","name":"MIK beh\u00f6ver ske i samverkan med barn och elever - Orientering i digital kompetens","isPartOf":{"@id":"https:\/\/lartorget.goteborg.se\/orienteringidigitalkompetens\/#website"},"primaryImageOfPage":{"@id":"https:\/\/lartorget.goteborg.se\/orienteringidigitalkompetens\/2022\/03\/21\/mik-behover-ske-i-samverkan-med-barn-och-elever\/#primaryimage"},"image":{"@id":"https:\/\/lartorget.goteborg.se\/orienteringidigitalkompetens\/2022\/03\/21\/mik-behover-ske-i-samverkan-med-barn-och-elever\/#primaryimage"},"thumbnailUrl":"https:\/\/lartorget.goteborg.se\/orienteringidigitalkompetens\/wp-content\/uploads\/sites\/36\/2022\/03\/maarit_jaakkola-1.jpg","datePublished":"2022-03-21T08:35:52+00:00","dateModified":"2022-10-25T11:14:10+00:00","author":{"@id":"https:\/\/lartorget.goteborg.se\/orienteringidigitalkompetens\/#\/schema\/person\/dfaf6ef91c6530c1196e0ee9a7f70206"},"breadcrumb":{"@id":"https:\/\/lartorget.goteborg.se\/orienteringidigitalkompetens\/2022\/03\/21\/mik-behover-ske-i-samverkan-med-barn-och-elever\/#breadcrumb"},"inLanguage":"sv-SE","potentialAction":[{"@type":"ReadAction","target":["https:\/\/lartorget.goteborg.se\/orienteringidigitalkompetens\/2022\/03\/21\/mik-behover-ske-i-samverkan-med-barn-och-elever\/"]}]},{"@type":"ImageObject","inLanguage":"sv-SE","@id":"https:\/\/lartorget.goteborg.se\/orienteringidigitalkompetens\/2022\/03\/21\/mik-behover-ske-i-samverkan-med-barn-och-elever\/#primaryimage","url":"https:\/\/lartorget.goteborg.se\/orienteringidigitalkompetens\/wp-content\/uploads\/sites\/36\/2022\/03\/maarit_jaakkola-1.jpg","contentUrl":"https:\/\/lartorget.goteborg.se\/orienteringidigitalkompetens\/wp-content\/uploads\/sites\/36\/2022\/03\/maarit_jaakkola-1.jpg","width":828,"height":466,"caption":"Maarit vid skrivbord"},{"@type":"BreadcrumbList","@id":"https:\/\/lartorget.goteborg.se\/orienteringidigitalkompetens\/2022\/03\/21\/mik-behover-ske-i-samverkan-med-barn-och-elever\/#breadcrumb","itemListElement":[{"@type":"ListItem","position":1,"name":"Hem","item":"https:\/\/lartorget.goteborg.se\/orienteringidigitalkompetens\/"},{"@type":"ListItem","position":2,"name":"MIK beh\u00f6ver ske i samverkan med barn och elever"}]},{"@type":"WebSite","@id":"https:\/\/lartorget.goteborg.se\/orienteringidigitalkompetens\/#website","url":"https:\/\/lartorget.goteborg.se\/orienteringidigitalkompetens\/","name":"Orientering i digital kompetens","description":"En till Pedagogen Gbg-webbplatser webbplats","potentialAction":[{"@type":"SearchAction","target":{"@type":"EntryPoint","urlTemplate":"https:\/\/lartorget.goteborg.se\/orienteringidigitalkompetens\/?s={search_term_string}"},"query-input":{"@type":"PropertyValueSpecification","valueRequired":true,"valueName":"search_term_string"}}],"inLanguage":"sv-SE"},{"@type":"Person","@id":"https:\/\/lartorget.goteborg.se\/orienteringidigitalkompetens\/#\/schema\/person\/dfaf6ef91c6530c1196e0ee9a7f70206","name":"Maria Eriksson","image":{"@type":"ImageObject","inLanguage":"sv-SE","@id":"\/\/secure.gravatar.com\/avatar\/bf2a2d8bbbcad1cd14d75e09e543d64a68692d184efc057f0921c59a5ac2f88b?s=96&d=mm&r=g40637b9d525d549e2bdce4c9d1f40d7b","url":"\/\/secure.gravatar.com\/avatar\/bf2a2d8bbbcad1cd14d75e09e543d64a68692d184efc057f0921c59a5ac2f88b?s=96&d=mm&r=g","contentUrl":"\/\/secure.gravatar.com\/avatar\/bf2a2d8bbbcad1cd14d75e09e543d64a68692d184efc057f0921c59a5ac2f88b?s=96&d=mm&r=g","caption":"Maria Eriksson"},"url":"https:\/\/lartorget.goteborg.se\/orienteringidigitalkompetens\/author\/maria-e\/"}]}},"_links":{"self":[{"href":"https:\/\/lartorget.goteborg.se\/orienteringidigitalkompetens\/wp-json\/wp\/v2\/posts\/186","targetHints":{"allow":["GET"]}}],"collection":[{"href":"https:\/\/lartorget.goteborg.se\/orienteringidigitalkompetens\/wp-json\/wp\/v2\/posts"}],"about":[{"href":"https:\/\/lartorget.goteborg.se\/orienteringidigitalkompetens\/wp-json\/wp\/v2\/types\/post"}],"author":[{"embeddable":true,"href":"https:\/\/lartorget.goteborg.se\/orienteringidigitalkompetens\/wp-json\/wp\/v2\/users\/4"}],"replies":[{"embeddable":true,"href":"https:\/\/lartorget.goteborg.se\/orienteringidigitalkompetens\/wp-json\/wp\/v2\/comments?post=186"}],"version-history":[{"count":20,"href":"https:\/\/lartorget.goteborg.se\/orienteringidigitalkompetens\/wp-json\/wp\/v2\/posts\/186\/revisions"}],"predecessor-version":[{"id":275,"href":"https:\/\/lartorget.goteborg.se\/orienteringidigitalkompetens\/wp-json\/wp\/v2\/posts\/186\/revisions\/275"}],"wp:featuredmedia":[{"embeddable":true,"href":"https:\/\/lartorget.goteborg.se\/orienteringidigitalkompetens\/wp-json\/wp\/v2\/media\/205"}],"wp:attachment":[{"href":"https:\/\/lartorget.goteborg.se\/orienteringidigitalkompetens\/wp-json\/wp\/v2\/media?parent=186"}],"wp:term":[{"taxonomy":"category","embeddable":true,"href":"https:\/\/lartorget.goteborg.se\/orienteringidigitalkompetens\/wp-json\/wp\/v2\/categories?post=186"},{"taxonomy":"author","embeddable":true,"href":"https:\/\/lartorget.goteborg.se\/orienteringidigitalkompetens\/wp-json\/wp\/v2\/coauthors?post=186"}],"curies":[{"name":"wp","href":"https:\/\/api.w.org\/{rel}","templated":true}]}}