
{"id":61,"date":"2018-06-04T13:02:48","date_gmt":"2018-06-04T11:02:48","guid":{"rendered":"https:\/\/lartorget.goteborg.se\/olika-vagar-men-samma-mal\/?p=61"},"modified":"2018-06-04T14:37:53","modified_gmt":"2018-06-04T12:37:53","slug":"det-dar-kan-jag-inte-an","status":"publish","type":"post","link":"https:\/\/lartorget.goteborg.se\/olika-vagar-men-samma-mal\/2018\/06\/04\/det-dar-kan-jag-inte-an\/","title":{"rendered":"Det d\u00e4r kan jag inte&#8230; \u00e4n!"},"content":{"rendered":"<p>Jag som vuxen l\u00e4r mig minst lika mycket sj\u00e4lv varje dag. Jag g\u00e5r till jobbet med intentionen att idag skall jag undervisa och l\u00e4ra mina elever b\u00e5de det ena och det andra. Det blir s\u00e4llan exakt s\u00e5 som jag planerat eftersom mina elever har det d\u00e4r lilla extra i sig. Det som g\u00f6r att ingen dag \u00e4r den andra lik. Jag brukar kalla det livet.<\/p>\n<h2>N\u00e4r livet kommer emellan<\/h2>\n<p>Livet kommer r\u00e4tt ofta emellan. Som en g\u00e5ng n\u00e4r vi skulle jobba med taluppfattning upp till tio. D\u00e5 kom livet emellan mig, taluppfattningen och eleverna. Vi kom till siffran tre. Jag har aldrig t\u00e4nkt p\u00e5 att tre \u00e4r s\u00e5 speciell, men alla hade n\u00e5got att s\u00e4ga om just siffran tre. Och hur ser egentligen en trea ut? Som en liten rumpa!<\/p>\n<p><img loading=\"lazy\" decoding=\"async\" class=\"alignright size-medium wp-image-63\" src=\"https:\/\/lartorget.goteborg.se\/olika-vagar-men-samma-mal\/wp-content\/uploads\/sites\/29\/2018\/05\/number-1920553_1920-189x300.png\" alt=\"\" width=\"189\" height=\"300\" srcset=\"https:\/\/lartorget.goteborg.se\/olika-vagar-men-samma-mal\/wp-content\/uploads\/sites\/29\/2018\/05\/number-1920553_1920-189x300.png 189w, https:\/\/lartorget.goteborg.se\/olika-vagar-men-samma-mal\/wp-content\/uploads\/sites\/29\/2018\/05\/number-1920553_1920-360x570.png 360w, https:\/\/lartorget.goteborg.se\/olika-vagar-men-samma-mal\/wp-content\/uploads\/sites\/29\/2018\/05\/number-1920553_1920-1084x1717.png 1084w, https:\/\/lartorget.goteborg.se\/olika-vagar-men-samma-mal\/wp-content\/uploads\/sites\/29\/2018\/05\/number-1920553_1920-531x841.png 531w, https:\/\/lartorget.goteborg.se\/olika-vagar-men-samma-mal\/wp-content\/uploads\/sites\/29\/2018\/05\/number-1920553_1920-350x554.png 350w, https:\/\/lartorget.goteborg.se\/olika-vagar-men-samma-mal\/wp-content\/uploads\/sites\/29\/2018\/05\/number-1920553_1920-260x412.png 260w, https:\/\/lartorget.goteborg.se\/olika-vagar-men-samma-mal\/wp-content\/uploads\/sites\/29\/2018\/05\/number-1920553_1920-768x1217.png 768w, https:\/\/lartorget.goteborg.se\/olika-vagar-men-samma-mal\/wp-content\/uploads\/sites\/29\/2018\/05\/number-1920553_1920-646x1024.png 646w, https:\/\/lartorget.goteborg.se\/olika-vagar-men-samma-mal\/wp-content\/uploads\/sites\/29\/2018\/05\/number-1920553_1920.png 1212w\" sizes=\"auto, (max-width: 189px) 100vw, 189px\" \/>Vart var vi? Ett, tv\u00e5, tre\u2026 Jag gjorde n\u00e5gra f\u00f6rs\u00f6k att forts\u00e4tta med 4,5 och 6 men mina elever verkade ha gjort en tyst \u00f6verenskommelse om att stanna vid siffran tre. K\u00e4nslan av samh\u00f6righet var svindlande stor eftersom alla faktiskt kunde relatera till siffran tre p\u00e5 n\u00e5got s\u00e4tt. Det \u00e4r v\u00e4l inte f\u00f6r intet tre r\u00e4knas som ett gudomlig tal t\u00e4nkte jag f\u00f6r mig sj\u00e4lv och l\u00e4t eleverna h\u00e5llas. M\u00e4nniskan tycker om att t\u00e4nka i tretal: tredje g\u00e5ngen gillt, alla goda ting \u00e4r tre,\u00a0 fadern, sonen och den helige andens namn och klara, f\u00e4rdiga g\u00e5!<\/p>\n<p>Vi kom allts\u00e5 inte l\u00e4ngre \u00e4n till tre.<\/p>\n<p>Det var inte detta jag hade planerat, men det blev faktiskt b\u00e4ttre \u00e4n jag t\u00e4nkt. Och enligt l\u00e4roplanens riktlinjer s\u00e5 ska man i skolan medverka till att eleverna f\u00e5r utveckla sin k\u00e4nsla f\u00f6r samh\u00f6righet, s\u00e5 check p\u00e5 den.<\/p>\n<p>H\u00e4r vill jag po\u00e4ngtera att det \u00e4r inte \u201dhur man <strong>har<\/strong> det utan hur man <strong>tar<\/strong> det\u201d som \u00e4r det v\u00e4sentliga f\u00f6r hur du kommer att m\u00e5 i vissa situationer. Jag kunde k\u00e4nt mig totalt misslyckad eftersom detta inte alls hade att g\u00f6ra med vad jag hade planerat. Jag hade kunnat bli frustrerad eftersom jag som l\u00e4rare i princip har l\u00e4roplanen intatuerad med osynligt bl\u00e4ck \u00f6ver hela br\u00f6stkorgen och utg\u00e5tt fr\u00e5n den n\u00e4r jag planerade min lektion. Jag hade kunnat k\u00e4nna ett obehag n\u00e4r m\u00e5l och riktlinjer blandat med evidensbaserad forskning, rinner genom mina \u00e5dror som ett intraven\u00f6st elixir. Hur evidensbaserad \u00e4r egentligen treenigheten? Men jag som pedagog \u00e4r en del av uppdraget, uppdraget \u00e4r en del av mig, b\u00e5de till in och utsidan.<\/p>\n<p>Men jag har valt det helt sj\u00e4lv. Och jag \u00e4lskar det.<\/p>\n<p>D\u00e5 vet man vad man har att jobba med, och mot. Har man \u00e4ven privilegiet att arbeta med elever som har det d\u00e4r extra, det d\u00e4r jag kallar livet, d\u00e5 blir det en bra balans. Det v\u00e4ger liksom upp varandra. De f\u00f6ruts\u00e4gbara fasta ramarna mot de spontana t\u00f6jbara gr\u00e4nserna.<\/p>\n<h2>Att inte kunna n\u00e5got&#8230;\u00e4n.<\/h2>\n<p>Och det d\u00e4r att t\u00e4nka &#8221;att det \u00e4r inte hur man har det utan hur man tar det\u201d\u2026 ju mer jag t\u00e4nker p\u00e5 det s\u00e5 inser jag hur himla bra begreppet \u00e4r. Ingen annan kan best\u00e4mma hur du skall uppleva saker. Det g\u00f6r du alldeles sj\u00e4lv. Men som pedagog har du en v\u00e4ldigt betydande roll i dina elevers motivation. Motivationen p\u00e5verkas av elevens egna, men \u00e4ven av andras uppfattningar om kompetenser, f\u00e4rdigheter och kunskaper. En grundl\u00e4ggande inst\u00e4llning till att l\u00e4ra sig nya saker b\u00f6r vara att om eller n\u00e4r n\u00e5gon uttrycker att \u201djag kan inte detta\u201d s\u00e5 bekr\u00e4fta men l\u00e4gg p\u00e5 ett \u201d\u00e4n\u201d. Du kan inte detta <strong>\u00e4n<\/strong>. Det \u00f6ppnar liksom upp utan att ta bort k\u00e4nslan av att inte kunna. F\u00f6r s\u00e5 kan det ju vara, att man inte kan det. \u00c4n. Hen har inte getts m\u00f6jlighet att tr\u00e4na denna kunskapen \u00e4n.<img loading=\"lazy\" decoding=\"async\" class=\" wp-image-65 alignright\" src=\"https:\/\/lartorget.goteborg.se\/olika-vagar-men-samma-mal\/wp-content\/uploads\/sites\/29\/2018\/05\/girl-3316342_1920-300x300.jpg\" alt=\"\" width=\"178\" height=\"178\" srcset=\"https:\/\/lartorget.goteborg.se\/olika-vagar-men-samma-mal\/wp-content\/uploads\/sites\/29\/2018\/05\/girl-3316342_1920-300x300.jpg 300w, https:\/\/lartorget.goteborg.se\/olika-vagar-men-samma-mal\/wp-content\/uploads\/sites\/29\/2018\/05\/girl-3316342_1920-360x360.jpg 360w, https:\/\/lartorget.goteborg.se\/olika-vagar-men-samma-mal\/wp-content\/uploads\/sites\/29\/2018\/05\/girl-3316342_1920-1084x1084.jpg 1084w, https:\/\/lartorget.goteborg.se\/olika-vagar-men-samma-mal\/wp-content\/uploads\/sites\/29\/2018\/05\/girl-3316342_1920-531x531.jpg 531w, https:\/\/lartorget.goteborg.se\/olika-vagar-men-samma-mal\/wp-content\/uploads\/sites\/29\/2018\/05\/girl-3316342_1920-350x350.jpg 350w, https:\/\/lartorget.goteborg.se\/olika-vagar-men-samma-mal\/wp-content\/uploads\/sites\/29\/2018\/05\/girl-3316342_1920-260x260.jpg 260w, https:\/\/lartorget.goteborg.se\/olika-vagar-men-samma-mal\/wp-content\/uploads\/sites\/29\/2018\/05\/girl-3316342_1920-50x50.jpg 50w, https:\/\/lartorget.goteborg.se\/olika-vagar-men-samma-mal\/wp-content\/uploads\/sites\/29\/2018\/05\/girl-3316342_1920-150x150.jpg 150w, https:\/\/lartorget.goteborg.se\/olika-vagar-men-samma-mal\/wp-content\/uploads\/sites\/29\/2018\/05\/girl-3316342_1920-768x768.jpg 768w, https:\/\/lartorget.goteborg.se\/olika-vagar-men-samma-mal\/wp-content\/uploads\/sites\/29\/2018\/05\/girl-3316342_1920-1024x1024.jpg 1024w, https:\/\/lartorget.goteborg.se\/olika-vagar-men-samma-mal\/wp-content\/uploads\/sites\/29\/2018\/05\/girl-3316342_1920-32x32.jpg 32w, https:\/\/lartorget.goteborg.se\/olika-vagar-men-samma-mal\/wp-content\/uploads\/sites\/29\/2018\/05\/girl-3316342_1920-64x64.jpg 64w, https:\/\/lartorget.goteborg.se\/olika-vagar-men-samma-mal\/wp-content\/uploads\/sites\/29\/2018\/05\/girl-3316342_1920-96x96.jpg 96w, https:\/\/lartorget.goteborg.se\/olika-vagar-men-samma-mal\/wp-content\/uploads\/sites\/29\/2018\/05\/girl-3316342_1920-128x128.jpg 128w, https:\/\/lartorget.goteborg.se\/olika-vagar-men-samma-mal\/wp-content\/uploads\/sites\/29\/2018\/05\/girl-3316342_1920.jpg 1920w\" sizes=\"auto, (max-width: 178px) 100vw, 178px\" \/><\/p>\n<p>Hur som helst, uppfylld av denna k\u00e4nsla s\u00e5 hamnade jag i en diskussion om huruvida jag har kunskap och erfarenhet av chefsarbete, spedition, och logistik\u2026 och lite ekonomi\u2026 typ VD f\u00f6r ett f\u00f6retag. D\u00e4r ville jag mena p\u00e5 att det \u00e4r en tolkningsfr\u00e5ga. Jag har ju ingen dokumenterad erfarenhet som chef eller VD p\u00e5 pappret, d\u00e4remot har jag, enligt mig sj\u00e4lv, en typ av inofficiell erfarenhet.<\/p>\n<p>Ass\u00e5, jag \u00e4r ju l\u00e4rare, jag har \u00e4ven en familj som \u00e4r som ett helt f\u00f6retag, jag har planerat n\u00e5gra resor som inte varit charter och s\u00e5 har jag tillg\u00e5ng till en hj\u00e4rna som hela tiden \u00e4r beredd att l\u00f6sa minsta angel\u00e4genhet. S\u00e5 hur sv\u00e5rt kan det vara? Kanske kan jag det inte <strong>\u00e4n<\/strong>\u00a0, men ge mig m\u00f6jligheten att f\u00f6rs\u00f6ka s\u00e5 tar vi upp diskussionen vid ett senare tillf\u00e4lle.<\/p>\n<h4>Kunskap och erfarenhet<\/h4>\n<p>S\u00e5 hur definierar vi begreppet erfarenhet? Och om man kan n\u00e5got, vem best\u00e4mmer det? Vem har tolkningsf\u00f6retr\u00e4de?<\/p>\n<p>Visst finns det tester som visar svart p\u00e5 vitt om man kan eller inte kan, nationella prov och uppk\u00f6rning osv. Men de d\u00e4r sakerna som man inte kan testa s\u00e5 l\u00e4tt, vem best\u00e4mmer d\u00e4r?<\/p>\n<p>F\u00f6r att g\u00e5 tillbaka till lektionen om antalsuppfattning, s\u00e5 hamnade vi \u00e4ven inom det lingvistiska omr\u00e5det. Vi r\u00e4knade, b\u00e5de p\u00e5 svenska och engelska. Att kunna r\u00e4kna till tre p\u00e5 engelska, r\u00e4cker det f\u00f6r att kunna s\u00e4ga att man kan engelska? Sj\u00e4lvklart inte, men som l\u00e4rare m\u00e5ste jag tro p\u00e5 mina elevers f\u00f6rm\u00e5ga och potential. Om jag tror p\u00e5 dem s\u00e5 \u00f6kar deras motivation, och n\u00e4sta g\u00e5ng kanske vi hinner till fem, och d\u00e5 l\u00e4r de sig att r\u00e4kna till fem p\u00e5 engelska ocks\u00e5. Jag ser gl\u00e4djen i deras \u00f6gon n\u00e4r de faktiskt sj\u00e4lva inser att de kan r\u00e4kna till tre p\u00e5 ett annat spr\u00e5k. Det var inte vad jag hade t\u00e4nkt, men att kunna reflektera \u00f6ver hur lektionen blev, och att det blev n\u00e5got bra \u00e4nd\u00e5, \u00e4r viktigt att ha med sig. Och n\u00e4r vi n\u00e4sta g\u00e5ng forts\u00e4tter med antalsuppfattning upp till tio, och n\u00e5gon s\u00e4ger att de inte kan r\u00e4kna till tio p\u00e5 engelska s\u00e5 svarar jag, \u00e4n. Du kan inte r\u00e4kna till tio \u00e4n, men snart.<\/p>\n<p>Och n\u00e4r n\u00e5gon fr\u00e5gar mig om jag har chefserfarenhet s\u00e5 svarar jag: inte \u00e4n\u2026<\/p>\n<p><img loading=\"lazy\" decoding=\"async\" class=\"wp-image-66 alignleft\" src=\"https:\/\/lartorget.goteborg.se\/olika-vagar-men-samma-mal\/wp-content\/uploads\/sites\/29\/2018\/05\/banner-1183445_1920-300x90.jpg\" alt=\"\" width=\"523\" height=\"157\" srcset=\"https:\/\/lartorget.goteborg.se\/olika-vagar-men-samma-mal\/wp-content\/uploads\/sites\/29\/2018\/05\/banner-1183445_1920-300x90.jpg 300w, https:\/\/lartorget.goteborg.se\/olika-vagar-men-samma-mal\/wp-content\/uploads\/sites\/29\/2018\/05\/banner-1183445_1920-360x108.jpg 360w, https:\/\/lartorget.goteborg.se\/olika-vagar-men-samma-mal\/wp-content\/uploads\/sites\/29\/2018\/05\/banner-1183445_1920-1084x325.jpg 1084w, https:\/\/lartorget.goteborg.se\/olika-vagar-men-samma-mal\/wp-content\/uploads\/sites\/29\/2018\/05\/banner-1183445_1920-531x159.jpg 531w, https:\/\/lartorget.goteborg.se\/olika-vagar-men-samma-mal\/wp-content\/uploads\/sites\/29\/2018\/05\/banner-1183445_1920-350x105.jpg 350w, https:\/\/lartorget.goteborg.se\/olika-vagar-men-samma-mal\/wp-content\/uploads\/sites\/29\/2018\/05\/banner-1183445_1920-260x78.jpg 260w, https:\/\/lartorget.goteborg.se\/olika-vagar-men-samma-mal\/wp-content\/uploads\/sites\/29\/2018\/05\/banner-1183445_1920-768x230.jpg 768w, https:\/\/lartorget.goteborg.se\/olika-vagar-men-samma-mal\/wp-content\/uploads\/sites\/29\/2018\/05\/banner-1183445_1920-1024x307.jpg 1024w, https:\/\/lartorget.goteborg.se\/olika-vagar-men-samma-mal\/wp-content\/uploads\/sites\/29\/2018\/05\/banner-1183445_1920.jpg 1920w\" sizes=\"auto, (max-width: 523px) 100vw, 523px\" \/><\/p>\n","protected":false},"excerpt":{"rendered":"<p>Att k\u00e4nna sitt v\u00e4rde och f\u00f6rv\u00e4nta sig att n\u00e5gon tror p\u00e5 en. Det \u00e4r fantastiska f\u00f6rm\u00e5gor mina elever har. Visst har vi vuxna runt omkring m\u00f6jliggjort f\u00f6r den attityden, genom att faktiskt bejaka och tro p\u00e5 dem, men det \u00e4r \u00e4nd\u00e5 utifr\u00e5n deras perspektiv som denna k\u00e4nsla har vuxit sig fram. Jag beundrar dem n\u00e4r de p\u00e5 ett s\u00e5 sj\u00e4lvklart och naturligt s\u00e4tt st\u00e4ller sig i mitten och uttrycker: \u201dHej, h\u00e4r \u00e4r jag! Visst \u00e4r ni glada att se mig?\u201d<\/p>\n","protected":false},"author":76,"featured_media":62,"comment_status":"open","ping_status":"open","sticky":false,"template":"","format":"standard","meta":{"_acf_changed":false,"footnotes":""},"categories":[23,162,67,82],"coauthors":[86],"class_list":["post-61","post","type-post","status-publish","format-standard","has-post-thumbnail","hentry","category-anpassad-grundskola","category-grundskola","category-specialpedagogik","category-vastra-hisingen"],"acf":[],"yoast_head":"<!-- This site is optimized with the Yoast SEO plugin v27.5 - https:\/\/yoast.com\/product\/yoast-seo-wordpress\/ -->\n<title>Det d\u00e4r kan jag inte... \u00e4n! - Olika v\u00e4gar men samma m\u00e5l<\/title>\n<meta name=\"robots\" content=\"index, follow, max-snippet:-1, max-image-preview:large, max-video-preview:-1\" \/>\n<link rel=\"canonical\" href=\"https:\/\/lartorget.goteborg.se\/olika-vagar-men-samma-mal\/2018\/06\/04\/det-dar-kan-jag-inte-an\/\" \/>\n<meta property=\"og:locale\" content=\"sv_SE\" \/>\n<meta property=\"og:type\" content=\"article\" \/>\n<meta property=\"og:title\" content=\"Det d\u00e4r kan jag inte... \u00e4n! - Olika v\u00e4gar men samma m\u00e5l\" \/>\n<meta property=\"og:description\" content=\"Att k\u00e4nna sitt v\u00e4rde och f\u00f6rv\u00e4nta sig att n\u00e5gon tror p\u00e5 en. Det \u00e4r fantastiska f\u00f6rm\u00e5gor mina elever har. Visst har vi vuxna runt omkring m\u00f6jliggjort f\u00f6r den attityden, genom att faktiskt bejaka och tro p\u00e5 dem, men det \u00e4r \u00e4nd\u00e5 utifr\u00e5n deras perspektiv som denna k\u00e4nsla har vuxit sig fram. Jag beundrar dem n\u00e4r de p\u00e5 ett s\u00e5 sj\u00e4lvklart och naturligt s\u00e4tt st\u00e4ller sig i mitten och uttrycker: \u201dHej, h\u00e4r \u00e4r jag! Visst \u00e4r ni glada att se mig?\u201d\" \/>\n<meta property=\"og:url\" content=\"https:\/\/lartorget.goteborg.se\/olika-vagar-men-samma-mal\/2018\/06\/04\/det-dar-kan-jag-inte-an\/\" \/>\n<meta property=\"og:site_name\" content=\"Olika v\u00e4gar men samma m\u00e5l\" \/>\n<meta property=\"article:published_time\" content=\"2018-06-04T11:02:48+00:00\" \/>\n<meta property=\"article:modified_time\" content=\"2018-06-04T12:37:53+00:00\" \/>\n<meta property=\"og:image\" content=\"https:\/\/lartorget.goteborg.se\/olika-vagar-men-samma-mal\/wp-content\/uploads\/sites\/29\/2018\/05\/self-esteem-1566153_1920.jpg\" \/>\n\t<meta property=\"og:image:width\" content=\"1920\" \/>\n\t<meta property=\"og:image:height\" content=\"855\" \/>\n\t<meta property=\"og:image:type\" content=\"image\/jpeg\" \/>\n<meta name=\"author\" content=\"Jessica Bojanic\" \/>\n<meta name=\"twitter:card\" content=\"summary_large_image\" \/>\n<meta name=\"twitter:label1\" content=\"Skriven av\" \/>\n\t<meta name=\"twitter:data1\" content=\"Jessica Bojanic\" \/>\n\t<meta name=\"twitter:label2\" content=\"Ber\u00e4knad l\u00e4stid\" \/>\n\t<meta name=\"twitter:data2\" content=\"6 minuter\" \/>\n<script type=\"application\/ld+json\" class=\"yoast-schema-graph\">{\"@context\":\"https:\\\/\\\/schema.org\",\"@graph\":[{\"@type\":\"Article\",\"@id\":\"https:\\\/\\\/lartorget.goteborg.se\\\/olika-vagar-men-samma-mal\\\/2018\\\/06\\\/04\\\/det-dar-kan-jag-inte-an\\\/#article\",\"isPartOf\":{\"@id\":\"https:\\\/\\\/lartorget.goteborg.se\\\/olika-vagar-men-samma-mal\\\/2018\\\/06\\\/04\\\/det-dar-kan-jag-inte-an\\\/\"},\"author\":{\"name\":\"Jessica Bojanic\",\"@id\":\"https:\\\/\\\/lartorget.goteborg.se\\\/olika-vagar-men-samma-mal\\\/#\\\/schema\\\/person\\\/b375a5145b2e6575da6b4eb0fc6ed0a5\"},\"headline\":\"Det d\u00e4r kan jag inte&#8230; \u00e4n!\",\"datePublished\":\"2018-06-04T11:02:48+00:00\",\"dateModified\":\"2018-06-04T12:37:53+00:00\",\"mainEntityOfPage\":{\"@id\":\"https:\\\/\\\/lartorget.goteborg.se\\\/olika-vagar-men-samma-mal\\\/2018\\\/06\\\/04\\\/det-dar-kan-jag-inte-an\\\/\"},\"wordCount\":1133,\"commentCount\":0,\"image\":{\"@id\":\"https:\\\/\\\/lartorget.goteborg.se\\\/olika-vagar-men-samma-mal\\\/2018\\\/06\\\/04\\\/det-dar-kan-jag-inte-an\\\/#primaryimage\"},\"thumbnailUrl\":\"https:\\\/\\\/lartorget.goteborg.se\\\/olika-vagar-men-samma-mal\\\/wp-content\\\/uploads\\\/sites\\\/29\\\/2018\\\/05\\\/self-esteem-1566153_1920.jpg\",\"keywords\":[\"motivation\"],\"articleSection\":[\"Anpassad grundskola\",\"Grundskola\",\"Specialpedagogik\",\"V\u00e4stra Hisingen\"],\"inLanguage\":\"sv-SE\",\"potentialAction\":[{\"@type\":\"CommentAction\",\"name\":\"Comment\",\"target\":[\"https:\\\/\\\/lartorget.goteborg.se\\\/olika-vagar-men-samma-mal\\\/2018\\\/06\\\/04\\\/det-dar-kan-jag-inte-an\\\/#respond\"]}]},{\"@type\":\"WebPage\",\"@id\":\"https:\\\/\\\/lartorget.goteborg.se\\\/olika-vagar-men-samma-mal\\\/2018\\\/06\\\/04\\\/det-dar-kan-jag-inte-an\\\/\",\"url\":\"https:\\\/\\\/lartorget.goteborg.se\\\/olika-vagar-men-samma-mal\\\/2018\\\/06\\\/04\\\/det-dar-kan-jag-inte-an\\\/\",\"name\":\"Det d\u00e4r kan jag inte... \u00e4n! - Olika v\u00e4gar men samma m\u00e5l\",\"isPartOf\":{\"@id\":\"https:\\\/\\\/lartorget.goteborg.se\\\/olika-vagar-men-samma-mal\\\/#website\"},\"primaryImageOfPage\":{\"@id\":\"https:\\\/\\\/lartorget.goteborg.se\\\/olika-vagar-men-samma-mal\\\/2018\\\/06\\\/04\\\/det-dar-kan-jag-inte-an\\\/#primaryimage\"},\"image\":{\"@id\":\"https:\\\/\\\/lartorget.goteborg.se\\\/olika-vagar-men-samma-mal\\\/2018\\\/06\\\/04\\\/det-dar-kan-jag-inte-an\\\/#primaryimage\"},\"thumbnailUrl\":\"https:\\\/\\\/lartorget.goteborg.se\\\/olika-vagar-men-samma-mal\\\/wp-content\\\/uploads\\\/sites\\\/29\\\/2018\\\/05\\\/self-esteem-1566153_1920.jpg\",\"datePublished\":\"2018-06-04T11:02:48+00:00\",\"dateModified\":\"2018-06-04T12:37:53+00:00\",\"author\":{\"@id\":\"https:\\\/\\\/lartorget.goteborg.se\\\/olika-vagar-men-samma-mal\\\/#\\\/schema\\\/person\\\/b375a5145b2e6575da6b4eb0fc6ed0a5\"},\"breadcrumb\":{\"@id\":\"https:\\\/\\\/lartorget.goteborg.se\\\/olika-vagar-men-samma-mal\\\/2018\\\/06\\\/04\\\/det-dar-kan-jag-inte-an\\\/#breadcrumb\"},\"inLanguage\":\"sv-SE\",\"potentialAction\":[{\"@type\":\"ReadAction\",\"target\":[\"https:\\\/\\\/lartorget.goteborg.se\\\/olika-vagar-men-samma-mal\\\/2018\\\/06\\\/04\\\/det-dar-kan-jag-inte-an\\\/\"]}]},{\"@type\":\"ImageObject\",\"inLanguage\":\"sv-SE\",\"@id\":\"https:\\\/\\\/lartorget.goteborg.se\\\/olika-vagar-men-samma-mal\\\/2018\\\/06\\\/04\\\/det-dar-kan-jag-inte-an\\\/#primaryimage\",\"url\":\"https:\\\/\\\/lartorget.goteborg.se\\\/olika-vagar-men-samma-mal\\\/wp-content\\\/uploads\\\/sites\\\/29\\\/2018\\\/05\\\/self-esteem-1566153_1920.jpg\",\"contentUrl\":\"https:\\\/\\\/lartorget.goteborg.se\\\/olika-vagar-men-samma-mal\\\/wp-content\\\/uploads\\\/sites\\\/29\\\/2018\\\/05\\\/self-esteem-1566153_1920.jpg\",\"width\":1920,\"height\":855},{\"@type\":\"BreadcrumbList\",\"@id\":\"https:\\\/\\\/lartorget.goteborg.se\\\/olika-vagar-men-samma-mal\\\/2018\\\/06\\\/04\\\/det-dar-kan-jag-inte-an\\\/#breadcrumb\",\"itemListElement\":[{\"@type\":\"ListItem\",\"position\":1,\"name\":\"Home\",\"item\":\"https:\\\/\\\/lartorget.goteborg.se\\\/olika-vagar-men-samma-mal\\\/\"},{\"@type\":\"ListItem\",\"position\":2,\"name\":\"Det d\u00e4r kan jag inte&#8230; \u00e4n!\"}]},{\"@type\":\"WebSite\",\"@id\":\"https:\\\/\\\/lartorget.goteborg.se\\\/olika-vagar-men-samma-mal\\\/#website\",\"url\":\"https:\\\/\\\/lartorget.goteborg.se\\\/olika-vagar-men-samma-mal\\\/\",\"name\":\"Olika v\u00e4gar men samma m\u00e5l\",\"description\":\"En till Pedagogen Gbg-webbplatser webbplats\",\"potentialAction\":[{\"@type\":\"SearchAction\",\"target\":{\"@type\":\"EntryPoint\",\"urlTemplate\":\"https:\\\/\\\/lartorget.goteborg.se\\\/olika-vagar-men-samma-mal\\\/?s={search_term_string}\"},\"query-input\":{\"@type\":\"PropertyValueSpecification\",\"valueRequired\":true,\"valueName\":\"search_term_string\"}}],\"inLanguage\":\"sv-SE\"},{\"@type\":\"Person\",\"@id\":\"https:\\\/\\\/lartorget.goteborg.se\\\/olika-vagar-men-samma-mal\\\/#\\\/schema\\\/person\\\/b375a5145b2e6575da6b4eb0fc6ed0a5\",\"name\":\"Jessica Bojanic\",\"image\":{\"@type\":\"ImageObject\",\"inLanguage\":\"sv-SE\",\"@id\":\"\\\/\\\/lartorget.goteborg.se\\\/olika-vagar-men-samma-mal\\\/wp-content\\\/uploads\\\/sites\\\/29\\\/2018\\\/04\\\/jessica-3-96x96.jpg15b7f422b4e926eac0cd6b01059fdb86\",\"url\":\"\\\/\\\/lartorget.goteborg.se\\\/olika-vagar-men-samma-mal\\\/wp-content\\\/uploads\\\/sites\\\/29\\\/2018\\\/04\\\/jessica-3-96x96.jpg\",\"contentUrl\":\"\\\/\\\/lartorget.goteborg.se\\\/olika-vagar-men-samma-mal\\\/wp-content\\\/uploads\\\/sites\\\/29\\\/2018\\\/04\\\/jessica-3-96x96.jpg\",\"caption\":\"Jessica Bojanic\"},\"description\":\"Hej, jag heter Jessica och hade jag varit ett naturfenomen hade jag garanterat varit en v\u00e4nlig tromb. Jag \u00e4r positiv, kreativ och \u00e4lskar verkligen utmaningen i att f\u00e5 mina elever att k\u00e4nna att kunskap \u00e4r viktig. Min f\u00f6rsta fasta tj\u00e4nst som l\u00e4rare fick jag p\u00e5 Kanneb\u00e4cksskolan d\u00f6v i G\u00f6teborg \u00e5r 2002. D\u00e4r var jag kvar till 2013 d\u00e5 jag b\u00f6rjade p\u00e5 Svartedalsskolan grunds\u00e4rskola som f\u00f6rstel\u00e4rare. I november 2022 b\u00f6rjade jag som mentor\\\/ speciall\u00e4rare p\u00e5 Fr\u00f6lunda H\u00f6gsbo anpassad grundskola, och h\u00e4r \u00e4r jag nu, och jag kan inte t\u00e4nka mig n\u00e5got b\u00e4ttre yrke \u00e4n mitt.\",\"url\":\"https:\\\/\\\/lartorget.goteborg.se\\\/olika-vagar-men-samma-mal\\\/author\\\/jessicab\\\/\"}]}<\/script>\n<!-- \/ Yoast SEO plugin. -->","yoast_head_json":{"title":"Det d\u00e4r kan jag inte... \u00e4n! - Olika v\u00e4gar men samma m\u00e5l","robots":{"index":"index","follow":"follow","max-snippet":"max-snippet:-1","max-image-preview":"max-image-preview:large","max-video-preview":"max-video-preview:-1"},"canonical":"https:\/\/lartorget.goteborg.se\/olika-vagar-men-samma-mal\/2018\/06\/04\/det-dar-kan-jag-inte-an\/","og_locale":"sv_SE","og_type":"article","og_title":"Det d\u00e4r kan jag inte... \u00e4n! - Olika v\u00e4gar men samma m\u00e5l","og_description":"Att k\u00e4nna sitt v\u00e4rde och f\u00f6rv\u00e4nta sig att n\u00e5gon tror p\u00e5 en. Det \u00e4r fantastiska f\u00f6rm\u00e5gor mina elever har. Visst har vi vuxna runt omkring m\u00f6jliggjort f\u00f6r den attityden, genom att faktiskt bejaka och tro p\u00e5 dem, men det \u00e4r \u00e4nd\u00e5 utifr\u00e5n deras perspektiv som denna k\u00e4nsla har vuxit sig fram. Jag beundrar dem n\u00e4r de p\u00e5 ett s\u00e5 sj\u00e4lvklart och naturligt s\u00e4tt st\u00e4ller sig i mitten och uttrycker: \u201dHej, h\u00e4r \u00e4r jag! Visst \u00e4r ni glada att se mig?\u201d","og_url":"https:\/\/lartorget.goteborg.se\/olika-vagar-men-samma-mal\/2018\/06\/04\/det-dar-kan-jag-inte-an\/","og_site_name":"Olika v\u00e4gar men samma m\u00e5l","article_published_time":"2018-06-04T11:02:48+00:00","article_modified_time":"2018-06-04T12:37:53+00:00","og_image":[{"width":1920,"height":855,"url":"https:\/\/lartorget.goteborg.se\/olika-vagar-men-samma-mal\/wp-content\/uploads\/sites\/29\/2018\/05\/self-esteem-1566153_1920.jpg","type":"image\/jpeg"}],"author":"Jessica Bojanic","twitter_card":"summary_large_image","twitter_misc":{"Skriven av":"Jessica Bojanic","Ber\u00e4knad l\u00e4stid":"6 minuter"},"schema":{"@context":"https:\/\/schema.org","@graph":[{"@type":"Article","@id":"https:\/\/lartorget.goteborg.se\/olika-vagar-men-samma-mal\/2018\/06\/04\/det-dar-kan-jag-inte-an\/#article","isPartOf":{"@id":"https:\/\/lartorget.goteborg.se\/olika-vagar-men-samma-mal\/2018\/06\/04\/det-dar-kan-jag-inte-an\/"},"author":{"name":"Jessica Bojanic","@id":"https:\/\/lartorget.goteborg.se\/olika-vagar-men-samma-mal\/#\/schema\/person\/b375a5145b2e6575da6b4eb0fc6ed0a5"},"headline":"Det d\u00e4r kan jag inte&#8230; \u00e4n!","datePublished":"2018-06-04T11:02:48+00:00","dateModified":"2018-06-04T12:37:53+00:00","mainEntityOfPage":{"@id":"https:\/\/lartorget.goteborg.se\/olika-vagar-men-samma-mal\/2018\/06\/04\/det-dar-kan-jag-inte-an\/"},"wordCount":1133,"commentCount":0,"image":{"@id":"https:\/\/lartorget.goteborg.se\/olika-vagar-men-samma-mal\/2018\/06\/04\/det-dar-kan-jag-inte-an\/#primaryimage"},"thumbnailUrl":"https:\/\/lartorget.goteborg.se\/olika-vagar-men-samma-mal\/wp-content\/uploads\/sites\/29\/2018\/05\/self-esteem-1566153_1920.jpg","keywords":["motivation"],"articleSection":["Anpassad grundskola","Grundskola","Specialpedagogik","V\u00e4stra Hisingen"],"inLanguage":"sv-SE","potentialAction":[{"@type":"CommentAction","name":"Comment","target":["https:\/\/lartorget.goteborg.se\/olika-vagar-men-samma-mal\/2018\/06\/04\/det-dar-kan-jag-inte-an\/#respond"]}]},{"@type":"WebPage","@id":"https:\/\/lartorget.goteborg.se\/olika-vagar-men-samma-mal\/2018\/06\/04\/det-dar-kan-jag-inte-an\/","url":"https:\/\/lartorget.goteborg.se\/olika-vagar-men-samma-mal\/2018\/06\/04\/det-dar-kan-jag-inte-an\/","name":"Det d\u00e4r kan jag inte... \u00e4n! - Olika v\u00e4gar men samma m\u00e5l","isPartOf":{"@id":"https:\/\/lartorget.goteborg.se\/olika-vagar-men-samma-mal\/#website"},"primaryImageOfPage":{"@id":"https:\/\/lartorget.goteborg.se\/olika-vagar-men-samma-mal\/2018\/06\/04\/det-dar-kan-jag-inte-an\/#primaryimage"},"image":{"@id":"https:\/\/lartorget.goteborg.se\/olika-vagar-men-samma-mal\/2018\/06\/04\/det-dar-kan-jag-inte-an\/#primaryimage"},"thumbnailUrl":"https:\/\/lartorget.goteborg.se\/olika-vagar-men-samma-mal\/wp-content\/uploads\/sites\/29\/2018\/05\/self-esteem-1566153_1920.jpg","datePublished":"2018-06-04T11:02:48+00:00","dateModified":"2018-06-04T12:37:53+00:00","author":{"@id":"https:\/\/lartorget.goteborg.se\/olika-vagar-men-samma-mal\/#\/schema\/person\/b375a5145b2e6575da6b4eb0fc6ed0a5"},"breadcrumb":{"@id":"https:\/\/lartorget.goteborg.se\/olika-vagar-men-samma-mal\/2018\/06\/04\/det-dar-kan-jag-inte-an\/#breadcrumb"},"inLanguage":"sv-SE","potentialAction":[{"@type":"ReadAction","target":["https:\/\/lartorget.goteborg.se\/olika-vagar-men-samma-mal\/2018\/06\/04\/det-dar-kan-jag-inte-an\/"]}]},{"@type":"ImageObject","inLanguage":"sv-SE","@id":"https:\/\/lartorget.goteborg.se\/olika-vagar-men-samma-mal\/2018\/06\/04\/det-dar-kan-jag-inte-an\/#primaryimage","url":"https:\/\/lartorget.goteborg.se\/olika-vagar-men-samma-mal\/wp-content\/uploads\/sites\/29\/2018\/05\/self-esteem-1566153_1920.jpg","contentUrl":"https:\/\/lartorget.goteborg.se\/olika-vagar-men-samma-mal\/wp-content\/uploads\/sites\/29\/2018\/05\/self-esteem-1566153_1920.jpg","width":1920,"height":855},{"@type":"BreadcrumbList","@id":"https:\/\/lartorget.goteborg.se\/olika-vagar-men-samma-mal\/2018\/06\/04\/det-dar-kan-jag-inte-an\/#breadcrumb","itemListElement":[{"@type":"ListItem","position":1,"name":"Home","item":"https:\/\/lartorget.goteborg.se\/olika-vagar-men-samma-mal\/"},{"@type":"ListItem","position":2,"name":"Det d\u00e4r kan jag inte&#8230; \u00e4n!"}]},{"@type":"WebSite","@id":"https:\/\/lartorget.goteborg.se\/olika-vagar-men-samma-mal\/#website","url":"https:\/\/lartorget.goteborg.se\/olika-vagar-men-samma-mal\/","name":"Olika v\u00e4gar men samma m\u00e5l","description":"En till Pedagogen Gbg-webbplatser webbplats","potentialAction":[{"@type":"SearchAction","target":{"@type":"EntryPoint","urlTemplate":"https:\/\/lartorget.goteborg.se\/olika-vagar-men-samma-mal\/?s={search_term_string}"},"query-input":{"@type":"PropertyValueSpecification","valueRequired":true,"valueName":"search_term_string"}}],"inLanguage":"sv-SE"},{"@type":"Person","@id":"https:\/\/lartorget.goteborg.se\/olika-vagar-men-samma-mal\/#\/schema\/person\/b375a5145b2e6575da6b4eb0fc6ed0a5","name":"Jessica Bojanic","image":{"@type":"ImageObject","inLanguage":"sv-SE","@id":"\/\/lartorget.goteborg.se\/olika-vagar-men-samma-mal\/wp-content\/uploads\/sites\/29\/2018\/04\/jessica-3-96x96.jpg15b7f422b4e926eac0cd6b01059fdb86","url":"\/\/lartorget.goteborg.se\/olika-vagar-men-samma-mal\/wp-content\/uploads\/sites\/29\/2018\/04\/jessica-3-96x96.jpg","contentUrl":"\/\/lartorget.goteborg.se\/olika-vagar-men-samma-mal\/wp-content\/uploads\/sites\/29\/2018\/04\/jessica-3-96x96.jpg","caption":"Jessica Bojanic"},"description":"Hej, jag heter Jessica och hade jag varit ett naturfenomen hade jag garanterat varit en v\u00e4nlig tromb. Jag \u00e4r positiv, kreativ och \u00e4lskar verkligen utmaningen i att f\u00e5 mina elever att k\u00e4nna att kunskap \u00e4r viktig. Min f\u00f6rsta fasta tj\u00e4nst som l\u00e4rare fick jag p\u00e5 Kanneb\u00e4cksskolan d\u00f6v i G\u00f6teborg \u00e5r 2002. D\u00e4r var jag kvar till 2013 d\u00e5 jag b\u00f6rjade p\u00e5 Svartedalsskolan grunds\u00e4rskola som f\u00f6rstel\u00e4rare. I november 2022 b\u00f6rjade jag som mentor\/ speciall\u00e4rare p\u00e5 Fr\u00f6lunda H\u00f6gsbo anpassad grundskola, och h\u00e4r \u00e4r jag nu, och jag kan inte t\u00e4nka mig n\u00e5got b\u00e4ttre yrke \u00e4n mitt.","url":"https:\/\/lartorget.goteborg.se\/olika-vagar-men-samma-mal\/author\/jessicab\/"}]}},"_links":{"self":[{"href":"https:\/\/lartorget.goteborg.se\/olika-vagar-men-samma-mal\/wp-json\/wp\/v2\/posts\/61","targetHints":{"allow":["GET"]}}],"collection":[{"href":"https:\/\/lartorget.goteborg.se\/olika-vagar-men-samma-mal\/wp-json\/wp\/v2\/posts"}],"about":[{"href":"https:\/\/lartorget.goteborg.se\/olika-vagar-men-samma-mal\/wp-json\/wp\/v2\/types\/post"}],"author":[{"embeddable":true,"href":"https:\/\/lartorget.goteborg.se\/olika-vagar-men-samma-mal\/wp-json\/wp\/v2\/users\/76"}],"replies":[{"embeddable":true,"href":"https:\/\/lartorget.goteborg.se\/olika-vagar-men-samma-mal\/wp-json\/wp\/v2\/comments?post=61"}],"version-history":[{"count":17,"href":"https:\/\/lartorget.goteborg.se\/olika-vagar-men-samma-mal\/wp-json\/wp\/v2\/posts\/61\/revisions"}],"predecessor-version":[{"id":87,"href":"https:\/\/lartorget.goteborg.se\/olika-vagar-men-samma-mal\/wp-json\/wp\/v2\/posts\/61\/revisions\/87"}],"wp:featuredmedia":[{"embeddable":true,"href":"https:\/\/lartorget.goteborg.se\/olika-vagar-men-samma-mal\/wp-json\/wp\/v2\/media\/62"}],"wp:attachment":[{"href":"https:\/\/lartorget.goteborg.se\/olika-vagar-men-samma-mal\/wp-json\/wp\/v2\/media?parent=61"}],"wp:term":[{"taxonomy":"category","embeddable":true,"href":"https:\/\/lartorget.goteborg.se\/olika-vagar-men-samma-mal\/wp-json\/wp\/v2\/categories?post=61"},{"taxonomy":"author","embeddable":true,"href":"https:\/\/lartorget.goteborg.se\/olika-vagar-men-samma-mal\/wp-json\/wp\/v2\/coauthors?post=61"}],"curies":[{"name":"wp","href":"https:\/\/api.w.org\/{rel}","templated":true}]}}