
{"id":331,"date":"2019-10-09T09:39:19","date_gmt":"2019-10-09T07:39:19","guid":{"rendered":"https:\/\/lartorget.goteborg.se\/gastbloggen\/?p=331"},"modified":"2019-10-09T09:46:37","modified_gmt":"2019-10-09T07:46:37","slug":"pedagogiskt-ledarskap-med-konflikter-i-fokus","status":"publish","type":"post","link":"https:\/\/lartorget.goteborg.se\/gastbloggen\/2019\/10\/09\/pedagogiskt-ledarskap-med-konflikter-i-fokus\/","title":{"rendered":"Pedagogiskt ledarskap med konflikter i fokus"},"content":{"rendered":"<p><img loading=\"lazy\" decoding=\"async\" class=\"alignleft size-full wp-image-337\" src=\"https:\/\/lartorget.goteborg.se\/gastbloggen\/wp-content\/uploads\/sites\/18\/2019\/10\/9789151100821_200x_pedagogiskt-ledarskap-med-konflikter-i-fokus_haftad.jpg\" alt=\"\" width=\"200\" height=\"295\" \/>Boken \u201cPedagogiskt ledarskap med konflikter i fokus&#8221; av Ilse Hakvoort och Agneta Lundstr\u00f6m tar upp olika teoretiska begrepp s\u00e5 som klassrumsledarskap, sociala relationer, mobbning, v\u00e4rdegrund, juridik och demokrati. Dessa illustreras genom fiktiva situationer fr\u00e5n skolvardagen.<\/p>\n<p>Det f\u00f6rs en intressant diskussion i kapitlet \u201dKonflikter och mobbning -konflikthantering och \u00e5tg\u00e4rder mot mobbning\u201d. Utg\u00e5ngspunkten \u00e4r en beskriven fiktiv situation om tv\u00e5 flickor i \u00e5rskurs 6 som tidigare ofta tyckt samma sak men nu utmanas deras gemensamma bild n\u00e4r en ny flicka b\u00f6rjar i klassen. \u00c4r det en v\u00e4xande konflikt som beskrivs eller \u00e4r det en mobbningssituation? Genom att se situationen antingen som en konflikt eller som en mobbningssituation beskriver f\u00f6rfattarna de olika perspektiven. Till vilken grad \u00e4r en konflikt egentligen mobbning, eller till vilken grad \u00e4r mobbning en konflikt? Eller \u00e4r det tv\u00e5 helt skilda fenomen? Det \u00e4r inte l\u00e4tt att besvara den fr\u00e5gan, men som l\u00e4rare st\u00e4lls man ofta i att fastst\u00e4lla hur det ligger till. R\u00e5dg\u00f6r man med \u201dtrygghetsteamet\u201d s\u00e5 kanske de menar att det \u00e4r en konflikt eller pratar man med \u201dmobbbingsteamet\u201d kanske de menar att det \u00e4r mobbning. Nu finns ju oftast inte b\u00e5da teamen p\u00e5 en skola utan man kanske r\u00e5dg\u00f6r med \u201delevh\u00e4lsan\u201d d\u00e4r b\u00e5da perspektiven b\u00f6r finnas.<\/p>\n<p>I boken beskriver forskning fr\u00e5n konflikthanteringsf\u00e4ltet, som menar att konflikter \u00e4r en del av l\u00e4rande- och f\u00f6r\u00e4ndringsprocesser f\u00f6r barn och unga. D\u00e4rf\u00f6r \u00e4r det bekymmersamt med v\u00e5r skollags nolltolerans mot kr\u00e4nkningar d\u00e5 vissa kr\u00e4nkningar kan ses som en naturlig del av dessa processer. Nolltolerans blir ett problematiskt begrepp d\u00e5 det kan leda tankarna till att det g\u00e5r att f\u00e5 bort alla handlingar som inte \u00e4r \u00f6nskv\u00e4rda men som kan vara en del av en l\u00e4randeprocess f\u00f6r en elev. Upptrappade konflikter kallas av vissa forskare f\u00f6r destruktiva konflikter till skillnad fr\u00e5n konstruktiva konflikter. I spannet mellan dessa olika typer av konflikter hittar boken en likhet mellan eskalerade, destruktiva konflikter och mobbning. Att utf\u00f6ra mobbning kr\u00e4ver en viss social f\u00f6rm\u00e5ga i att avl\u00e4sa maktspel och att sj\u00e4lv bedriva maktspel.<\/p>\n<p>Mobbning skulle enligt vissa mobbningsforskare inte kunna ske inom ett j\u00e4mlikt f\u00f6rh\u00e5llande medan konflikter kan uppst\u00e5 inom ett s\u00e5dant f\u00f6rh\u00e5llande. D\u00e4rf\u00f6r betonar m\u00e5nga mobbningsforskare att det p\u00e5 grund av obalansen i makt som existerar i en mobbningssituation de samtal som skolan initierar b\u00f6r struktureras p\u00e5 ett annat s\u00e4tt beroende p\u00e5 om det \u00e4r en konflikt eller om det \u00e4r mobbning. \u00c4r det mobbning ska skolan inte ha med tv\u00e5 oj\u00e4mlika parter, det blir ofta den med mest makt som best\u00e4mmer hur samtalet utvecklas.<\/p>\n<p>Boken ger ett teoretiskt underlag till att f\u00f6rst\u00e5 b\u00e5de konfliktforskningen och mobbningsforskningen som funnits i \u00e5rtionden. Samtidigt ska skolan ocks\u00e5 f\u00f6rst\u00e5 hur skollagen genom \u00e5ren \u00e4ndrat sin syn p\u00e5 skolsituationer d\u00e4r ett numera ett juridiskt spr\u00e5kbruk har blivit dominerande och betydligt mer framtr\u00e4dande \u00e4n tidigare.<\/p>\n","protected":false},"excerpt":{"rendered":"<p>Det \u00e4r inte enkelt f\u00f6r skolan idag att avg\u00f6ra vad som \u00e4r en konflikt eller en p\u00e5g\u00e5ende mobbningssituation. En l\u00e4rare ska leda ett kollektiv av olika individer och samtidigt ta h\u00e4nsyn till den forskning som finns om konflikter och mobbning samt ocks\u00e5 den allt starkare juridifiering som skett i skolan. Skolan ska vila p\u00e5 vetenskaplig grund och samtidigt f\u00f6rh\u00e5lla sig till skollagen.<\/p>\n","protected":false},"author":104,"featured_media":332,"comment_status":"open","ping_status":"open","sticky":false,"template":"","format":"standard","meta":{"_acf_changed":false,"footnotes":""},"categories":[98],"coauthors":[261],"class_list":["post-331","post","type-post","status-publish","format-standard","has-post-thumbnail","hentry","category-barnochelevhalsa"],"acf":[],"yoast_head":"<!-- This site is optimized with the Yoast SEO plugin v27.5 - https:\/\/yoast.com\/product\/yoast-seo-wordpress\/ -->\n<title>Pedagogiskt ledarskap med konflikter i fokus - G\u00e4stbloggen<\/title>\n<meta name=\"robots\" content=\"index, follow, max-snippet:-1, max-image-preview:large, max-video-preview:-1\" \/>\n<link rel=\"canonical\" href=\"https:\/\/lartorget.goteborg.se\/gastbloggen\/2019\/10\/09\/pedagogiskt-ledarskap-med-konflikter-i-fokus\/\" \/>\n<meta property=\"og:locale\" content=\"sv_SE\" \/>\n<meta property=\"og:type\" content=\"article\" \/>\n<meta property=\"og:title\" content=\"Pedagogiskt ledarskap med konflikter i fokus - G\u00e4stbloggen\" \/>\n<meta property=\"og:description\" content=\"Det \u00e4r inte enkelt f\u00f6r skolan idag att avg\u00f6ra vad som \u00e4r en konflikt eller en p\u00e5g\u00e5ende mobbningssituation. En l\u00e4rare ska leda ett kollektiv av olika individer och samtidigt ta h\u00e4nsyn till den forskning som finns om konflikter och mobbning samt ocks\u00e5 den allt starkare juridifiering som skett i skolan. Skolan ska vila p\u00e5 vetenskaplig grund och samtidigt f\u00f6rh\u00e5lla sig till skollagen.\" \/>\n<meta property=\"og:url\" content=\"https:\/\/lartorget.goteborg.se\/gastbloggen\/2019\/10\/09\/pedagogiskt-ledarskap-med-konflikter-i-fokus\/\" \/>\n<meta property=\"og:site_name\" content=\"G\u00e4stbloggen\" \/>\n<meta property=\"article:published_time\" content=\"2019-10-09T07:39:19+00:00\" \/>\n<meta property=\"article:modified_time\" content=\"2019-10-09T07:46:37+00:00\" \/>\n<meta property=\"og:image\" content=\"https:\/\/lartorget.goteborg.se\/gastbloggen\/wp-content\/uploads\/sites\/18\/2019\/10\/flash-2568381_1280.jpg\" \/>\n\t<meta property=\"og:image:width\" content=\"1280\" \/>\n\t<meta property=\"og:image:height\" content=\"853\" \/>\n\t<meta property=\"og:image:type\" content=\"image\/jpeg\" \/>\n<meta name=\"author\" content=\"G\u00f6ran Englund\" \/>\n<meta name=\"twitter:card\" content=\"summary_large_image\" \/>\n<meta name=\"twitter:label1\" content=\"Skriven av\" \/>\n\t<meta name=\"twitter:data1\" content=\"G\u00f6ran Englund\" \/>\n\t<meta name=\"twitter:label2\" content=\"Ber\u00e4knad l\u00e4stid\" \/>\n\t<meta name=\"twitter:data2\" content=\"3 minuter\" \/>\n<script type=\"application\/ld+json\" class=\"yoast-schema-graph\">{\"@context\":\"https:\\\/\\\/schema.org\",\"@graph\":[{\"@type\":\"Article\",\"@id\":\"https:\\\/\\\/lartorget.goteborg.se\\\/gastbloggen\\\/2019\\\/10\\\/09\\\/pedagogiskt-ledarskap-med-konflikter-i-fokus\\\/#article\",\"isPartOf\":{\"@id\":\"https:\\\/\\\/lartorget.goteborg.se\\\/gastbloggen\\\/2019\\\/10\\\/09\\\/pedagogiskt-ledarskap-med-konflikter-i-fokus\\\/\"},\"author\":{\"name\":\"G\u00f6ran Englund\",\"@id\":\"https:\\\/\\\/lartorget.goteborg.se\\\/gastbloggen\\\/#\\\/schema\\\/person\\\/d21e1025481cdecac8ef07dbcc92bd45\"},\"headline\":\"Pedagogiskt ledarskap med konflikter i fokus\",\"datePublished\":\"2019-10-09T07:39:19+00:00\",\"dateModified\":\"2019-10-09T07:46:37+00:00\",\"mainEntityOfPage\":{\"@id\":\"https:\\\/\\\/lartorget.goteborg.se\\\/gastbloggen\\\/2019\\\/10\\\/09\\\/pedagogiskt-ledarskap-med-konflikter-i-fokus\\\/\"},\"wordCount\":526,\"commentCount\":0,\"image\":{\"@id\":\"https:\\\/\\\/lartorget.goteborg.se\\\/gastbloggen\\\/2019\\\/10\\\/09\\\/pedagogiskt-ledarskap-med-konflikter-i-fokus\\\/#primaryimage\"},\"thumbnailUrl\":\"https:\\\/\\\/lartorget.goteborg.se\\\/gastbloggen\\\/wp-content\\\/uploads\\\/sites\\\/18\\\/2019\\\/10\\\/flash-2568381_1280.jpg\",\"articleSection\":[\"Barn- och elevh\u00e4lsa\"],\"inLanguage\":\"sv-SE\",\"potentialAction\":[{\"@type\":\"CommentAction\",\"name\":\"Comment\",\"target\":[\"https:\\\/\\\/lartorget.goteborg.se\\\/gastbloggen\\\/2019\\\/10\\\/09\\\/pedagogiskt-ledarskap-med-konflikter-i-fokus\\\/#respond\"]}]},{\"@type\":\"WebPage\",\"@id\":\"https:\\\/\\\/lartorget.goteborg.se\\\/gastbloggen\\\/2019\\\/10\\\/09\\\/pedagogiskt-ledarskap-med-konflikter-i-fokus\\\/\",\"url\":\"https:\\\/\\\/lartorget.goteborg.se\\\/gastbloggen\\\/2019\\\/10\\\/09\\\/pedagogiskt-ledarskap-med-konflikter-i-fokus\\\/\",\"name\":\"Pedagogiskt ledarskap med konflikter i fokus - G\u00e4stbloggen\",\"isPartOf\":{\"@id\":\"https:\\\/\\\/lartorget.goteborg.se\\\/gastbloggen\\\/#website\"},\"primaryImageOfPage\":{\"@id\":\"https:\\\/\\\/lartorget.goteborg.se\\\/gastbloggen\\\/2019\\\/10\\\/09\\\/pedagogiskt-ledarskap-med-konflikter-i-fokus\\\/#primaryimage\"},\"image\":{\"@id\":\"https:\\\/\\\/lartorget.goteborg.se\\\/gastbloggen\\\/2019\\\/10\\\/09\\\/pedagogiskt-ledarskap-med-konflikter-i-fokus\\\/#primaryimage\"},\"thumbnailUrl\":\"https:\\\/\\\/lartorget.goteborg.se\\\/gastbloggen\\\/wp-content\\\/uploads\\\/sites\\\/18\\\/2019\\\/10\\\/flash-2568381_1280.jpg\",\"datePublished\":\"2019-10-09T07:39:19+00:00\",\"dateModified\":\"2019-10-09T07:46:37+00:00\",\"author\":{\"@id\":\"https:\\\/\\\/lartorget.goteborg.se\\\/gastbloggen\\\/#\\\/schema\\\/person\\\/d21e1025481cdecac8ef07dbcc92bd45\"},\"breadcrumb\":{\"@id\":\"https:\\\/\\\/lartorget.goteborg.se\\\/gastbloggen\\\/2019\\\/10\\\/09\\\/pedagogiskt-ledarskap-med-konflikter-i-fokus\\\/#breadcrumb\"},\"inLanguage\":\"sv-SE\",\"potentialAction\":[{\"@type\":\"ReadAction\",\"target\":[\"https:\\\/\\\/lartorget.goteborg.se\\\/gastbloggen\\\/2019\\\/10\\\/09\\\/pedagogiskt-ledarskap-med-konflikter-i-fokus\\\/\"]}]},{\"@type\":\"ImageObject\",\"inLanguage\":\"sv-SE\",\"@id\":\"https:\\\/\\\/lartorget.goteborg.se\\\/gastbloggen\\\/2019\\\/10\\\/09\\\/pedagogiskt-ledarskap-med-konflikter-i-fokus\\\/#primaryimage\",\"url\":\"https:\\\/\\\/lartorget.goteborg.se\\\/gastbloggen\\\/wp-content\\\/uploads\\\/sites\\\/18\\\/2019\\\/10\\\/flash-2568381_1280.jpg\",\"contentUrl\":\"https:\\\/\\\/lartorget.goteborg.se\\\/gastbloggen\\\/wp-content\\\/uploads\\\/sites\\\/18\\\/2019\\\/10\\\/flash-2568381_1280.jpg\",\"width\":1280,\"height\":853},{\"@type\":\"BreadcrumbList\",\"@id\":\"https:\\\/\\\/lartorget.goteborg.se\\\/gastbloggen\\\/2019\\\/10\\\/09\\\/pedagogiskt-ledarskap-med-konflikter-i-fokus\\\/#breadcrumb\",\"itemListElement\":[{\"@type\":\"ListItem\",\"position\":1,\"name\":\"Home\",\"item\":\"https:\\\/\\\/lartorget.goteborg.se\\\/gastbloggen\\\/\"},{\"@type\":\"ListItem\",\"position\":2,\"name\":\"Pedagogiskt ledarskap med konflikter i fokus\"}]},{\"@type\":\"WebSite\",\"@id\":\"https:\\\/\\\/lartorget.goteborg.se\\\/gastbloggen\\\/#website\",\"url\":\"https:\\\/\\\/lartorget.goteborg.se\\\/gastbloggen\\\/\",\"name\":\"G\u00e4stbloggen\",\"description\":\"En till Pedagogen Gbg-webbplatser webbplats\",\"potentialAction\":[{\"@type\":\"SearchAction\",\"target\":{\"@type\":\"EntryPoint\",\"urlTemplate\":\"https:\\\/\\\/lartorget.goteborg.se\\\/gastbloggen\\\/?s={search_term_string}\"},\"query-input\":{\"@type\":\"PropertyValueSpecification\",\"valueRequired\":true,\"valueName\":\"search_term_string\"}}],\"inLanguage\":\"sv-SE\"},{\"@type\":\"Person\",\"@id\":\"https:\\\/\\\/lartorget.goteborg.se\\\/gastbloggen\\\/#\\\/schema\\\/person\\\/d21e1025481cdecac8ef07dbcc92bd45\",\"name\":\"G\u00f6ran Englund\",\"image\":{\"@type\":\"ImageObject\",\"inLanguage\":\"sv-SE\",\"@id\":\"\\\/\\\/lartorget.goteborg.se\\\/gastbloggen\\\/wp-content\\\/uploads\\\/sites\\\/18\\\/2018\\\/10\\\/g\u00f6ranenglund_150-96x96.jpgcc312e91d6f65939e73117281e1c3605\",\"url\":\"\\\/\\\/lartorget.goteborg.se\\\/gastbloggen\\\/wp-content\\\/uploads\\\/sites\\\/18\\\/2018\\\/10\\\/g\u00f6ranenglund_150-96x96.jpg\",\"contentUrl\":\"\\\/\\\/lartorget.goteborg.se\\\/gastbloggen\\\/wp-content\\\/uploads\\\/sites\\\/18\\\/2018\\\/10\\\/g\u00f6ranenglund_150-96x96.jpg\",\"caption\":\"G\u00f6ran Englund\"},\"url\":\"https:\\\/\\\/lartorget.goteborg.se\\\/gastbloggen\\\/author\\\/goranenglund\\\/\"}]}<\/script>\n<!-- \/ Yoast SEO plugin. -->","yoast_head_json":{"title":"Pedagogiskt ledarskap med konflikter i fokus - G\u00e4stbloggen","robots":{"index":"index","follow":"follow","max-snippet":"max-snippet:-1","max-image-preview":"max-image-preview:large","max-video-preview":"max-video-preview:-1"},"canonical":"https:\/\/lartorget.goteborg.se\/gastbloggen\/2019\/10\/09\/pedagogiskt-ledarskap-med-konflikter-i-fokus\/","og_locale":"sv_SE","og_type":"article","og_title":"Pedagogiskt ledarskap med konflikter i fokus - G\u00e4stbloggen","og_description":"Det \u00e4r inte enkelt f\u00f6r skolan idag att avg\u00f6ra vad som \u00e4r en konflikt eller en p\u00e5g\u00e5ende mobbningssituation. En l\u00e4rare ska leda ett kollektiv av olika individer och samtidigt ta h\u00e4nsyn till den forskning som finns om konflikter och mobbning samt ocks\u00e5 den allt starkare juridifiering som skett i skolan. Skolan ska vila p\u00e5 vetenskaplig grund och samtidigt f\u00f6rh\u00e5lla sig till skollagen.","og_url":"https:\/\/lartorget.goteborg.se\/gastbloggen\/2019\/10\/09\/pedagogiskt-ledarskap-med-konflikter-i-fokus\/","og_site_name":"G\u00e4stbloggen","article_published_time":"2019-10-09T07:39:19+00:00","article_modified_time":"2019-10-09T07:46:37+00:00","og_image":[{"width":1280,"height":853,"url":"https:\/\/lartorget.goteborg.se\/gastbloggen\/wp-content\/uploads\/sites\/18\/2019\/10\/flash-2568381_1280.jpg","type":"image\/jpeg"}],"author":"G\u00f6ran Englund","twitter_card":"summary_large_image","twitter_misc":{"Skriven av":"G\u00f6ran Englund","Ber\u00e4knad l\u00e4stid":"3 minuter"},"schema":{"@context":"https:\/\/schema.org","@graph":[{"@type":"Article","@id":"https:\/\/lartorget.goteborg.se\/gastbloggen\/2019\/10\/09\/pedagogiskt-ledarskap-med-konflikter-i-fokus\/#article","isPartOf":{"@id":"https:\/\/lartorget.goteborg.se\/gastbloggen\/2019\/10\/09\/pedagogiskt-ledarskap-med-konflikter-i-fokus\/"},"author":{"name":"G\u00f6ran Englund","@id":"https:\/\/lartorget.goteborg.se\/gastbloggen\/#\/schema\/person\/d21e1025481cdecac8ef07dbcc92bd45"},"headline":"Pedagogiskt ledarskap med konflikter i fokus","datePublished":"2019-10-09T07:39:19+00:00","dateModified":"2019-10-09T07:46:37+00:00","mainEntityOfPage":{"@id":"https:\/\/lartorget.goteborg.se\/gastbloggen\/2019\/10\/09\/pedagogiskt-ledarskap-med-konflikter-i-fokus\/"},"wordCount":526,"commentCount":0,"image":{"@id":"https:\/\/lartorget.goteborg.se\/gastbloggen\/2019\/10\/09\/pedagogiskt-ledarskap-med-konflikter-i-fokus\/#primaryimage"},"thumbnailUrl":"https:\/\/lartorget.goteborg.se\/gastbloggen\/wp-content\/uploads\/sites\/18\/2019\/10\/flash-2568381_1280.jpg","articleSection":["Barn- och elevh\u00e4lsa"],"inLanguage":"sv-SE","potentialAction":[{"@type":"CommentAction","name":"Comment","target":["https:\/\/lartorget.goteborg.se\/gastbloggen\/2019\/10\/09\/pedagogiskt-ledarskap-med-konflikter-i-fokus\/#respond"]}]},{"@type":"WebPage","@id":"https:\/\/lartorget.goteborg.se\/gastbloggen\/2019\/10\/09\/pedagogiskt-ledarskap-med-konflikter-i-fokus\/","url":"https:\/\/lartorget.goteborg.se\/gastbloggen\/2019\/10\/09\/pedagogiskt-ledarskap-med-konflikter-i-fokus\/","name":"Pedagogiskt ledarskap med konflikter i fokus - G\u00e4stbloggen","isPartOf":{"@id":"https:\/\/lartorget.goteborg.se\/gastbloggen\/#website"},"primaryImageOfPage":{"@id":"https:\/\/lartorget.goteborg.se\/gastbloggen\/2019\/10\/09\/pedagogiskt-ledarskap-med-konflikter-i-fokus\/#primaryimage"},"image":{"@id":"https:\/\/lartorget.goteborg.se\/gastbloggen\/2019\/10\/09\/pedagogiskt-ledarskap-med-konflikter-i-fokus\/#primaryimage"},"thumbnailUrl":"https:\/\/lartorget.goteborg.se\/gastbloggen\/wp-content\/uploads\/sites\/18\/2019\/10\/flash-2568381_1280.jpg","datePublished":"2019-10-09T07:39:19+00:00","dateModified":"2019-10-09T07:46:37+00:00","author":{"@id":"https:\/\/lartorget.goteborg.se\/gastbloggen\/#\/schema\/person\/d21e1025481cdecac8ef07dbcc92bd45"},"breadcrumb":{"@id":"https:\/\/lartorget.goteborg.se\/gastbloggen\/2019\/10\/09\/pedagogiskt-ledarskap-med-konflikter-i-fokus\/#breadcrumb"},"inLanguage":"sv-SE","potentialAction":[{"@type":"ReadAction","target":["https:\/\/lartorget.goteborg.se\/gastbloggen\/2019\/10\/09\/pedagogiskt-ledarskap-med-konflikter-i-fokus\/"]}]},{"@type":"ImageObject","inLanguage":"sv-SE","@id":"https:\/\/lartorget.goteborg.se\/gastbloggen\/2019\/10\/09\/pedagogiskt-ledarskap-med-konflikter-i-fokus\/#primaryimage","url":"https:\/\/lartorget.goteborg.se\/gastbloggen\/wp-content\/uploads\/sites\/18\/2019\/10\/flash-2568381_1280.jpg","contentUrl":"https:\/\/lartorget.goteborg.se\/gastbloggen\/wp-content\/uploads\/sites\/18\/2019\/10\/flash-2568381_1280.jpg","width":1280,"height":853},{"@type":"BreadcrumbList","@id":"https:\/\/lartorget.goteborg.se\/gastbloggen\/2019\/10\/09\/pedagogiskt-ledarskap-med-konflikter-i-fokus\/#breadcrumb","itemListElement":[{"@type":"ListItem","position":1,"name":"Home","item":"https:\/\/lartorget.goteborg.se\/gastbloggen\/"},{"@type":"ListItem","position":2,"name":"Pedagogiskt ledarskap med konflikter i fokus"}]},{"@type":"WebSite","@id":"https:\/\/lartorget.goteborg.se\/gastbloggen\/#website","url":"https:\/\/lartorget.goteborg.se\/gastbloggen\/","name":"G\u00e4stbloggen","description":"En till Pedagogen Gbg-webbplatser webbplats","potentialAction":[{"@type":"SearchAction","target":{"@type":"EntryPoint","urlTemplate":"https:\/\/lartorget.goteborg.se\/gastbloggen\/?s={search_term_string}"},"query-input":{"@type":"PropertyValueSpecification","valueRequired":true,"valueName":"search_term_string"}}],"inLanguage":"sv-SE"},{"@type":"Person","@id":"https:\/\/lartorget.goteborg.se\/gastbloggen\/#\/schema\/person\/d21e1025481cdecac8ef07dbcc92bd45","name":"G\u00f6ran Englund","image":{"@type":"ImageObject","inLanguage":"sv-SE","@id":"\/\/lartorget.goteborg.se\/gastbloggen\/wp-content\/uploads\/sites\/18\/2018\/10\/g\u00f6ranenglund_150-96x96.jpgcc312e91d6f65939e73117281e1c3605","url":"\/\/lartorget.goteborg.se\/gastbloggen\/wp-content\/uploads\/sites\/18\/2018\/10\/g\u00f6ranenglund_150-96x96.jpg","contentUrl":"\/\/lartorget.goteborg.se\/gastbloggen\/wp-content\/uploads\/sites\/18\/2018\/10\/g\u00f6ranenglund_150-96x96.jpg","caption":"G\u00f6ran Englund"},"url":"https:\/\/lartorget.goteborg.se\/gastbloggen\/author\/goranenglund\/"}]}},"_links":{"self":[{"href":"https:\/\/lartorget.goteborg.se\/gastbloggen\/wp-json\/wp\/v2\/posts\/331","targetHints":{"allow":["GET"]}}],"collection":[{"href":"https:\/\/lartorget.goteborg.se\/gastbloggen\/wp-json\/wp\/v2\/posts"}],"about":[{"href":"https:\/\/lartorget.goteborg.se\/gastbloggen\/wp-json\/wp\/v2\/types\/post"}],"author":[{"embeddable":true,"href":"https:\/\/lartorget.goteborg.se\/gastbloggen\/wp-json\/wp\/v2\/users\/104"}],"replies":[{"embeddable":true,"href":"https:\/\/lartorget.goteborg.se\/gastbloggen\/wp-json\/wp\/v2\/comments?post=331"}],"version-history":[{"count":8,"href":"https:\/\/lartorget.goteborg.se\/gastbloggen\/wp-json\/wp\/v2\/posts\/331\/revisions"}],"predecessor-version":[{"id":342,"href":"https:\/\/lartorget.goteborg.se\/gastbloggen\/wp-json\/wp\/v2\/posts\/331\/revisions\/342"}],"wp:featuredmedia":[{"embeddable":true,"href":"https:\/\/lartorget.goteborg.se\/gastbloggen\/wp-json\/wp\/v2\/media\/332"}],"wp:attachment":[{"href":"https:\/\/lartorget.goteborg.se\/gastbloggen\/wp-json\/wp\/v2\/media?parent=331"}],"wp:term":[{"taxonomy":"category","embeddable":true,"href":"https:\/\/lartorget.goteborg.se\/gastbloggen\/wp-json\/wp\/v2\/categories?post=331"},{"taxonomy":"author","embeddable":true,"href":"https:\/\/lartorget.goteborg.se\/gastbloggen\/wp-json\/wp\/v2\/coauthors?post=331"}],"curies":[{"name":"wp","href":"https:\/\/api.w.org\/{rel}","templated":true}]}}