
{"id":31,"date":"2018-06-10T16:43:13","date_gmt":"2018-06-10T14:43:13","guid":{"rendered":"https:\/\/lartorget.goteborg.se\/gastbloggen\/?p=31"},"modified":"2018-12-20T11:08:19","modified_gmt":"2018-12-20T10:08:19","slug":"boktips-skolan-i-en-digital-varld","status":"publish","type":"post","link":"https:\/\/lartorget.goteborg.se\/gastbloggen\/2018\/06\/10\/boktips-skolan-i-en-digital-varld\/","title":{"rendered":"Skolan i en digital v\u00e4rld"},"content":{"rendered":"<p>N\u00e4r jag l\u00e4ser boken sl\u00e5s jag av hur m\u00e5nga olika aspekter av min vardag som p\u00e5verkas och hur viktigt det \u00e4r att vara medveten om hur naiv jag \u00e4r i mitt f\u00f6rh\u00e5llande till den digitala tekniken. I boken ger Anders Thoresson m\u00e5nga exempel p\u00e5 hur mycket information jag oavbrutet (och oftast t\u00e4mligen omedvetet) l\u00e4mnar ifr\u00e5n mig till de stora internetf\u00f6retagen som dammsuger n\u00e4tet efter upplysningar i sin jakt p\u00e5 int\u00e4kter. F\u00f6r att de ska kunna anpassa olika typer av tj\u00e4nster till mina behov kr\u00e4vs kunskap om mig och mina vanor p\u00e5 individniv\u00e5. P\u00e5 grund av\/tack vare (v\u00e4lj det som \u00f6nskas) digitaliseringen \u00e4r detta en barnlek. Den data som samlas in om mig via min aktivitet p\u00e5 n\u00e4tet p\u00e5verkar i princip hela min vardag. Den styr vilka premier jag f\u00e5r p\u00e5 f\u00f6rs\u00e4kringar, den avg\u00f6r hur mycket min semester och mina flygresor kostar och den talar hela tiden om (f\u00f6r den som eventuellt \u00e4r intresserad) var jag befinner mig.<\/p>\n<p>Skolverket fyra aspekter av digital kompetens (att f\u00f6rst\u00e5 digitaliseringens konsekvenser p\u00e5 samh\u00e4llet, att kunna anv\u00e4nda och f\u00f6rst\u00e5 digitala verktyg och medier, att ha ett kritiskt och ansvarsfullt f\u00f6rh\u00e5llningss\u00e4tt och att kunna l\u00f6sa problem och oms\u00e4tta id\u00e9er i handling) utg\u00f6r ett raster genom vilket f\u00f6rfattaren betraktar de utmaningar som digitaliseringen medf\u00f6r. Hur ofta t\u00e4nker du till exempel p\u00e5 att ditt senaste mail \u00e4r lika offentligt som att skicka ett vykort? Eftersom internet best\u00e5r av en m\u00e4ngd sammankopplade n\u00e4tverk inneb\u00e4r det att ditt \u201dvykort\u201d passerar m\u00e4ngder av n\u00e4tverk p\u00e5 sin v\u00e4g till mottagaren och att det d\u00e4rmed finns stora m\u00f6jligheter att l\u00e4sa inneh\u00e5llet. Detsamma g\u00e4ller n\u00e4r du chattar, pratar i telefon eller skriver p\u00e5 hemsidor. Allt sparas och allt kan ses f\u00f6r den som vet hur man g\u00f6r\u2026<\/p>\n<p>Boken \u00e4r perfekt f\u00f6r dig som \u00e4r intresserad av digitaliseringens konsekvenser och inneh\u00e5ller m\u00e5nga exempel som g\u00f6r att du funderar \u00f6ver ditt beteende p\u00e5 n\u00e4tet. Som avslutning f\u00e5r du ocks\u00e5 en \u201dcrashkurs\u201d i digitalt sj\u00e4lvf\u00f6rsvar, d\u00e4r du f\u00e5r anv\u00e4ndbara tips f\u00f6r hur man skyddar sig mot o\u00f6nskat intr\u00e5ng och p\u00e5verkan i din vardag.<\/p>\n<p>Avslutningsvis vill jag ocks\u00e5 tipsa om en f\u00f6rel\u00e4sning av Anders Thoresson 15 augusti p\u00e5 Burg\u00e5rdens konferenscenter (med efterf\u00f6ljande workshop p\u00e5 Center f\u00f6r Skolutveckling, Bohusgatan 13). Den v\u00e4nder sig till dig som \u00e4r l\u00e4rare i samh\u00e4llskunskap i h\u00f6gstadiet och p\u00e5 gymnasiet. och ing\u00e5r i en serie f\u00f6rel\u00e4sningar som Center f\u00f6r Skolutveckling anordnar kring digitalisering. Mer information och l\u00e4nk till anm\u00e4lan hittar du <a href=\"https:\/\/lartorget.goteborg.se\/event\/laroplan-ett-digitaliserat-samhalle\">h\u00e4r<\/a>.<\/p>\n","protected":false},"excerpt":{"rendered":"<p>Jag vill tipsa om Anders Thoressons nya bok \u201dSkolan i en digital omv\u00e4rld\u201d. Anders Thoresson \u00e4r teknikjournalist, f\u00f6rel\u00e4sare och en av initiativtagarna till podcasten Digitalsamtal.<\/p>\n","protected":false},"author":88,"featured_media":48,"comment_status":"open","ping_status":"open","sticky":false,"template":"","format":"standard","meta":{"_acf_changed":false,"footnotes":""},"categories":[35,145,122],"coauthors":[226],"class_list":["post-31","post","type-post","status-publish","format-standard","has-post-thumbnail","hentry","category-amnesovergripande-undervisning","category-programmering","category-samhallskunskap"],"acf":[],"yoast_head":"<!-- This site is optimized with the Yoast SEO plugin v27.5 - https:\/\/yoast.com\/product\/yoast-seo-wordpress\/ -->\n<title>Skolan i en digital v\u00e4rld - G\u00e4stbloggen<\/title>\n<meta name=\"robots\" content=\"index, follow, max-snippet:-1, max-image-preview:large, max-video-preview:-1\" \/>\n<link rel=\"canonical\" href=\"https:\/\/lartorget.goteborg.se\/gastbloggen\/2018\/06\/10\/boktips-skolan-i-en-digital-varld\/\" \/>\n<meta property=\"og:locale\" content=\"sv_SE\" \/>\n<meta property=\"og:type\" content=\"article\" \/>\n<meta property=\"og:title\" content=\"Skolan i en digital v\u00e4rld - G\u00e4stbloggen\" \/>\n<meta property=\"og:description\" content=\"Jag vill tipsa om Anders Thoressons nya bok \u201dSkolan i en digital omv\u00e4rld\u201d. Anders Thoresson \u00e4r teknikjournalist, f\u00f6rel\u00e4sare och en av initiativtagarna till podcasten Digitalsamtal.\" \/>\n<meta property=\"og:url\" content=\"https:\/\/lartorget.goteborg.se\/gastbloggen\/2018\/06\/10\/boktips-skolan-i-en-digital-varld\/\" \/>\n<meta property=\"og:site_name\" content=\"G\u00e4stbloggen\" \/>\n<meta property=\"article:published_time\" content=\"2018-06-10T14:43:13+00:00\" \/>\n<meta property=\"article:modified_time\" content=\"2018-12-20T10:08:19+00:00\" \/>\n<meta property=\"og:image\" content=\"https:\/\/lartorget.goteborg.se\/gastbloggen\/wp-content\/uploads\/sites\/18\/2018\/06\/ny-bild-skolan-i-en-digital-v\u00e4rld.jpg\" \/>\n\t<meta property=\"og:image:width\" content=\"600\" \/>\n\t<meta property=\"og:image:height\" content=\"338\" \/>\n\t<meta property=\"og:image:type\" content=\"image\/jpeg\" \/>\n<meta name=\"author\" content=\"Martin Tallvid\" \/>\n<meta name=\"twitter:card\" content=\"summary_large_image\" \/>\n<meta name=\"twitter:label1\" content=\"Skriven av\" \/>\n\t<meta name=\"twitter:data1\" content=\"Martin Tallvid\" \/>\n\t<meta name=\"twitter:label2\" content=\"Ber\u00e4knad l\u00e4stid\" \/>\n\t<meta name=\"twitter:data2\" content=\"2 minuter\" \/>\n<script type=\"application\/ld+json\" class=\"yoast-schema-graph\">{\"@context\":\"https:\\\/\\\/schema.org\",\"@graph\":[{\"@type\":\"Article\",\"@id\":\"https:\\\/\\\/lartorget.goteborg.se\\\/gastbloggen\\\/2018\\\/06\\\/10\\\/boktips-skolan-i-en-digital-varld\\\/#article\",\"isPartOf\":{\"@id\":\"https:\\\/\\\/lartorget.goteborg.se\\\/gastbloggen\\\/2018\\\/06\\\/10\\\/boktips-skolan-i-en-digital-varld\\\/\"},\"author\":{\"name\":\"Martin Tallvid\",\"@id\":\"https:\\\/\\\/lartorget.goteborg.se\\\/gastbloggen\\\/#\\\/schema\\\/person\\\/74a3e0fe7bd164234dcefbc61bbd0ce3\"},\"headline\":\"Skolan i en digital v\u00e4rld\",\"datePublished\":\"2018-06-10T14:43:13+00:00\",\"dateModified\":\"2018-12-20T10:08:19+00:00\",\"mainEntityOfPage\":{\"@id\":\"https:\\\/\\\/lartorget.goteborg.se\\\/gastbloggen\\\/2018\\\/06\\\/10\\\/boktips-skolan-i-en-digital-varld\\\/\"},\"wordCount\":488,\"commentCount\":1,\"image\":{\"@id\":\"https:\\\/\\\/lartorget.goteborg.se\\\/gastbloggen\\\/2018\\\/06\\\/10\\\/boktips-skolan-i-en-digital-varld\\\/#primaryimage\"},\"thumbnailUrl\":\"https:\\\/\\\/lartorget.goteborg.se\\\/gastbloggen\\\/wp-content\\\/uploads\\\/sites\\\/18\\\/2018\\\/06\\\/ny-bild-skolan-i-en-digital-v\u00e4rld.jpg\",\"articleSection\":[\"\u00c4mnes\u00f6vergripande undervisning\",\"Programmering\",\"Samh\u00e4llskunskap\"],\"inLanguage\":\"sv-SE\",\"potentialAction\":[{\"@type\":\"CommentAction\",\"name\":\"Comment\",\"target\":[\"https:\\\/\\\/lartorget.goteborg.se\\\/gastbloggen\\\/2018\\\/06\\\/10\\\/boktips-skolan-i-en-digital-varld\\\/#respond\"]}]},{\"@type\":\"WebPage\",\"@id\":\"https:\\\/\\\/lartorget.goteborg.se\\\/gastbloggen\\\/2018\\\/06\\\/10\\\/boktips-skolan-i-en-digital-varld\\\/\",\"url\":\"https:\\\/\\\/lartorget.goteborg.se\\\/gastbloggen\\\/2018\\\/06\\\/10\\\/boktips-skolan-i-en-digital-varld\\\/\",\"name\":\"Skolan i en digital v\u00e4rld - G\u00e4stbloggen\",\"isPartOf\":{\"@id\":\"https:\\\/\\\/lartorget.goteborg.se\\\/gastbloggen\\\/#website\"},\"primaryImageOfPage\":{\"@id\":\"https:\\\/\\\/lartorget.goteborg.se\\\/gastbloggen\\\/2018\\\/06\\\/10\\\/boktips-skolan-i-en-digital-varld\\\/#primaryimage\"},\"image\":{\"@id\":\"https:\\\/\\\/lartorget.goteborg.se\\\/gastbloggen\\\/2018\\\/06\\\/10\\\/boktips-skolan-i-en-digital-varld\\\/#primaryimage\"},\"thumbnailUrl\":\"https:\\\/\\\/lartorget.goteborg.se\\\/gastbloggen\\\/wp-content\\\/uploads\\\/sites\\\/18\\\/2018\\\/06\\\/ny-bild-skolan-i-en-digital-v\u00e4rld.jpg\",\"datePublished\":\"2018-06-10T14:43:13+00:00\",\"dateModified\":\"2018-12-20T10:08:19+00:00\",\"author\":{\"@id\":\"https:\\\/\\\/lartorget.goteborg.se\\\/gastbloggen\\\/#\\\/schema\\\/person\\\/74a3e0fe7bd164234dcefbc61bbd0ce3\"},\"breadcrumb\":{\"@id\":\"https:\\\/\\\/lartorget.goteborg.se\\\/gastbloggen\\\/2018\\\/06\\\/10\\\/boktips-skolan-i-en-digital-varld\\\/#breadcrumb\"},\"inLanguage\":\"sv-SE\",\"potentialAction\":[{\"@type\":\"ReadAction\",\"target\":[\"https:\\\/\\\/lartorget.goteborg.se\\\/gastbloggen\\\/2018\\\/06\\\/10\\\/boktips-skolan-i-en-digital-varld\\\/\"]}]},{\"@type\":\"ImageObject\",\"inLanguage\":\"sv-SE\",\"@id\":\"https:\\\/\\\/lartorget.goteborg.se\\\/gastbloggen\\\/2018\\\/06\\\/10\\\/boktips-skolan-i-en-digital-varld\\\/#primaryimage\",\"url\":\"https:\\\/\\\/lartorget.goteborg.se\\\/gastbloggen\\\/wp-content\\\/uploads\\\/sites\\\/18\\\/2018\\\/06\\\/ny-bild-skolan-i-en-digital-v\u00e4rld.jpg\",\"contentUrl\":\"https:\\\/\\\/lartorget.goteborg.se\\\/gastbloggen\\\/wp-content\\\/uploads\\\/sites\\\/18\\\/2018\\\/06\\\/ny-bild-skolan-i-en-digital-v\u00e4rld.jpg\",\"width\":600,\"height\":338},{\"@type\":\"BreadcrumbList\",\"@id\":\"https:\\\/\\\/lartorget.goteborg.se\\\/gastbloggen\\\/2018\\\/06\\\/10\\\/boktips-skolan-i-en-digital-varld\\\/#breadcrumb\",\"itemListElement\":[{\"@type\":\"ListItem\",\"position\":1,\"name\":\"Home\",\"item\":\"https:\\\/\\\/lartorget.goteborg.se\\\/gastbloggen\\\/\"},{\"@type\":\"ListItem\",\"position\":2,\"name\":\"Skolan i en digital v\u00e4rld\"}]},{\"@type\":\"WebSite\",\"@id\":\"https:\\\/\\\/lartorget.goteborg.se\\\/gastbloggen\\\/#website\",\"url\":\"https:\\\/\\\/lartorget.goteborg.se\\\/gastbloggen\\\/\",\"name\":\"G\u00e4stbloggen\",\"description\":\"En till Pedagogen Gbg-webbplatser webbplats\",\"potentialAction\":[{\"@type\":\"SearchAction\",\"target\":{\"@type\":\"EntryPoint\",\"urlTemplate\":\"https:\\\/\\\/lartorget.goteborg.se\\\/gastbloggen\\\/?s={search_term_string}\"},\"query-input\":{\"@type\":\"PropertyValueSpecification\",\"valueRequired\":true,\"valueName\":\"search_term_string\"}}],\"inLanguage\":\"sv-SE\"},{\"@type\":\"Person\",\"@id\":\"https:\\\/\\\/lartorget.goteborg.se\\\/gastbloggen\\\/#\\\/schema\\\/person\\\/74a3e0fe7bd164234dcefbc61bbd0ce3\",\"name\":\"Martin Tallvid\",\"image\":{\"@type\":\"ImageObject\",\"inLanguage\":\"sv-SE\",\"@id\":\"\\\/\\\/lartorget.goteborg.se\\\/gastbloggen\\\/wp-content\\\/uploads\\\/sites\\\/18\\\/2018\\\/06\\\/Martin-Tallvid-1-96x96.jpgf53b64242832a578e792eb7cf7800cfb\",\"url\":\"\\\/\\\/lartorget.goteborg.se\\\/gastbloggen\\\/wp-content\\\/uploads\\\/sites\\\/18\\\/2018\\\/06\\\/Martin-Tallvid-1-96x96.jpg\",\"contentUrl\":\"\\\/\\\/lartorget.goteborg.se\\\/gastbloggen\\\/wp-content\\\/uploads\\\/sites\\\/18\\\/2018\\\/06\\\/Martin-Tallvid-1-96x96.jpg\",\"caption\":\"Martin Tallvid\"},\"url\":\"https:\\\/\\\/lartorget.goteborg.se\\\/gastbloggen\\\/author\\\/martint\\\/\"}]}<\/script>\n<!-- \/ Yoast SEO plugin. -->","yoast_head_json":{"title":"Skolan i en digital v\u00e4rld - G\u00e4stbloggen","robots":{"index":"index","follow":"follow","max-snippet":"max-snippet:-1","max-image-preview":"max-image-preview:large","max-video-preview":"max-video-preview:-1"},"canonical":"https:\/\/lartorget.goteborg.se\/gastbloggen\/2018\/06\/10\/boktips-skolan-i-en-digital-varld\/","og_locale":"sv_SE","og_type":"article","og_title":"Skolan i en digital v\u00e4rld - G\u00e4stbloggen","og_description":"Jag vill tipsa om Anders Thoressons nya bok \u201dSkolan i en digital omv\u00e4rld\u201d. Anders Thoresson \u00e4r teknikjournalist, f\u00f6rel\u00e4sare och en av initiativtagarna till podcasten Digitalsamtal.","og_url":"https:\/\/lartorget.goteborg.se\/gastbloggen\/2018\/06\/10\/boktips-skolan-i-en-digital-varld\/","og_site_name":"G\u00e4stbloggen","article_published_time":"2018-06-10T14:43:13+00:00","article_modified_time":"2018-12-20T10:08:19+00:00","og_image":[{"width":600,"height":338,"url":"https:\/\/lartorget.goteborg.se\/gastbloggen\/wp-content\/uploads\/sites\/18\/2018\/06\/ny-bild-skolan-i-en-digital-v\u00e4rld.jpg","type":"image\/jpeg"}],"author":"Martin Tallvid","twitter_card":"summary_large_image","twitter_misc":{"Skriven av":"Martin Tallvid","Ber\u00e4knad l\u00e4stid":"2 minuter"},"schema":{"@context":"https:\/\/schema.org","@graph":[{"@type":"Article","@id":"https:\/\/lartorget.goteborg.se\/gastbloggen\/2018\/06\/10\/boktips-skolan-i-en-digital-varld\/#article","isPartOf":{"@id":"https:\/\/lartorget.goteborg.se\/gastbloggen\/2018\/06\/10\/boktips-skolan-i-en-digital-varld\/"},"author":{"name":"Martin Tallvid","@id":"https:\/\/lartorget.goteborg.se\/gastbloggen\/#\/schema\/person\/74a3e0fe7bd164234dcefbc61bbd0ce3"},"headline":"Skolan i en digital v\u00e4rld","datePublished":"2018-06-10T14:43:13+00:00","dateModified":"2018-12-20T10:08:19+00:00","mainEntityOfPage":{"@id":"https:\/\/lartorget.goteborg.se\/gastbloggen\/2018\/06\/10\/boktips-skolan-i-en-digital-varld\/"},"wordCount":488,"commentCount":1,"image":{"@id":"https:\/\/lartorget.goteborg.se\/gastbloggen\/2018\/06\/10\/boktips-skolan-i-en-digital-varld\/#primaryimage"},"thumbnailUrl":"https:\/\/lartorget.goteborg.se\/gastbloggen\/wp-content\/uploads\/sites\/18\/2018\/06\/ny-bild-skolan-i-en-digital-v\u00e4rld.jpg","articleSection":["\u00c4mnes\u00f6vergripande undervisning","Programmering","Samh\u00e4llskunskap"],"inLanguage":"sv-SE","potentialAction":[{"@type":"CommentAction","name":"Comment","target":["https:\/\/lartorget.goteborg.se\/gastbloggen\/2018\/06\/10\/boktips-skolan-i-en-digital-varld\/#respond"]}]},{"@type":"WebPage","@id":"https:\/\/lartorget.goteborg.se\/gastbloggen\/2018\/06\/10\/boktips-skolan-i-en-digital-varld\/","url":"https:\/\/lartorget.goteborg.se\/gastbloggen\/2018\/06\/10\/boktips-skolan-i-en-digital-varld\/","name":"Skolan i en digital v\u00e4rld - G\u00e4stbloggen","isPartOf":{"@id":"https:\/\/lartorget.goteborg.se\/gastbloggen\/#website"},"primaryImageOfPage":{"@id":"https:\/\/lartorget.goteborg.se\/gastbloggen\/2018\/06\/10\/boktips-skolan-i-en-digital-varld\/#primaryimage"},"image":{"@id":"https:\/\/lartorget.goteborg.se\/gastbloggen\/2018\/06\/10\/boktips-skolan-i-en-digital-varld\/#primaryimage"},"thumbnailUrl":"https:\/\/lartorget.goteborg.se\/gastbloggen\/wp-content\/uploads\/sites\/18\/2018\/06\/ny-bild-skolan-i-en-digital-v\u00e4rld.jpg","datePublished":"2018-06-10T14:43:13+00:00","dateModified":"2018-12-20T10:08:19+00:00","author":{"@id":"https:\/\/lartorget.goteborg.se\/gastbloggen\/#\/schema\/person\/74a3e0fe7bd164234dcefbc61bbd0ce3"},"breadcrumb":{"@id":"https:\/\/lartorget.goteborg.se\/gastbloggen\/2018\/06\/10\/boktips-skolan-i-en-digital-varld\/#breadcrumb"},"inLanguage":"sv-SE","potentialAction":[{"@type":"ReadAction","target":["https:\/\/lartorget.goteborg.se\/gastbloggen\/2018\/06\/10\/boktips-skolan-i-en-digital-varld\/"]}]},{"@type":"ImageObject","inLanguage":"sv-SE","@id":"https:\/\/lartorget.goteborg.se\/gastbloggen\/2018\/06\/10\/boktips-skolan-i-en-digital-varld\/#primaryimage","url":"https:\/\/lartorget.goteborg.se\/gastbloggen\/wp-content\/uploads\/sites\/18\/2018\/06\/ny-bild-skolan-i-en-digital-v\u00e4rld.jpg","contentUrl":"https:\/\/lartorget.goteborg.se\/gastbloggen\/wp-content\/uploads\/sites\/18\/2018\/06\/ny-bild-skolan-i-en-digital-v\u00e4rld.jpg","width":600,"height":338},{"@type":"BreadcrumbList","@id":"https:\/\/lartorget.goteborg.se\/gastbloggen\/2018\/06\/10\/boktips-skolan-i-en-digital-varld\/#breadcrumb","itemListElement":[{"@type":"ListItem","position":1,"name":"Home","item":"https:\/\/lartorget.goteborg.se\/gastbloggen\/"},{"@type":"ListItem","position":2,"name":"Skolan i en digital v\u00e4rld"}]},{"@type":"WebSite","@id":"https:\/\/lartorget.goteborg.se\/gastbloggen\/#website","url":"https:\/\/lartorget.goteborg.se\/gastbloggen\/","name":"G\u00e4stbloggen","description":"En till Pedagogen Gbg-webbplatser webbplats","potentialAction":[{"@type":"SearchAction","target":{"@type":"EntryPoint","urlTemplate":"https:\/\/lartorget.goteborg.se\/gastbloggen\/?s={search_term_string}"},"query-input":{"@type":"PropertyValueSpecification","valueRequired":true,"valueName":"search_term_string"}}],"inLanguage":"sv-SE"},{"@type":"Person","@id":"https:\/\/lartorget.goteborg.se\/gastbloggen\/#\/schema\/person\/74a3e0fe7bd164234dcefbc61bbd0ce3","name":"Martin Tallvid","image":{"@type":"ImageObject","inLanguage":"sv-SE","@id":"\/\/lartorget.goteborg.se\/gastbloggen\/wp-content\/uploads\/sites\/18\/2018\/06\/Martin-Tallvid-1-96x96.jpgf53b64242832a578e792eb7cf7800cfb","url":"\/\/lartorget.goteborg.se\/gastbloggen\/wp-content\/uploads\/sites\/18\/2018\/06\/Martin-Tallvid-1-96x96.jpg","contentUrl":"\/\/lartorget.goteborg.se\/gastbloggen\/wp-content\/uploads\/sites\/18\/2018\/06\/Martin-Tallvid-1-96x96.jpg","caption":"Martin Tallvid"},"url":"https:\/\/lartorget.goteborg.se\/gastbloggen\/author\/martint\/"}]}},"_links":{"self":[{"href":"https:\/\/lartorget.goteborg.se\/gastbloggen\/wp-json\/wp\/v2\/posts\/31","targetHints":{"allow":["GET"]}}],"collection":[{"href":"https:\/\/lartorget.goteborg.se\/gastbloggen\/wp-json\/wp\/v2\/posts"}],"about":[{"href":"https:\/\/lartorget.goteborg.se\/gastbloggen\/wp-json\/wp\/v2\/types\/post"}],"author":[{"embeddable":true,"href":"https:\/\/lartorget.goteborg.se\/gastbloggen\/wp-json\/wp\/v2\/users\/88"}],"replies":[{"embeddable":true,"href":"https:\/\/lartorget.goteborg.se\/gastbloggen\/wp-json\/wp\/v2\/comments?post=31"}],"version-history":[{"count":14,"href":"https:\/\/lartorget.goteborg.se\/gastbloggen\/wp-json\/wp\/v2\/posts\/31\/revisions"}],"predecessor-version":[{"id":234,"href":"https:\/\/lartorget.goteborg.se\/gastbloggen\/wp-json\/wp\/v2\/posts\/31\/revisions\/234"}],"wp:featuredmedia":[{"embeddable":true,"href":"https:\/\/lartorget.goteborg.se\/gastbloggen\/wp-json\/wp\/v2\/media\/48"}],"wp:attachment":[{"href":"https:\/\/lartorget.goteborg.se\/gastbloggen\/wp-json\/wp\/v2\/media?parent=31"}],"wp:term":[{"taxonomy":"category","embeddable":true,"href":"https:\/\/lartorget.goteborg.se\/gastbloggen\/wp-json\/wp\/v2\/categories?post=31"},{"taxonomy":"author","embeddable":true,"href":"https:\/\/lartorget.goteborg.se\/gastbloggen\/wp-json\/wp\/v2\/coauthors?post=31"}],"curies":[{"name":"wp","href":"https:\/\/api.w.org\/{rel}","templated":true}]}}