
{"id":270,"date":"2019-06-11T11:50:14","date_gmt":"2019-06-11T09:50:14","guid":{"rendered":"https:\/\/lartorget.goteborg.se\/gastbloggen\/?p=270"},"modified":"2019-06-11T11:50:14","modified_gmt":"2019-06-11T09:50:14","slug":"bryt-tystnaden-och-fraga-hur-vi-mar","status":"publish","type":"post","link":"https:\/\/lartorget.goteborg.se\/gastbloggen\/2019\/06\/11\/bryt-tystnaden-och-fraga-hur-vi-mar\/","title":{"rendered":"Bryt tystnaden och fr\u00e5ga hur vi m\u00e5r"},"content":{"rendered":"<p>Vi som skriver detta inl\u00e4gg \u00e4r Alva Unsgaard och Lilian Helgason, tv\u00e5 sexton\u00e5ringar fr\u00e5n G\u00f6teborg som representerar v\u00e5ra stadsdelar i G\u00f6teborgs Ungdomsfullm\u00e4ktige. F\u00f6rsta g\u00e5ngen vi tr\u00e4ffades var under kulturkalaset 2017 i Ungdomsfullm\u00e4ktiges t\u00e4lt. Den dagen pratade vi enbart om succ\u00e9serien Game of Thrones som vi b\u00e5da delar en passion f\u00f6r. Vi kom snart p\u00e5 att vi har mycket mer gemensamt \u00e4n endast v\u00e5r k\u00e4rlek till serier &#8211; n\u00e4mligen psykisk oh\u00e4lsa.<\/p>\n<h2><strong>Vi vill f\u00f6r\u00e4ndra<\/strong><\/h2>\n<p>Under stora delar av v\u00e5ra liv har vi lidit av olika former av psykisk oh\u00e4lsa, slussats runt i v\u00e5rden och upplevt v\u00e5r besk\u00e4rda del av missf\u00f6rst\u00e5nd. Vi upplevde att skolans okunskap eller misslyckade upplysning av detta samh\u00e4llsaktuella \u00e4mne knappast kunde leda till den positiva utveckling ungdomar var i stort behov av. Vi beh\u00f6vde vara den f\u00f6r\u00e4ndring vi ville se. D\u00e4rf\u00f6r anordnade vi 2018 konferensen <em>Vi bryter tystnaden. <\/em>Konferensen visade sig bli mycket framg\u00e5ngsrik, d\u00e4rf\u00f6r best\u00e4mde vi oss f\u00f6r att genomf\u00f6ra den i \u00e5r igen och gav konferensen namnet <em>HELT GALET<\/em>.<\/p>\n<h2><strong>Inspirera till samtal<\/strong><\/h2>\n<p>Ur ett historiskt perspektiv har m\u00e4nniskor med psykisk oh\u00e4lsa ofta beskrivits som galna men fr\u00e4mst hintar namnet om v\u00e5rdk\u00f6erna som unga tvingas st\u00e5 i, stigmat kring \u00e4mnet och att statistiken \u00e4r helt galen. \u00c5rets konferens riktade sig till unga, elevh\u00e4lsa, l\u00e4rare, organisationer som arbetar med unga, beslutsfattare och egentligen alla som ber\u00f6rs av \u00e4mnet. F\u00f6rutom att vi f\u00f6rel\u00e4ste om v\u00e5ra erfarenheter och v\u00e5rt hopp om framtiden kom \u00e4ven Majsen, (lokal artist) som genom sin musik ber\u00f6r \u00e4mnet och Hampus Nessvold (programledare, sk\u00e5despelare, f\u00f6rfattare och f\u00f6rel\u00e4sare).<\/p>\n<h2><strong>Vi beh\u00f6ver hitta svaren tillsammans<\/strong><\/h2>\n<p>Att vi unga tar tag i en fr\u00e5ga som pr\u00e4glar en stor andel av oss tror vi \u00e4r viktigt, det \u00e4r inte m\u00f6jligt f\u00f6r vuxna att svara p\u00e5 fr\u00e5gor om oss i en tid d\u00e4r samh\u00e4llet f\u00f6r\u00e4ndras i snabbare takt \u00e4n n\u00e5gonsin f\u00f6r. Det \u00e4r viktigt f\u00f6r oss att n\u00e5 ut till unga och v\u00e5r f\u00f6rhoppning \u00e4r att vi kan bidra till \u00f6kat samtal, att prata om psykisk oh\u00e4lsa \u00e4r otroligt viktigt om man ska minska stigmat och g\u00f6ra \u00e4mnet till ett mindre jobbigt s\u00e5dant. Att n\u00e5 ut till de grupper som jobbar med unga \u00e4r ocks\u00e5 extra viktigt f\u00f6r det \u00e4r d\u00e4r mycket av den strukturella skillnaden kan b\u00f6rja. Det finns fler fr\u00e5gor \u00e4n svar n\u00e4r det kommer till ungas psykiska h\u00e4lsa men n\u00e5got m\u00e5ste g\u00f6ras.<\/p>\n<h2><strong>Vi m\u00e5ste forts\u00e4tta att arbeta med psykisk oh\u00e4lsa<\/strong><\/h2>\n<p>Konferensen p\u00e5 Draken blev en lyckad s\u00e5dan. Trots detta tror vi egentligen inte att vi kan definiera dess framg\u00e5ng i hur v\u00e4l vi formulerade oss eller vilka g\u00e4ster vi valde att bjuda in. Det som spelar riktig roll \u00e4r att vi g\u00f6r det vi kan i v\u00e5ra kretsar f\u00f6r att bryta den tystnad som finns. Att l\u00e4rare pratar med sina elever, att elever pratar med elever och att organisationer inser vikten i att r\u00e5dfr\u00e5ga oss unga om v\u00e5rt m\u00e5ende och eventuella behandling. Den framg\u00e5ngen \u00e4r ofta sv\u00e5r att se men vi vet att det \u00e4r ett \u00e4mne vi unga aldrig f\u00e5r sluta arbeta med. Detta har varit ett problem i hundratals \u00e5r och kommer med st\u00f6rsta sannolikhet forts\u00e4tta vara det. Det kommer aldrig att sluta vara viktigt f\u00f6r oss unga att bryta denna fullkomligt galna tystnaden.<\/p>\n","protected":false},"excerpt":{"rendered":"<p>Ungas psykiska h\u00e4lsa \u00e4r ett problem med m\u00e5nga fr\u00e5gor och f\u00e5 klara svar. Nyss anordnade d\u00e4rf\u00f6r vi i G\u00f6teborgs Ungdomsfullm\u00e4ktige konferensen HELT GALET. Vi gjorde det f\u00f6r att lyfta ungas psykiska h\u00e4lsa, bryta tystnaden och inspirera till samtal i klasser, mellan unga, organisationer, n\u00e4mnder och hos stadens makthavare. Vi m\u00e5ste bli b\u00e4ttre p\u00e5 att l\u00f6sa problemen tillsammans.<\/p>\n","protected":false},"author":156,"featured_media":272,"comment_status":"open","ping_status":"open","sticky":false,"template":"","format":"standard","meta":{"_acf_changed":false,"footnotes":""},"categories":[125,252,98,1,62,276,38,39,14,40],"coauthors":[297],"class_list":["post-270","post","type-post","status-publish","format-standard","has-post-thumbnail","hentry","category-anpassad-grundskola","category-anpassad-gymnasieskola","category-barnochelevhalsa","category-okategoriserade","category-fritidshem","category-grundskola","category-grundskola-1-3","category-grundskola-4-6","category-grundskola-7-9","category-gymnasium"],"acf":[],"yoast_head":"<!-- This site is optimized with the Yoast SEO plugin v27.5 - https:\/\/yoast.com\/product\/yoast-seo-wordpress\/ -->\n<title>Bryt tystnaden och fr\u00e5ga hur vi m\u00e5r - G\u00e4stbloggen<\/title>\n<meta name=\"robots\" content=\"index, follow, max-snippet:-1, max-image-preview:large, max-video-preview:-1\" \/>\n<link rel=\"canonical\" href=\"https:\/\/lartorget.goteborg.se\/gastbloggen\/2019\/06\/11\/bryt-tystnaden-och-fraga-hur-vi-mar\/\" \/>\n<meta property=\"og:locale\" content=\"sv_SE\" \/>\n<meta property=\"og:type\" content=\"article\" \/>\n<meta property=\"og:title\" content=\"Bryt tystnaden och fr\u00e5ga hur vi m\u00e5r - G\u00e4stbloggen\" \/>\n<meta property=\"og:description\" content=\"Ungas psykiska h\u00e4lsa \u00e4r ett problem med m\u00e5nga fr\u00e5gor och f\u00e5 klara svar. Nyss anordnade d\u00e4rf\u00f6r vi i G\u00f6teborgs Ungdomsfullm\u00e4ktige konferensen HELT GALET. Vi gjorde det f\u00f6r att lyfta ungas psykiska h\u00e4lsa, bryta tystnaden och inspirera till samtal i klasser, mellan unga, organisationer, n\u00e4mnder och hos stadens makthavare. Vi m\u00e5ste bli b\u00e4ttre p\u00e5 att l\u00f6sa problemen tillsammans.\" \/>\n<meta property=\"og:url\" content=\"https:\/\/lartorget.goteborg.se\/gastbloggen\/2019\/06\/11\/bryt-tystnaden-och-fraga-hur-vi-mar\/\" \/>\n<meta property=\"og:site_name\" content=\"G\u00e4stbloggen\" \/>\n<meta property=\"article:published_time\" content=\"2019-06-11T09:50:14+00:00\" \/>\n<meta property=\"og:image\" content=\"https:\/\/lartorget.goteborg.se\/gastbloggen\/wp-content\/uploads\/sites\/18\/2019\/06\/5201388.jpg\" \/>\n\t<meta property=\"og:image:width\" content=\"2048\" \/>\n\t<meta property=\"og:image:height\" content=\"1536\" \/>\n\t<meta property=\"og:image:type\" content=\"image\/jpeg\" \/>\n<meta name=\"author\" content=\"Paula Aijmer\" \/>\n<meta name=\"twitter:card\" content=\"summary_large_image\" \/>\n<meta name=\"twitter:label1\" content=\"Skriven av\" \/>\n\t<meta name=\"twitter:data1\" content=\"Paula Aijmer\" \/>\n\t<meta name=\"twitter:label2\" content=\"Ber\u00e4knad l\u00e4stid\" \/>\n\t<meta name=\"twitter:data2\" content=\"3 minuter\" \/>\n<script type=\"application\/ld+json\" class=\"yoast-schema-graph\">{\"@context\":\"https:\\\/\\\/schema.org\",\"@graph\":[{\"@type\":\"Article\",\"@id\":\"https:\\\/\\\/lartorget.goteborg.se\\\/gastbloggen\\\/2019\\\/06\\\/11\\\/bryt-tystnaden-och-fraga-hur-vi-mar\\\/#article\",\"isPartOf\":{\"@id\":\"https:\\\/\\\/lartorget.goteborg.se\\\/gastbloggen\\\/2019\\\/06\\\/11\\\/bryt-tystnaden-och-fraga-hur-vi-mar\\\/\"},\"author\":{\"name\":\"Paula Aijmer\",\"@id\":\"https:\\\/\\\/lartorget.goteborg.se\\\/gastbloggen\\\/#\\\/schema\\\/person\\\/1b20527007b62a160a53ef1b01725eca\"},\"headline\":\"Bryt tystnaden och fr\u00e5ga hur vi m\u00e5r\",\"datePublished\":\"2019-06-11T09:50:14+00:00\",\"mainEntityOfPage\":{\"@id\":\"https:\\\/\\\/lartorget.goteborg.se\\\/gastbloggen\\\/2019\\\/06\\\/11\\\/bryt-tystnaden-och-fraga-hur-vi-mar\\\/\"},\"wordCount\":640,\"commentCount\":0,\"image\":{\"@id\":\"https:\\\/\\\/lartorget.goteborg.se\\\/gastbloggen\\\/2019\\\/06\\\/11\\\/bryt-tystnaden-och-fraga-hur-vi-mar\\\/#primaryimage\"},\"thumbnailUrl\":\"https:\\\/\\\/lartorget.goteborg.se\\\/gastbloggen\\\/wp-content\\\/uploads\\\/sites\\\/18\\\/2019\\\/06\\\/5201388.jpg\",\"articleSection\":[\"Anpassad grundskola\",\"Anpassad gymnasieskola\",\"Barn- och elevh\u00e4lsa\",\"Blandat\",\"Fritidshem\",\"Grundskola\",\"Grundskola 1-3\",\"Grundskola 4-6\",\"Grundskola 7-9\",\"Gymnasium\"],\"inLanguage\":\"sv-SE\",\"potentialAction\":[{\"@type\":\"CommentAction\",\"name\":\"Comment\",\"target\":[\"https:\\\/\\\/lartorget.goteborg.se\\\/gastbloggen\\\/2019\\\/06\\\/11\\\/bryt-tystnaden-och-fraga-hur-vi-mar\\\/#respond\"]}]},{\"@type\":\"WebPage\",\"@id\":\"https:\\\/\\\/lartorget.goteborg.se\\\/gastbloggen\\\/2019\\\/06\\\/11\\\/bryt-tystnaden-och-fraga-hur-vi-mar\\\/\",\"url\":\"https:\\\/\\\/lartorget.goteborg.se\\\/gastbloggen\\\/2019\\\/06\\\/11\\\/bryt-tystnaden-och-fraga-hur-vi-mar\\\/\",\"name\":\"Bryt tystnaden och fr\u00e5ga hur vi m\u00e5r - G\u00e4stbloggen\",\"isPartOf\":{\"@id\":\"https:\\\/\\\/lartorget.goteborg.se\\\/gastbloggen\\\/#website\"},\"primaryImageOfPage\":{\"@id\":\"https:\\\/\\\/lartorget.goteborg.se\\\/gastbloggen\\\/2019\\\/06\\\/11\\\/bryt-tystnaden-och-fraga-hur-vi-mar\\\/#primaryimage\"},\"image\":{\"@id\":\"https:\\\/\\\/lartorget.goteborg.se\\\/gastbloggen\\\/2019\\\/06\\\/11\\\/bryt-tystnaden-och-fraga-hur-vi-mar\\\/#primaryimage\"},\"thumbnailUrl\":\"https:\\\/\\\/lartorget.goteborg.se\\\/gastbloggen\\\/wp-content\\\/uploads\\\/sites\\\/18\\\/2019\\\/06\\\/5201388.jpg\",\"datePublished\":\"2019-06-11T09:50:14+00:00\",\"author\":{\"@id\":\"https:\\\/\\\/lartorget.goteborg.se\\\/gastbloggen\\\/#\\\/schema\\\/person\\\/1b20527007b62a160a53ef1b01725eca\"},\"breadcrumb\":{\"@id\":\"https:\\\/\\\/lartorget.goteborg.se\\\/gastbloggen\\\/2019\\\/06\\\/11\\\/bryt-tystnaden-och-fraga-hur-vi-mar\\\/#breadcrumb\"},\"inLanguage\":\"sv-SE\",\"potentialAction\":[{\"@type\":\"ReadAction\",\"target\":[\"https:\\\/\\\/lartorget.goteborg.se\\\/gastbloggen\\\/2019\\\/06\\\/11\\\/bryt-tystnaden-och-fraga-hur-vi-mar\\\/\"]}]},{\"@type\":\"ImageObject\",\"inLanguage\":\"sv-SE\",\"@id\":\"https:\\\/\\\/lartorget.goteborg.se\\\/gastbloggen\\\/2019\\\/06\\\/11\\\/bryt-tystnaden-och-fraga-hur-vi-mar\\\/#primaryimage\",\"url\":\"https:\\\/\\\/lartorget.goteborg.se\\\/gastbloggen\\\/wp-content\\\/uploads\\\/sites\\\/18\\\/2019\\\/06\\\/5201388.jpg\",\"contentUrl\":\"https:\\\/\\\/lartorget.goteborg.se\\\/gastbloggen\\\/wp-content\\\/uploads\\\/sites\\\/18\\\/2019\\\/06\\\/5201388.jpg\",\"width\":2048,\"height\":1536,\"caption\":\"Foto: Karl Johan Sundkvist Nilunger\"},{\"@type\":\"BreadcrumbList\",\"@id\":\"https:\\\/\\\/lartorget.goteborg.se\\\/gastbloggen\\\/2019\\\/06\\\/11\\\/bryt-tystnaden-och-fraga-hur-vi-mar\\\/#breadcrumb\",\"itemListElement\":[{\"@type\":\"ListItem\",\"position\":1,\"name\":\"Home\",\"item\":\"https:\\\/\\\/lartorget.goteborg.se\\\/gastbloggen\\\/\"},{\"@type\":\"ListItem\",\"position\":2,\"name\":\"Bryt tystnaden och fr\u00e5ga hur vi m\u00e5r\"}]},{\"@type\":\"WebSite\",\"@id\":\"https:\\\/\\\/lartorget.goteborg.se\\\/gastbloggen\\\/#website\",\"url\":\"https:\\\/\\\/lartorget.goteborg.se\\\/gastbloggen\\\/\",\"name\":\"G\u00e4stbloggen\",\"description\":\"En till Pedagogen Gbg-webbplatser webbplats\",\"potentialAction\":[{\"@type\":\"SearchAction\",\"target\":{\"@type\":\"EntryPoint\",\"urlTemplate\":\"https:\\\/\\\/lartorget.goteborg.se\\\/gastbloggen\\\/?s={search_term_string}\"},\"query-input\":{\"@type\":\"PropertyValueSpecification\",\"valueRequired\":true,\"valueName\":\"search_term_string\"}}],\"inLanguage\":\"sv-SE\"},{\"@type\":\"Person\",\"@id\":\"https:\\\/\\\/lartorget.goteborg.se\\\/gastbloggen\\\/#\\\/schema\\\/person\\\/1b20527007b62a160a53ef1b01725eca\",\"name\":\"Paula Aijmer\",\"image\":{\"@type\":\"ImageObject\",\"inLanguage\":\"sv-SE\",\"@id\":\"\\\/\\\/lartorget.goteborg.se\\\/gastbloggen\\\/wp-content\\\/uploads\\\/sites\\\/18\\\/2019\\\/06\\\/paula-aijmer-1-150x150.jpg08e69a73e1f7fd620b5156820a9922e1\",\"url\":\"\\\/\\\/lartorget.goteborg.se\\\/gastbloggen\\\/wp-content\\\/uploads\\\/sites\\\/18\\\/2019\\\/06\\\/paula-aijmer-1-150x150.jpg\",\"contentUrl\":\"\\\/\\\/lartorget.goteborg.se\\\/gastbloggen\\\/wp-content\\\/uploads\\\/sites\\\/18\\\/2019\\\/06\\\/paula-aijmer-1-150x150.jpg\",\"caption\":\"Paula Aijmer\"},\"description\":\"Planeringsledare Avdelning kommunikation, Ungdomsfullm\u00e4ktige\",\"url\":\"https:\\\/\\\/lartorget.goteborg.se\\\/gastbloggen\\\/author\\\/paulaaijmer\\\/\"}]}<\/script>\n<!-- \/ Yoast SEO plugin. -->","yoast_head_json":{"title":"Bryt tystnaden och fr\u00e5ga hur vi m\u00e5r - G\u00e4stbloggen","robots":{"index":"index","follow":"follow","max-snippet":"max-snippet:-1","max-image-preview":"max-image-preview:large","max-video-preview":"max-video-preview:-1"},"canonical":"https:\/\/lartorget.goteborg.se\/gastbloggen\/2019\/06\/11\/bryt-tystnaden-och-fraga-hur-vi-mar\/","og_locale":"sv_SE","og_type":"article","og_title":"Bryt tystnaden och fr\u00e5ga hur vi m\u00e5r - G\u00e4stbloggen","og_description":"Ungas psykiska h\u00e4lsa \u00e4r ett problem med m\u00e5nga fr\u00e5gor och f\u00e5 klara svar. Nyss anordnade d\u00e4rf\u00f6r vi i G\u00f6teborgs Ungdomsfullm\u00e4ktige konferensen HELT GALET. Vi gjorde det f\u00f6r att lyfta ungas psykiska h\u00e4lsa, bryta tystnaden och inspirera till samtal i klasser, mellan unga, organisationer, n\u00e4mnder och hos stadens makthavare. Vi m\u00e5ste bli b\u00e4ttre p\u00e5 att l\u00f6sa problemen tillsammans.","og_url":"https:\/\/lartorget.goteborg.se\/gastbloggen\/2019\/06\/11\/bryt-tystnaden-och-fraga-hur-vi-mar\/","og_site_name":"G\u00e4stbloggen","article_published_time":"2019-06-11T09:50:14+00:00","og_image":[{"width":2048,"height":1536,"url":"https:\/\/lartorget.goteborg.se\/gastbloggen\/wp-content\/uploads\/sites\/18\/2019\/06\/5201388.jpg","type":"image\/jpeg"}],"author":"Paula Aijmer","twitter_card":"summary_large_image","twitter_misc":{"Skriven av":"Paula Aijmer","Ber\u00e4knad l\u00e4stid":"3 minuter"},"schema":{"@context":"https:\/\/schema.org","@graph":[{"@type":"Article","@id":"https:\/\/lartorget.goteborg.se\/gastbloggen\/2019\/06\/11\/bryt-tystnaden-och-fraga-hur-vi-mar\/#article","isPartOf":{"@id":"https:\/\/lartorget.goteborg.se\/gastbloggen\/2019\/06\/11\/bryt-tystnaden-och-fraga-hur-vi-mar\/"},"author":{"name":"Paula Aijmer","@id":"https:\/\/lartorget.goteborg.se\/gastbloggen\/#\/schema\/person\/1b20527007b62a160a53ef1b01725eca"},"headline":"Bryt tystnaden och fr\u00e5ga hur vi m\u00e5r","datePublished":"2019-06-11T09:50:14+00:00","mainEntityOfPage":{"@id":"https:\/\/lartorget.goteborg.se\/gastbloggen\/2019\/06\/11\/bryt-tystnaden-och-fraga-hur-vi-mar\/"},"wordCount":640,"commentCount":0,"image":{"@id":"https:\/\/lartorget.goteborg.se\/gastbloggen\/2019\/06\/11\/bryt-tystnaden-och-fraga-hur-vi-mar\/#primaryimage"},"thumbnailUrl":"https:\/\/lartorget.goteborg.se\/gastbloggen\/wp-content\/uploads\/sites\/18\/2019\/06\/5201388.jpg","articleSection":["Anpassad grundskola","Anpassad gymnasieskola","Barn- och elevh\u00e4lsa","Blandat","Fritidshem","Grundskola","Grundskola 1-3","Grundskola 4-6","Grundskola 7-9","Gymnasium"],"inLanguage":"sv-SE","potentialAction":[{"@type":"CommentAction","name":"Comment","target":["https:\/\/lartorget.goteborg.se\/gastbloggen\/2019\/06\/11\/bryt-tystnaden-och-fraga-hur-vi-mar\/#respond"]}]},{"@type":"WebPage","@id":"https:\/\/lartorget.goteborg.se\/gastbloggen\/2019\/06\/11\/bryt-tystnaden-och-fraga-hur-vi-mar\/","url":"https:\/\/lartorget.goteborg.se\/gastbloggen\/2019\/06\/11\/bryt-tystnaden-och-fraga-hur-vi-mar\/","name":"Bryt tystnaden och fr\u00e5ga hur vi m\u00e5r - G\u00e4stbloggen","isPartOf":{"@id":"https:\/\/lartorget.goteborg.se\/gastbloggen\/#website"},"primaryImageOfPage":{"@id":"https:\/\/lartorget.goteborg.se\/gastbloggen\/2019\/06\/11\/bryt-tystnaden-och-fraga-hur-vi-mar\/#primaryimage"},"image":{"@id":"https:\/\/lartorget.goteborg.se\/gastbloggen\/2019\/06\/11\/bryt-tystnaden-och-fraga-hur-vi-mar\/#primaryimage"},"thumbnailUrl":"https:\/\/lartorget.goteborg.se\/gastbloggen\/wp-content\/uploads\/sites\/18\/2019\/06\/5201388.jpg","datePublished":"2019-06-11T09:50:14+00:00","author":{"@id":"https:\/\/lartorget.goteborg.se\/gastbloggen\/#\/schema\/person\/1b20527007b62a160a53ef1b01725eca"},"breadcrumb":{"@id":"https:\/\/lartorget.goteborg.se\/gastbloggen\/2019\/06\/11\/bryt-tystnaden-och-fraga-hur-vi-mar\/#breadcrumb"},"inLanguage":"sv-SE","potentialAction":[{"@type":"ReadAction","target":["https:\/\/lartorget.goteborg.se\/gastbloggen\/2019\/06\/11\/bryt-tystnaden-och-fraga-hur-vi-mar\/"]}]},{"@type":"ImageObject","inLanguage":"sv-SE","@id":"https:\/\/lartorget.goteborg.se\/gastbloggen\/2019\/06\/11\/bryt-tystnaden-och-fraga-hur-vi-mar\/#primaryimage","url":"https:\/\/lartorget.goteborg.se\/gastbloggen\/wp-content\/uploads\/sites\/18\/2019\/06\/5201388.jpg","contentUrl":"https:\/\/lartorget.goteborg.se\/gastbloggen\/wp-content\/uploads\/sites\/18\/2019\/06\/5201388.jpg","width":2048,"height":1536,"caption":"Foto: Karl Johan Sundkvist Nilunger"},{"@type":"BreadcrumbList","@id":"https:\/\/lartorget.goteborg.se\/gastbloggen\/2019\/06\/11\/bryt-tystnaden-och-fraga-hur-vi-mar\/#breadcrumb","itemListElement":[{"@type":"ListItem","position":1,"name":"Home","item":"https:\/\/lartorget.goteborg.se\/gastbloggen\/"},{"@type":"ListItem","position":2,"name":"Bryt tystnaden och fr\u00e5ga hur vi m\u00e5r"}]},{"@type":"WebSite","@id":"https:\/\/lartorget.goteborg.se\/gastbloggen\/#website","url":"https:\/\/lartorget.goteborg.se\/gastbloggen\/","name":"G\u00e4stbloggen","description":"En till Pedagogen Gbg-webbplatser webbplats","potentialAction":[{"@type":"SearchAction","target":{"@type":"EntryPoint","urlTemplate":"https:\/\/lartorget.goteborg.se\/gastbloggen\/?s={search_term_string}"},"query-input":{"@type":"PropertyValueSpecification","valueRequired":true,"valueName":"search_term_string"}}],"inLanguage":"sv-SE"},{"@type":"Person","@id":"https:\/\/lartorget.goteborg.se\/gastbloggen\/#\/schema\/person\/1b20527007b62a160a53ef1b01725eca","name":"Paula Aijmer","image":{"@type":"ImageObject","inLanguage":"sv-SE","@id":"\/\/lartorget.goteborg.se\/gastbloggen\/wp-content\/uploads\/sites\/18\/2019\/06\/paula-aijmer-1-150x150.jpg08e69a73e1f7fd620b5156820a9922e1","url":"\/\/lartorget.goteborg.se\/gastbloggen\/wp-content\/uploads\/sites\/18\/2019\/06\/paula-aijmer-1-150x150.jpg","contentUrl":"\/\/lartorget.goteborg.se\/gastbloggen\/wp-content\/uploads\/sites\/18\/2019\/06\/paula-aijmer-1-150x150.jpg","caption":"Paula Aijmer"},"description":"Planeringsledare Avdelning kommunikation, Ungdomsfullm\u00e4ktige","url":"https:\/\/lartorget.goteborg.se\/gastbloggen\/author\/paulaaijmer\/"}]}},"_links":{"self":[{"href":"https:\/\/lartorget.goteborg.se\/gastbloggen\/wp-json\/wp\/v2\/posts\/270","targetHints":{"allow":["GET"]}}],"collection":[{"href":"https:\/\/lartorget.goteborg.se\/gastbloggen\/wp-json\/wp\/v2\/posts"}],"about":[{"href":"https:\/\/lartorget.goteborg.se\/gastbloggen\/wp-json\/wp\/v2\/types\/post"}],"author":[{"embeddable":true,"href":"https:\/\/lartorget.goteborg.se\/gastbloggen\/wp-json\/wp\/v2\/users\/156"}],"replies":[{"embeddable":true,"href":"https:\/\/lartorget.goteborg.se\/gastbloggen\/wp-json\/wp\/v2\/comments?post=270"}],"version-history":[{"count":4,"href":"https:\/\/lartorget.goteborg.se\/gastbloggen\/wp-json\/wp\/v2\/posts\/270\/revisions"}],"predecessor-version":[{"id":275,"href":"https:\/\/lartorget.goteborg.se\/gastbloggen\/wp-json\/wp\/v2\/posts\/270\/revisions\/275"}],"wp:featuredmedia":[{"embeddable":true,"href":"https:\/\/lartorget.goteborg.se\/gastbloggen\/wp-json\/wp\/v2\/media\/272"}],"wp:attachment":[{"href":"https:\/\/lartorget.goteborg.se\/gastbloggen\/wp-json\/wp\/v2\/media?parent=270"}],"wp:term":[{"taxonomy":"category","embeddable":true,"href":"https:\/\/lartorget.goteborg.se\/gastbloggen\/wp-json\/wp\/v2\/categories?post=270"},{"taxonomy":"author","embeddable":true,"href":"https:\/\/lartorget.goteborg.se\/gastbloggen\/wp-json\/wp\/v2\/coauthors?post=270"}],"curies":[{"name":"wp","href":"https:\/\/api.w.org\/{rel}","templated":true}]}}